{"id":11701,"date":"2019-10-25T13:00:27","date_gmt":"2019-10-25T13:00:27","guid":{"rendered":"https:\/\/www.vsacomunicacion.com\/rotulo-luminoso-caser-en-valencia\/"},"modified":"2019-10-25T13:00:27","modified_gmt":"2019-10-25T13:00:27","slug":"rotulo-luminoso-caser-en-valencia","status":"publish","type":"post","link":"https:\/\/www.vsacomunicacion.com\/en\/rotulo-luminoso-caser-en-valencia\/","title":{"rendered":"R\u00f3tulo luminoso CASER en Valencia"},"content":{"rendered":"<p style=\"text-align: justify;\">Desde <strong>VSA COMUNICACION<\/strong> os presentamos el nuevo r\u00f3tulo luminoso del grupo asegurador <strong>CASER<\/strong>, reforzando su imagen y marca con uno de los soportes de publicidad exterior con m\u00e1s tradici\u00f3n y prestigio.<\/p>\n<p style=\"text-align: justify;\">En esta ocasi\u00f3n CASER\u00a0ha querido reforzar su presencia en la ciudad de Valencia\u00a0eligiendo\u00a0el emplazamiento ubicado en la Avda. San Jos\u00e9 de Calasanz, una de las v\u00edas m\u00e1s importantes de la ciudad, de mayor tr\u00e1fico rodado y de gran visibilidad\u00a0desde\u00a0larga distancia.<\/p>\n<p><a href=\"https:\/\/www.vsacomunicacion.com\/wp-content\/uploads\/2019\/11\/rotulo-luminoso-valencia-san-jose-de-calasanz-noche-seguros-caser-vsa-comunicacion.jpg\" rel=\"attachment wp-att-5161\"><img fetchpriority=\"high\" decoding=\"async\" class=\"aligncenter size-full wp-image-5161\" src=\"https:\/\/www.vsacomunicacion.com\/wp-content\/uploads\/2019\/11\/rotulo-luminoso-valencia-san-jose-de-calasanz-noche-seguros-caser-vsa-comunicacion.jpg\" alt=\"rotulo-luminoso-valencia-san-jose-de-calasanz-noche-seguros-caser-vsa-comunicacion\" width=\"884\" height=\"626\" srcset=\"https:\/\/www.vsacomunicacion.com\/wp-content\/uploads\/2019\/11\/rotulo-luminoso-valencia-san-jose-de-calasanz-noche-seguros-caser-vsa-comunicacion.jpg 884w, https:\/\/www.vsacomunicacion.com\/wp-content\/uploads\/2019\/11\/rotulo-luminoso-valencia-san-jose-de-calasanz-noche-seguros-caser-vsa-comunicacion-300x212.jpg 300w, https:\/\/www.vsacomunicacion.com\/wp-content\/uploads\/2019\/11\/rotulo-luminoso-valencia-san-jose-de-calasanz-noche-seguros-caser-vsa-comunicacion-768x544.jpg 768w\" sizes=\"(max-width: 884px) 100vw, 884px\" \/><\/a><\/p>\n<p style=\"text-align: justify;\">El grupo asegurador<strong> CASER\u00a0<\/strong>naci\u00f3 en 1942 con el prop\u00f3sito de ofrecer un producto de valor y un excelente servicio.\u00a075 a\u00f1os despu\u00e9s mantienen ese mismo prop\u00f3sito, dando cobertura a particulares, aut\u00f3nomos y empresas, convirti\u00e9ndose en un grupo asegurador multirramo y especialista en servicio.<\/p>\n<p style=\"text-align: justify;\">Procuran conocer en detalle las necesidades de\u00a0sus clientes y abordarlas con seguros innovadores. Para ello\u00a0cuentan con un gran equipo de personas, adem\u00e1s de la colaboraci\u00f3n y el apoyo de las redes de distribuci\u00f3n especializadas.<\/p>\n<p><a href=\"https:\/\/www.vsacomunicacion.com\/wp-content\/uploads\/2019\/11\/rotulo-luminoso-valencia-san-jose-de-calasanz-dia-seguros-caser-vsa-comunicacion.jpg\" rel=\"attachment wp-att-5162\"><img decoding=\"async\" class=\"aligncenter size-full wp-image-5162\" src=\"https:\/\/www.vsacomunicacion.com\/wp-content\/uploads\/2019\/11\/rotulo-luminoso-valencia-san-jose-de-calasanz-dia-seguros-caser-vsa-comunicacion.jpg\" alt=\"rotulo-luminoso-valencia-san-jose-de-calasanz-dia-seguros-caser-vsa-comunicacion\" width=\"884\" height=\"626\" srcset=\"https:\/\/www.vsacomunicacion.com\/wp-content\/uploads\/2019\/11\/rotulo-luminoso-valencia-san-jose-de-calasanz-dia-seguros-caser-vsa-comunicacion.jpg 884w, https:\/\/www.vsacomunicacion.com\/wp-content\/uploads\/2019\/11\/rotulo-luminoso-valencia-san-jose-de-calasanz-dia-seguros-caser-vsa-comunicacion-300x212.jpg 300w, https:\/\/www.vsacomunicacion.com\/wp-content\/uploads\/2019\/11\/rotulo-luminoso-valencia-san-jose-de-calasanz-dia-seguros-caser-vsa-comunicacion-768x544.jpg 768w\" sizes=\"(max-width: 884px) 100vw, 884px\" \/><\/a><\/p>\n<p style=\"text-align: justify;\">CASER\u00a0no es un s\u00f3lo un grupo asegurador, sino que se comprometen con las personas, su salud y su bienestar.<\/p>\n<p style=\"text-align: justify;\">Tras analizar c\u00f3mo pod\u00eda implicarse y participar en la sociedad m\u00e1s all\u00e1 de su negocio, <strong>CASER<\/strong> fund\u00f3 el a\u00f1o 2009 la <a href=\"https:\/\/www.fundacioncaser.org\/\" target=\"_blank\" rel=\"noopener\">Fundaci\u00f3n Caser<\/a>, centrada los primeros a\u00f1os en la Dependencia de las personas hasta intensificar significativamente su actividad los \u00faltimos a\u00f1os evolucionando y ampliando sus iniciativas en acciones de promoci\u00f3n de la salud y bienestar social de la poblaci\u00f3n, siendo conscientes de las perspectivas de envejecimiento y la importancia que la prevenci\u00f3n y el fomento de h\u00e1bitos de vida saludable impactan tan positivamente\u00a0en \u00e9l.<\/p>\n<p><em>CASER, comprometidos con las personas!!<\/em><\/p>\n","protected":false},"excerpt":{"rendered":"<p>Desde VSA COMUNICACION os presentamos el nuevo r\u00f3tulo luminoso del grupo asegurador CASER, reforzando su imagen y marca con uno de los soportes de publicidad exterior con m\u00e1s tradici\u00f3n y prestigio. En esta ocasi\u00f3n CASER\u00a0ha querido reforzar su presencia en [&hellip;]<\/p>\n","protected":false},"author":3,"featured_media":7893,"comment_status":"open","ping_status":"open","sticky":false,"template":"","format":"standard","meta":{"inline_featured_image":false,"footnotes":""},"categories":[1550,1640],"tags":[1704,1664,1791,1792,1705,1706,1701,1793,1693,1694,1565,1585,1599,1586,1776,1794,1671,1645],"class_list":["post-11701","post","type-post","status-publish","format-standard","has-post-thumbnail","hentry","category-rotulos-luminosos-en","category-valencia-en","tag-alto-prestigio-publicitario-en","tag-campana-publicitaria-en","tag-caser-en","tag-caser-seguros-en","tag-centro-ciudad-en","tag-emplazamiento-premium-en","tag-espectacular-en","tag-fundacion-caser-en","tag-gran-formato-en","tag-gran-notoriedad-en","tag-publicidad-ciudades-en","tag-publicidad-exterior-en","tag-publicidad-gran-formato-en","tag-publicidad-urbana-en","tag-rotulos-luminosos-2-en","tag-rotulos-luminosos-valencia-en","tag-trafico-rodado-en","tag-valencia-en"],"_links":{"self":[{"href":"https:\/\/www.vsacomunicacion.com\/en\/wp-json\/wp\/v2\/posts\/11701"}],"collection":[{"href":"https:\/\/www.vsacomunicacion.com\/en\/wp-json\/wp\/v2\/posts"}],"about":[{"href":"https:\/\/www.vsacomunicacion.com\/en\/wp-json\/wp\/v2\/types\/post"}],"author":[{"embeddable":true,"href":"https:\/\/www.vsacomunicacion.com\/en\/wp-json\/wp\/v2\/users\/3"}],"replies":[{"embeddable":true,"href":"https:\/\/www.vsacomunicacion.com\/en\/wp-json\/wp\/v2\/comments?post=11701"}],"version-history":[{"count":0,"href":"https:\/\/www.vsacomunicacion.com\/en\/wp-json\/wp\/v2\/posts\/11701\/revisions"}],"wp:featuredmedia":[{"embeddable":true,"href":"https:\/\/www.vsacomunicacion.com\/en\/wp-json\/wp\/v2\/media\/7893"}],"wp:attachment":[{"href":"https:\/\/www.vsacomunicacion.com\/en\/wp-json\/wp\/v2\/media?parent=11701"}],"wp:term":[{"taxonomy":"category","embeddable":true,"href":"https:\/\/www.vsacomunicacion.com\/en\/wp-json\/wp\/v2\/categories?post=11701"},{"taxonomy":"post_tag","embeddable":true,"href":"https:\/\/www.vsacomunicacion.com\/en\/wp-json\/wp\/v2\/tags?post=11701"}],"curies":[{"name":"wp","href":"https:\/\/api.w.org\/{rel}","templated":true}]}}