{"id":11702,"date":"2019-10-23T01:52:55","date_gmt":"2019-10-23T01:52:55","guid":{"rendered":"https:\/\/www.vsacomunicacion.com\/lona-publicitaria-de-la-copa-davis-en-madrid\/"},"modified":"2019-10-23T01:52:55","modified_gmt":"2019-10-23T01:52:55","slug":"lona-publicitaria-de-la-copa-davis-en-madrid","status":"publish","type":"post","link":"https:\/\/www.vsacomunicacion.com\/en\/lona-publicitaria-de-la-copa-davis-en-madrid\/","title":{"rendered":"Lona Publicitaria de la COPA DAVIS en Madrid"},"content":{"rendered":"<p style=\"text-align: justify;\">Inauguramos el\u00a0nuevo emplazamiento de <strong>VSA COMUNICACION<\/strong>, en la c\u00e9ntrica Calle Serrano de <strong>Madrid<\/strong>, con una emotiva<strong> lona publicitaria<\/strong> con fotograf\u00edas de momentos estelares junto\u00a0algunos de los mejores tenistas de\u00a0nuestros tiempos.<\/p>\n<p style=\"text-align: justify;\">Espectacular campa\u00f1a de publicidad exterior para las Finales de Madrid de la <strong>Copa Davis<\/strong> por Rakuten del 2019, que se disputar\u00e1n del 18 al 24 de noviembre en la Caja M\u00e1gica de Madrid.<\/p>\n<p style=\"text-align: justify;\"><a href=\"https:\/\/www.vsacomunicacion.com\/wp-content\/uploads\/2019\/10\/lona-publicitaria-madrid-serrano-216-octubre-copa-davis-dia-vsa-comunicacion.jpg\" rel=\"attachment wp-att-5076\"><img fetchpriority=\"high\" decoding=\"async\" class=\"aligncenter size-full wp-image-5076\" src=\"https:\/\/www.vsacomunicacion.com\/wp-content\/uploads\/2019\/10\/lona-publicitaria-madrid-serrano-216-octubre-copa-davis-dia-vsa-comunicacion.jpg\" alt=\"lona-publicitaria-madrid-serrano-216-octubre-copa-davis-dia-vsa-comunicacion\" width=\"884\" height=\"626\" srcset=\"https:\/\/www.vsacomunicacion.com\/wp-content\/uploads\/2019\/10\/lona-publicitaria-madrid-serrano-216-octubre-copa-davis-dia-vsa-comunicacion.jpg 884w, https:\/\/www.vsacomunicacion.com\/wp-content\/uploads\/2019\/10\/lona-publicitaria-madrid-serrano-216-octubre-copa-davis-dia-vsa-comunicacion-300x212.jpg 300w, https:\/\/www.vsacomunicacion.com\/wp-content\/uploads\/2019\/10\/lona-publicitaria-madrid-serrano-216-octubre-copa-davis-dia-vsa-comunicacion-768x544.jpg 768w\" sizes=\"(max-width: 884px) 100vw, 884px\" \/><\/a><\/p>\n<p style=\"text-align: justify;\">Durante una semana los 18 mejores pa\u00edses del mundo competir\u00e1n por primera vez durante una semana con el objetivo de alzar la <strong>DAVIS CUP<\/strong>\u00a0y convertirse en campeones del mundo.<\/p>\n<p style=\"text-align: justify;\" data-v-5b9c43b8=\"\">Los equipos est\u00e1n divididos en 6 grupos de 3 naciones cada uno, y disputar\u00e1n una primera fase de grupos. Los primeros de cada grupo y los dos mejores segundos se clasificar\u00e1n para los cuartos de final. Cada cruce entre equipos constar\u00e1 de 3 partidos: 2 individuales y 1 dobles.<\/p>\n<p style=\"text-align: justify;\" data-v-5b9c43b8=\"\"><a href=\"https:\/\/www.vsacomunicacion.com\/wp-content\/uploads\/2019\/10\/lona-publicitaria-madrid-serrano-216-octubre-copa-davis-noche-vsa-comunicacion.jpg\" rel=\"attachment wp-att-5077\"><img decoding=\"async\" class=\"aligncenter size-full wp-image-5077\" src=\"https:\/\/www.vsacomunicacion.com\/wp-content\/uploads\/2019\/10\/lona-publicitaria-madrid-serrano-216-octubre-copa-davis-noche-vsa-comunicacion.jpg\" alt=\"lona-publicitaria-madrid-serrano-216-octubre-copa-davis-noche-vsa-comunicacion\" width=\"850\" height=\"597\" srcset=\"https:\/\/www.vsacomunicacion.com\/wp-content\/uploads\/2019\/10\/lona-publicitaria-madrid-serrano-216-octubre-copa-davis-noche-vsa-comunicacion.jpg 850w, https:\/\/www.vsacomunicacion.com\/wp-content\/uploads\/2019\/10\/lona-publicitaria-madrid-serrano-216-octubre-copa-davis-noche-vsa-comunicacion-300x211.jpg 300w, https:\/\/www.vsacomunicacion.com\/wp-content\/uploads\/2019\/10\/lona-publicitaria-madrid-serrano-216-octubre-copa-davis-noche-vsa-comunicacion-768x539.jpg 768w\" sizes=\"(max-width: 850px) 100vw, 850px\" \/><\/a><\/p>\n<p style=\"text-align: justify;\" data-v-5b9c43b8=\"\">Ven a animar\u00a0al equipo espa\u00f1ol seleccionado para la<strong> COPA DAVIS<\/strong> formado por\u00a0Rafael Nadal,\u00a0Roberto Bautista Agut,\u00a0Pablo Carre\u00f1o Busta,\u00a0Feliciano L\u00f3pez y\u00a0Marcel Granollers, y capitaneado por el gran ex-tenista Sergi Bruguera.<\/p>\n<p style=\"text-align: justify;\" data-v-5b9c43b8=\"\">Nadal, Djokovic, Murray, Medvedev, Kyrgios, Goffin, Raonic, Berrettini, Schwartzman&#8230; \u00bfCu\u00e1l es tu preferido? Todos ellos participar\u00e1n en esta espectacular competici\u00f3n. \u00bfTe lo vas a perder? Seguro que no!!!<\/p>\n<p style=\"text-align: justify;\" data-v-5b9c43b8=\"\">Entra ya en su p\u00e1gina <a href=\"https:\/\/www.daviscupfinals.com\/es\/entradas?utm_source=daviscup.com&amp;utm_medium=referral&amp;utm_campaign=20_off&amp;utm_content=home\" target=\"_blank\" rel=\"noopener\">web<\/a> y no te quedes sin tus entradas!! Es una\u00a0ocasi\u00f3n \u00fanica para los amantes del tenis y del buen deporte!!<\/p>\n","protected":false},"excerpt":{"rendered":"<p>Inauguramos el\u00a0nuevo emplazamiento de VSA COMUNICACION, en la c\u00e9ntrica Calle Serrano de Madrid, con una emotiva lona publicitaria con fotograf\u00edas de momentos estelares junto\u00a0algunos de los mejores tenistas de\u00a0nuestros tiempos. Espectacular campa\u00f1a de publicidad exterior para las Finales de Madrid [&hellip;]<\/p>\n","protected":false},"author":3,"featured_media":7871,"comment_status":"open","ping_status":"open","sticky":false,"template":"","format":"standard","meta":{"inline_featured_image":false,"footnotes":""},"categories":[1488,1489],"tags":[1704,1795,1664,1705,1789,1706,1701,1708,1693,1694,1609,1611,1499,1565,1585,1599,1586,1790,1554,1671],"class_list":["post-11702","post","type-post","status-publish","format-standard","has-post-thumbnail","hentry","category-lonas-publicitarias-en","category-madrid-en","tag-alto-prestigio-publicitario-en","tag-caja-magica-en","tag-campana-publicitaria-en","tag-centro-ciudad-en","tag-copa-davis-en","tag-emplazamiento-premium-en","tag-espectacular-en","tag-formato-espectacular-en","tag-gran-formato-en","tag-gran-notoriedad-en","tag-lonas-publicitarias-2-en","tag-lonas-publicitarias-madrid-en","tag-madrid-en","tag-publicidad-ciudades-en","tag-publicidad-exterior-en","tag-publicidad-gran-formato-en","tag-publicidad-urbana-en","tag-rakuten-en","tag-tenis-en","tag-trafico-rodado-en"],"_links":{"self":[{"href":"https:\/\/www.vsacomunicacion.com\/en\/wp-json\/wp\/v2\/posts\/11702"}],"collection":[{"href":"https:\/\/www.vsacomunicacion.com\/en\/wp-json\/wp\/v2\/posts"}],"about":[{"href":"https:\/\/www.vsacomunicacion.com\/en\/wp-json\/wp\/v2\/types\/post"}],"author":[{"embeddable":true,"href":"https:\/\/www.vsacomunicacion.com\/en\/wp-json\/wp\/v2\/users\/3"}],"replies":[{"embeddable":true,"href":"https:\/\/www.vsacomunicacion.com\/en\/wp-json\/wp\/v2\/comments?post=11702"}],"version-history":[{"count":0,"href":"https:\/\/www.vsacomunicacion.com\/en\/wp-json\/wp\/v2\/posts\/11702\/revisions"}],"wp:featuredmedia":[{"embeddable":true,"href":"https:\/\/www.vsacomunicacion.com\/en\/wp-json\/wp\/v2\/media\/7871"}],"wp:attachment":[{"href":"https:\/\/www.vsacomunicacion.com\/en\/wp-json\/wp\/v2\/media?parent=11702"}],"wp:term":[{"taxonomy":"category","embeddable":true,"href":"https:\/\/www.vsacomunicacion.com\/en\/wp-json\/wp\/v2\/categories?post=11702"},{"taxonomy":"post_tag","embeddable":true,"href":"https:\/\/www.vsacomunicacion.com\/en\/wp-json\/wp\/v2\/tags?post=11702"}],"curies":[{"name":"wp","href":"https:\/\/api.w.org\/{rel}","templated":true}]}}