{"id":11705,"date":"2019-10-03T15:31:58","date_gmt":"2019-10-03T15:31:58","guid":{"rendered":"https:\/\/www.vsacomunicacion.com\/circuito-de-pyms-el-aguila-en-madrid\/"},"modified":"2019-10-03T15:31:58","modified_gmt":"2019-10-03T15:31:58","slug":"circuito-de-pyms-el-aguila-en-madrid","status":"publish","type":"post","link":"https:\/\/www.vsacomunicacion.com\/en\/circuito-de-pyms-el-aguila-en-madrid\/","title":{"rendered":"Circuito de PYM&#8217;s EL AGUILA en Madrid"},"content":{"rendered":"<p style=\"text-align: justify;\">Vuelve Cerveza El \u00c1guila, Vuelve aquella forma de hacer las cosas, #VuelveCervezaEl\u00c1guila!!<\/p>\n<p style=\"text-align: justify;\">El \u00c1guila es una cerveza de 1900 que despierta con una receta inspirada en sus or\u00edgenes, cuando todo se hac\u00eda con mimo, con cuidado, con tiempo.<\/p>\n<p style=\"text-align: justify;\">As\u00ed es la espectacular campa\u00f1a de publicidad exterior para el relanzamiento de la Cerveza <strong>EL \u00c1GUILA<\/strong> de la mano de HEINEKEN ESPA\u00d1A, que os presentamos a trav\u00e9s del Circuito de<strong> PYM&#8217;s<\/strong> de <strong>VSA COMUNICACION<\/strong> en la ciudad de <strong>Madrid<\/strong>.<\/p>\n<p><a href=\"https:\/\/www.vsacomunicacion.com\/wp-content\/uploads\/2019\/10\/pym-madrid-ciudad-de-barcelona-81-ron-el-aguila-vsa-comunicacion.jpg\" rel=\"attachment wp-att-5143\"><img fetchpriority=\"high\" decoding=\"async\" class=\"aligncenter size-full wp-image-5143\" src=\"https:\/\/www.vsacomunicacion.com\/wp-content\/uploads\/2019\/10\/pym-madrid-ciudad-de-barcelona-81-ron-el-aguila-vsa-comunicacion.jpg\" alt=\"pym-madrid-ciudad-de-barcelona-81-ron-el-aguila-vsa-comunicacion\" width=\"884\" height=\"626\" srcset=\"https:\/\/www.vsacomunicacion.com\/wp-content\/uploads\/2019\/10\/pym-madrid-ciudad-de-barcelona-81-ron-el-aguila-vsa-comunicacion.jpg 884w, https:\/\/www.vsacomunicacion.com\/wp-content\/uploads\/2019\/10\/pym-madrid-ciudad-de-barcelona-81-ron-el-aguila-vsa-comunicacion-300x212.jpg 300w, https:\/\/www.vsacomunicacion.com\/wp-content\/uploads\/2019\/10\/pym-madrid-ciudad-de-barcelona-81-ron-el-aguila-vsa-comunicacion-768x544.jpg 768w\" sizes=\"(max-width: 884px) 100vw, 884px\" \/><\/a><\/p>\n<p style=\"text-align: justify;\">EL \u00c1GUILA lleg\u00f3 a convertirse en una de las cervezas m\u00e1s queridas de nuestro pa\u00eds. Hoy, El \u00c1guila\u00a0vuelve mirando\u00a0al futuro, saboreando con orgullo la fuerza de la creatividad del siglo que la vio nacer.<\/p>\n<p style=\"text-align: justify;\">Descubrir\u00e1s en cada trago de <strong>EL \u00c1GUILA<\/strong> la intensidad de la malta caramelizada junto\u00a0a la frescura de su mezcla de l\u00fapulos en sus dos variedades: El \u00c1guila Lager Especial y El \u00c1guila Especial Sin Filtrar, una cerveza que recupera los m\u00e9todos m\u00e1s tradicionales de elaboraci\u00f3n de cerveza.<\/p>\n<p style=\"text-align: justify;\"><a href=\"https:\/\/www.vsacomunicacion.com\/wp-content\/uploads\/2019\/10\/pym-madrid-acacias-8-el-aguila-vsa-comunicacion.jpg\" rel=\"attachment wp-att-5145\"><img decoding=\"async\" class=\"aligncenter size-full wp-image-5145\" src=\"https:\/\/www.vsacomunicacion.com\/wp-content\/uploads\/2019\/10\/pym-madrid-acacias-8-el-aguila-vsa-comunicacion.jpg\" alt=\"pym-madrid-acacias-8-el-aguila-vsa-comunicacion\" width=\"884\" height=\"626\" srcset=\"https:\/\/www.vsacomunicacion.com\/wp-content\/uploads\/2019\/10\/pym-madrid-acacias-8-el-aguila-vsa-comunicacion.jpg 884w, https:\/\/www.vsacomunicacion.com\/wp-content\/uploads\/2019\/10\/pym-madrid-acacias-8-el-aguila-vsa-comunicacion-300x212.jpg 300w, https:\/\/www.vsacomunicacion.com\/wp-content\/uploads\/2019\/10\/pym-madrid-acacias-8-el-aguila-vsa-comunicacion-768x544.jpg 768w\" sizes=\"(max-width: 884px) 100vw, 884px\" \/><\/a><\/p>\n<p style=\"text-align: justify;\">Algo faltaba en Madrid. Algo que jam\u00e1s debi\u00f3 irse. Faltaba El \u00c1guila. Vuelve a descubrirla.<\/p>\n<p style=\"text-align: justify;\"><em>&#8220;Estamos\u00a0muy orgullosos de poder contar con una marca como\u00a0<strong>EL \u00c1GUILA <\/strong>dentro de nuestro portafolio. Nuestro objetivo es revivir el sue\u00f1o inicial de su fundador, crear una cerveza con un sabor caracter\u00edstico, que destaque respecto a todas las lagers del mercado. En un momento en el que el consumidor busca opciones diferenciadoras y de cercan\u00eda, hemos decidido relanzar esta cerveza que, inspirada en 1900, reemprende su vuelo uniendo pasado y futuro, escuchando las tendencias del siglo XXI y fusionando el esp\u00edritu de ambas \u00e9pocas. Con este lanzamiento seguimos reforzando nuestro compromiso con la innovaci\u00f3n y con escuchar y sorprender a nuestros consumidores\u201d, <\/em>declara\u00a0Marta Garc\u00eda, directora de Marketing de <strong>HEINEKEN ESPA\u00d1A<\/strong>.<\/p>\n<p>El \u00c1guila. Nacida en 1900 en el madrile\u00f1o barrio de Delicias. Renacida hoy. #VuelveCervezaEl\u00c1guila!!<\/p>\n","protected":false},"excerpt":{"rendered":"<p>Vuelve Cerveza El \u00c1guila, Vuelve aquella forma de hacer las cosas, #VuelveCervezaEl\u00c1guila!! El \u00c1guila es una cerveza de 1900 que despierta con una receta inspirada en sus or\u00edgenes, cuando todo se hac\u00eda con mimo, con cuidado, con tiempo. As\u00ed es [&hellip;]<\/p>\n","protected":false},"author":3,"featured_media":7889,"comment_status":"open","ping_status":"open","sticky":false,"template":"","format":"standard","meta":{"inline_featured_image":false,"footnotes":""},"categories":[1489,1593],"tags":[1799,1800,1801,1704,1664,1705,1802,1781,1693,1694,1499,1565,1585,1586,1676,1677,1671],"class_list":["post-11705","post","type-post","status-publish","format-standard","has-post-thumbnail","hentry","category-madrid-en","category-pyms-en","tag-cervezaelaguila-en","tag-heineken-en","tag-vuelvecervezaelaguila-en","tag-alto-prestigio-publicitario-en","tag-campana-publicitaria-en","tag-centro-ciudad-en","tag-cerveza-el-aguila-en","tag-circuito-urbano-en","tag-gran-formato-en","tag-gran-notoriedad-en","tag-madrid-en","tag-publicidad-ciudades-en","tag-publicidad-exterior-en","tag-publicidad-urbana-en","tag-pyms-2-en","tag-pyms-madrid-en","tag-trafico-rodado-en"],"_links":{"self":[{"href":"https:\/\/www.vsacomunicacion.com\/en\/wp-json\/wp\/v2\/posts\/11705"}],"collection":[{"href":"https:\/\/www.vsacomunicacion.com\/en\/wp-json\/wp\/v2\/posts"}],"about":[{"href":"https:\/\/www.vsacomunicacion.com\/en\/wp-json\/wp\/v2\/types\/post"}],"author":[{"embeddable":true,"href":"https:\/\/www.vsacomunicacion.com\/en\/wp-json\/wp\/v2\/users\/3"}],"replies":[{"embeddable":true,"href":"https:\/\/www.vsacomunicacion.com\/en\/wp-json\/wp\/v2\/comments?post=11705"}],"version-history":[{"count":0,"href":"https:\/\/www.vsacomunicacion.com\/en\/wp-json\/wp\/v2\/posts\/11705\/revisions"}],"wp:featuredmedia":[{"embeddable":true,"href":"https:\/\/www.vsacomunicacion.com\/en\/wp-json\/wp\/v2\/media\/7889"}],"wp:attachment":[{"href":"https:\/\/www.vsacomunicacion.com\/en\/wp-json\/wp\/v2\/media?parent=11705"}],"wp:term":[{"taxonomy":"category","embeddable":true,"href":"https:\/\/www.vsacomunicacion.com\/en\/wp-json\/wp\/v2\/categories?post=11705"},{"taxonomy":"post_tag","embeddable":true,"href":"https:\/\/www.vsacomunicacion.com\/en\/wp-json\/wp\/v2\/tags?post=11705"}],"curies":[{"name":"wp","href":"https:\/\/api.w.org\/{rel}","templated":true}]}}