{"id":11706,"date":"2019-10-01T07:29:17","date_gmt":"2019-10-01T07:29:17","guid":{"rendered":"https:\/\/www.vsacomunicacion.com\/lona-publicitaria-del-nuevo-renault-clio-en-barcelona\/"},"modified":"2019-10-01T07:29:17","modified_gmt":"2019-10-01T07:29:17","slug":"lona-publicitaria-del-nuevo-renault-clio-en-barcelona","status":"publish","type":"post","link":"https:\/\/www.vsacomunicacion.com\/en\/lona-publicitaria-del-nuevo-renault-clio-en-barcelona\/","title":{"rendered":"Lona Publicitaria del nuevo RENAULT CLIO en Barcelona"},"content":{"rendered":"<p style=\"text-align: justify;\"><strong>RENAULT<\/strong> nos presenta el nuevo modelo de <strong>CLIO<\/strong>, <em>dise\u00f1ado para vivi<\/em>r!!!<\/p>\n<p style=\"text-align: justify;\">La <strong>lona publicitaria<\/strong> de<strong> VSA COMUNICACION<\/strong> elegida por RENAULT para la campa\u00f1a de publicidad exterior del nuevo CLIO se encuentra en uno de los cruces de\u00a0mayor tr\u00e1fico rodado de<strong> Barcelona<\/strong>, Balmes con\u00a0Arag\u00f3n, en el que se concentra todo el tr\u00e1fico de norte a sur de la ciudad, y es la\u00a0v\u00eda principal para acceder a la zona del centro de la ciudad.<\/p>\n<p style=\"text-align: justify;\"><a href=\"https:\/\/www.vsacomunicacion.com\/wp-content\/uploads\/2019\/10\/lona-publicitaria-barcelona-balmes-64-renault-clio-noche-vsa-comunicacion.jpg\" rel=\"attachment wp-att-5039\"><img fetchpriority=\"high\" decoding=\"async\" class=\"aligncenter size-full wp-image-5039\" src=\"https:\/\/www.vsacomunicacion.com\/wp-content\/uploads\/2019\/10\/lona-publicitaria-barcelona-balmes-64-renault-clio-noche-vsa-comunicacion.jpg\" alt=\"lona-publicitaria-barcelona-balmes-64-renault-clio-noche-vsa-comunicacion\" width=\"884\" height=\"626\" srcset=\"https:\/\/www.vsacomunicacion.com\/wp-content\/uploads\/2019\/10\/lona-publicitaria-barcelona-balmes-64-renault-clio-noche-vsa-comunicacion.jpg 884w, https:\/\/www.vsacomunicacion.com\/wp-content\/uploads\/2019\/10\/lona-publicitaria-barcelona-balmes-64-renault-clio-noche-vsa-comunicacion-300x212.jpg 300w, https:\/\/www.vsacomunicacion.com\/wp-content\/uploads\/2019\/10\/lona-publicitaria-barcelona-balmes-64-renault-clio-noche-vsa-comunicacion-768x544.jpg 768w\" sizes=\"(max-width: 884px) 100vw, 884px\" \/><\/a><\/p>\n<div class=\"AemRTE Slice40v0__body\">\n<p style=\"text-align: justify;\">L\u00edneas sensuales, perfil din\u00e1mico, flancos esculpidos y nueva firma luminosa con luz Full LED&#8230; El estilo del nuevo RENAULT\u00a0CLIO te seducir\u00e1 a primera vista, no te podr\u00e1s resistir a su dise\u00f1o urbano y seductor.<\/p>\n<p style=\"text-align: justify;\">El ic\u00f3nico coche, ideal tanto para ciudad como para carretera, te aporta\u00a0seguridad en todo momento gracias a su sistema de frenado autom\u00e1tico de emergencia con detecci\u00f3n de peatones. El nuevo<strong> RENAULT CLIO<\/strong> integra las \u00faltimas soluciones Renault EASY DRIVE como su c\u00e1mara 360\u00ba y su Easy Park Assist.<\/p>\n<p style=\"text-align: justify;\">Sus equipamientos te facilitan la conducci\u00f3n d\u00eda a d\u00eda.<\/p>\n<p style=\"text-align: justify;\"><a href=\"https:\/\/www.vsacomunicacion.com\/wp-content\/uploads\/2019\/10\/lona-publicitaria-barcelona-balmes-64-renault-clio-dia-vsa-comunicacion.jpg\" rel=\"attachment wp-att-5041\"><img decoding=\"async\" class=\"aligncenter size-full wp-image-5041\" src=\"https:\/\/www.vsacomunicacion.com\/wp-content\/uploads\/2019\/10\/lona-publicitaria-barcelona-balmes-64-renault-clio-dia-vsa-comunicacion.jpg\" alt=\"lona-publicitaria-barcelona-balmes-64-renault-clio-dia-vsa-comunicacion\" width=\"884\" height=\"626\" srcset=\"https:\/\/www.vsacomunicacion.com\/wp-content\/uploads\/2019\/10\/lona-publicitaria-barcelona-balmes-64-renault-clio-dia-vsa-comunicacion.jpg 884w, https:\/\/www.vsacomunicacion.com\/wp-content\/uploads\/2019\/10\/lona-publicitaria-barcelona-balmes-64-renault-clio-dia-vsa-comunicacion-300x212.jpg 300w, https:\/\/www.vsacomunicacion.com\/wp-content\/uploads\/2019\/10\/lona-publicitaria-barcelona-balmes-64-renault-clio-dia-vsa-comunicacion-768x544.jpg 768w\" sizes=\"(max-width: 884px) 100vw, 884px\" \/><\/a><\/p>\n<\/div>\n<p style=\"text-align: justify;\">El nuevo<strong> RENAULT CLIO R.S. Line<\/strong> presume de una l\u00ednea deportiva exclusiva gracias a una silueta atl\u00e9tica, un cockpit high-tech, sus tecnolog\u00edas innovadoras y su conducci\u00f3n din\u00e1mica, que aportar\u00e1n deportividad a tu d\u00eda a d\u00eda.<\/p>\n<p style=\"text-align: justify;\"><em>\u00a1Sigue el ritmo con el nuevo CLIO!<\/em><\/p>\n","protected":false},"excerpt":{"rendered":"<p>RENAULT nos presenta el nuevo modelo de CLIO, dise\u00f1ado para vivir!!! La lona publicitaria de VSA COMUNICACION elegida por RENAULT para la campa\u00f1a de publicidad exterior del nuevo CLIO se encuentra en uno de los cruces de\u00a0mayor tr\u00e1fico rodado de [&hellip;]<\/p>\n","protected":false},"author":3,"featured_media":7861,"comment_status":"open","ping_status":"open","sticky":false,"template":"","format":"standard","meta":{"inline_featured_image":false,"footnotes":""},"categories":[1506,1488],"tags":[1704,1803,1736,1516,1664,1705,1706,1701,1708,1693,1694,1609,1581,1565,1585,1599,1586,1737,1784,1671],"class_list":["post-11706","post","type-post","status-publish","format-standard","has-post-thumbnail","hentry","category-barcelona-en","category-lonas-publicitarias-en","tag-alto-prestigio-publicitario-en","tag-aragon-en","tag-balmes-en","tag-barcelona-en","tag-campana-publicitaria-en","tag-centro-ciudad-en","tag-emplazamiento-premium-en","tag-espectacular-en","tag-formato-espectacular-en","tag-gran-formato-en","tag-gran-notoriedad-en","tag-lonas-publicitarias-2-en","tag-lonas-publicitarias-barcelona-en","tag-publicidad-ciudades-en","tag-publicidad-exterior-en","tag-publicidad-gran-formato-en","tag-publicidad-urbana-en","tag-renault-en","tag-renault-clio-en","tag-trafico-rodado-en"],"_links":{"self":[{"href":"https:\/\/www.vsacomunicacion.com\/en\/wp-json\/wp\/v2\/posts\/11706"}],"collection":[{"href":"https:\/\/www.vsacomunicacion.com\/en\/wp-json\/wp\/v2\/posts"}],"about":[{"href":"https:\/\/www.vsacomunicacion.com\/en\/wp-json\/wp\/v2\/types\/post"}],"author":[{"embeddable":true,"href":"https:\/\/www.vsacomunicacion.com\/en\/wp-json\/wp\/v2\/users\/3"}],"replies":[{"embeddable":true,"href":"https:\/\/www.vsacomunicacion.com\/en\/wp-json\/wp\/v2\/comments?post=11706"}],"version-history":[{"count":0,"href":"https:\/\/www.vsacomunicacion.com\/en\/wp-json\/wp\/v2\/posts\/11706\/revisions"}],"wp:featuredmedia":[{"embeddable":true,"href":"https:\/\/www.vsacomunicacion.com\/en\/wp-json\/wp\/v2\/media\/7861"}],"wp:attachment":[{"href":"https:\/\/www.vsacomunicacion.com\/en\/wp-json\/wp\/v2\/media?parent=11706"}],"wp:term":[{"taxonomy":"category","embeddable":true,"href":"https:\/\/www.vsacomunicacion.com\/en\/wp-json\/wp\/v2\/categories?post=11706"},{"taxonomy":"post_tag","embeddable":true,"href":"https:\/\/www.vsacomunicacion.com\/en\/wp-json\/wp\/v2\/tags?post=11706"}],"curies":[{"name":"wp","href":"https:\/\/api.w.org\/{rel}","templated":true}]}}