{"id":11707,"date":"2019-09-20T16:10:00","date_gmt":"2019-09-20T16:10:00","guid":{"rendered":"https:\/\/www.vsacomunicacion.com\/lona-publicitaria-de-boggi-en-barcelona\/"},"modified":"2019-09-20T16:10:00","modified_gmt":"2019-09-20T16:10:00","slug":"lona-publicitaria-de-boggi-en-barcelona","status":"publish","type":"post","link":"https:\/\/www.vsacomunicacion.com\/en\/lona-publicitaria-de-boggi-en-barcelona\/","title":{"rendered":"Lona Publicitaria de BOGGI en Barcelona"},"content":{"rendered":"<p style=\"text-align: justify;\">La firma italiana <strong>BOGGI<\/strong>, reconocida por su capacidad de transmitir la pasi\u00f3n por la elegancia italiana, nos anuncia la apertura de su primera tienda en <strong>Barcelona<\/strong> en el n\u00famero 103 del Paseo de Gracia, a trav\u00e9s de esta espectacular <strong>lona publicitaria<\/strong> de<strong> VSA COMUNICACION<\/strong> en una de las principales y m\u00e1s transitadas\u00a0v\u00edas de la ciudad condal, la Avenida Diagonal.<\/p>\n<p style=\"text-align: justify;\"><a href=\"https:\/\/www.vsacomunicacion.com\/wp-content\/uploads\/2019\/09\/lona-publicitaria-barcelona-avenida-diagonal-482-boggi-noche-vsa-comunicacion.jpg\" rel=\"attachment wp-att-5116\"><img fetchpriority=\"high\" decoding=\"async\" class=\"aligncenter size-full wp-image-5116\" src=\"https:\/\/www.vsacomunicacion.com\/wp-content\/uploads\/2019\/09\/lona-publicitaria-barcelona-avenida-diagonal-482-boggi-noche-vsa-comunicacion.jpg\" alt=\"lona-publicitaria-barcelona-avenida-diagonal-482-boggi-noche-vsa-comunicacion\" width=\"884\" height=\"626\" srcset=\"https:\/\/www.vsacomunicacion.com\/wp-content\/uploads\/2019\/09\/lona-publicitaria-barcelona-avenida-diagonal-482-boggi-noche-vsa-comunicacion.jpg 884w, https:\/\/www.vsacomunicacion.com\/wp-content\/uploads\/2019\/09\/lona-publicitaria-barcelona-avenida-diagonal-482-boggi-noche-vsa-comunicacion-300x212.jpg 300w, https:\/\/www.vsacomunicacion.com\/wp-content\/uploads\/2019\/09\/lona-publicitaria-barcelona-avenida-diagonal-482-boggi-noche-vsa-comunicacion-768x544.jpg 768w\" sizes=\"(max-width: 884px) 100vw, 884px\" \/><\/a><\/p>\n<p style=\"text-align: justify;\">\n<p class=\"text-xsmall\" style=\"text-align: justify;\">Desde que <strong>BOGGI MILANO<\/strong>\u00a0se fund\u00f3 el a\u00f1o 1993 se hizo un hueco entre las marcas preferidas por los hombres cosmopolitas de todo el mundo. Sus propuestas se adaptan a todo tipo de ocasiones, desde informales elegantes a formales desenfadadas, pasando por los eventos m\u00e1s refinados.<\/p>\n<p class=\"text-xsmall\" style=\"text-align: justify;\">Adem\u00e1s de las prendas, BOGGI MILANO ofrece una amplia gama de accesorios fabricados exclusivamente en Italia.<\/p>\n<p class=\"text-xsmall\" style=\"text-align: justify;\"><img decoding=\"async\" class=\"aligncenter size-full wp-image-5115\" src=\"https:\/\/www.vsacomunicacion.com\/wp-content\/uploads\/2019\/09\/lona-publicitaria-barcelona-avenida-diagonal-482-boggi-dia-vsa-comunicacion.jpg\" alt=\"lona-publicitaria-barcelona-avenida-diagonal-482-boggi-dia-vsa-comunicacion\" width=\"884\" height=\"626\" srcset=\"https:\/\/www.vsacomunicacion.com\/wp-content\/uploads\/2019\/09\/lona-publicitaria-barcelona-avenida-diagonal-482-boggi-dia-vsa-comunicacion.jpg 884w, https:\/\/www.vsacomunicacion.com\/wp-content\/uploads\/2019\/09\/lona-publicitaria-barcelona-avenida-diagonal-482-boggi-dia-vsa-comunicacion-300x212.jpg 300w, https:\/\/www.vsacomunicacion.com\/wp-content\/uploads\/2019\/09\/lona-publicitaria-barcelona-avenida-diagonal-482-boggi-dia-vsa-comunicacion-768x544.jpg 768w\" sizes=\"(max-width: 884px) 100vw, 884px\" \/><\/p>\n<p class=\"text-xsmall\" style=\"text-align: justify;\"><span data-sheets-userformat=\"{&quot;2&quot;:769,&quot;3&quot;:{&quot;1&quot;:0},&quot;11&quot;:4,&quot;12&quot;:0}\" data-sheets-value=\"{&quot;1&quot;:2,&quot;2&quot;:&quot;R\u00e9put\u00e9e pour sa capacit\u00e9 \u00e0 exprimer une v\u00e9ritable passion pour l'\u00e9l\u00e9gance \u00e0 l'italienne, la marque Boggi Milano a su asseoir sa position et compte parmi les plus grandes entreprises du secteur des v\u00eatements pour homme. Fond\u00e9e en 1939, l'entreprise Boggi Milano conna\u00eet un franc succ\u00e8s aupr\u00e8s des hommes cosmopolites du monde entier en proposant des produits adapt\u00e9s \u00e0 toutes les occasions, qu'elles soient casual-chic, \u00e9l\u00e9gantes ou des plus formelles. La gamme Boggi Milano se compose de v\u00eatements, mais \u00e9galement d'accessoires, tous exclusivement \u00ab Made in Italy \u00bb. &quot;}\"><strong>BOGGI MILANO<\/strong> goza de \u00e9xito internacional gracias a ciertos valores que cuida y prioriza como la atenci\u00f3n a las necesidades de sus clientes, la elegancia siempre perfectamente equilibrada que le caracteriza, su tradici\u00f3n ligada tanto a su historia como a su compromiso por un futuro, as\u00ed como por su alt\u00edsima calidad,\u00a0porque el cuidado de los detalles es uno de los rasgos distintivos de los productos de la marca.<\/span><\/p>\n<p style=\"text-align: justify;\"><em>BOGGI, pasi\u00f3n por la elegancia italiana!!<\/em><\/p>\n","protected":false},"excerpt":{"rendered":"<p>La firma italiana BOGGI, reconocida por su capacidad de transmitir la pasi\u00f3n por la elegancia italiana, nos anuncia la apertura de su primera tienda en Barcelona en el n\u00famero 103 del Paseo de Gracia, a trav\u00e9s de esta espectacular lona [&hellip;]<\/p>\n","protected":false},"author":3,"featured_media":7881,"comment_status":"open","ping_status":"open","sticky":false,"template":"","format":"standard","meta":{"inline_featured_image":false,"footnotes":""},"categories":[1506,1488],"tags":[1704,1678,1516,1804,1805,1664,1705,1706,1701,1708,1693,1694,1609,1581,1565,1585,1599,1586,1671],"class_list":["post-11707","post","type-post","status-publish","format-standard","has-post-thumbnail","hentry","category-barcelona-en","category-lonas-publicitarias-en","tag-alto-prestigio-publicitario-en","tag-avenida-diagonal-en","tag-barcelona-en","tag-boggi-en","tag-boggi-milano-en","tag-campana-publicitaria-en","tag-centro-ciudad-en","tag-emplazamiento-premium-en","tag-espectacular-en","tag-formato-espectacular-en","tag-gran-formato-en","tag-gran-notoriedad-en","tag-lonas-publicitarias-2-en","tag-lonas-publicitarias-barcelona-en","tag-publicidad-ciudades-en","tag-publicidad-exterior-en","tag-publicidad-gran-formato-en","tag-publicidad-urbana-en","tag-trafico-rodado-en"],"_links":{"self":[{"href":"https:\/\/www.vsacomunicacion.com\/en\/wp-json\/wp\/v2\/posts\/11707"}],"collection":[{"href":"https:\/\/www.vsacomunicacion.com\/en\/wp-json\/wp\/v2\/posts"}],"about":[{"href":"https:\/\/www.vsacomunicacion.com\/en\/wp-json\/wp\/v2\/types\/post"}],"author":[{"embeddable":true,"href":"https:\/\/www.vsacomunicacion.com\/en\/wp-json\/wp\/v2\/users\/3"}],"replies":[{"embeddable":true,"href":"https:\/\/www.vsacomunicacion.com\/en\/wp-json\/wp\/v2\/comments?post=11707"}],"version-history":[{"count":0,"href":"https:\/\/www.vsacomunicacion.com\/en\/wp-json\/wp\/v2\/posts\/11707\/revisions"}],"wp:featuredmedia":[{"embeddable":true,"href":"https:\/\/www.vsacomunicacion.com\/en\/wp-json\/wp\/v2\/media\/7881"}],"wp:attachment":[{"href":"https:\/\/www.vsacomunicacion.com\/en\/wp-json\/wp\/v2\/media?parent=11707"}],"wp:term":[{"taxonomy":"category","embeddable":true,"href":"https:\/\/www.vsacomunicacion.com\/en\/wp-json\/wp\/v2\/categories?post=11707"},{"taxonomy":"post_tag","embeddable":true,"href":"https:\/\/www.vsacomunicacion.com\/en\/wp-json\/wp\/v2\/tags?post=11707"}],"curies":[{"name":"wp","href":"https:\/\/api.w.org\/{rel}","templated":true}]}}