{"id":11710,"date":"2019-09-01T14:58:39","date_gmt":"2019-09-01T14:58:39","guid":{"rendered":"https:\/\/www.vsacomunicacion.com\/lona-publicitaria-de-mango-en-el-paseo-de-gracia-de-barcelona\/"},"modified":"2019-09-01T14:58:39","modified_gmt":"2019-09-01T14:58:39","slug":"lona-publicitaria-de-mango-en-el-paseo-de-gracia-de-barcelona","status":"publish","type":"post","link":"https:\/\/www.vsacomunicacion.com\/en\/lona-publicitaria-de-mango-en-el-paseo-de-gracia-de-barcelona\/","title":{"rendered":"Lona Publicitaria de MANGO en el Paseo de Gracia de Barcelona"},"content":{"rendered":"<p style=\"text-align: justify;\"><strong>MANGO<\/strong> ha elegido el nuevo emplazamiento Premium de <strong>VSA COMUNICACION<\/strong> en Barcelona para presentarnos <strong>&#8220;Shared Moments&#8221;<\/strong> su nueva campa\u00f1a Oto\u00f1o-Invierno 2019, en la que refleja el car\u00e1cter \u00edntimo de los instantes compartidos.<\/p>\n<p style=\"text-align: justify;\">Como ver\u00e9is se trata de una\u00a0excepcional lona publicitaria, de gran formato y\u00a0con una excelente ubicaci\u00f3n. Adem\u00e1s de una impecable creatividad elegida por MANGO ideal para\u00a0el formato en el medio exterior.<\/p>\n<p style=\"text-align: justify;\"><a href=\"https:\/\/www.vsacomunicacion.com\/wp-content\/uploads\/2019\/09\/lona-publicitaria-barcelona-paseo-de-gracia-54-mango-noche-vsa-comunicacion.jpg\" rel=\"attachment wp-att-5072\"><img fetchpriority=\"high\" decoding=\"async\" class=\"aligncenter size-full wp-image-5072\" src=\"https:\/\/www.vsacomunicacion.com\/wp-content\/uploads\/2019\/09\/lona-publicitaria-barcelona-paseo-de-gracia-54-mango-noche-vsa-comunicacion.jpg\" alt=\"lona-publicitaria-barcelona-paseo-de-gracia-54-mango-noche-vsa-comunicacion\" width=\"884\" height=\"626\" srcset=\"https:\/\/www.vsacomunicacion.com\/wp-content\/uploads\/2019\/09\/lona-publicitaria-barcelona-paseo-de-gracia-54-mango-noche-vsa-comunicacion.jpg 884w, https:\/\/www.vsacomunicacion.com\/wp-content\/uploads\/2019\/09\/lona-publicitaria-barcelona-paseo-de-gracia-54-mango-noche-vsa-comunicacion-300x212.jpg 300w, https:\/\/www.vsacomunicacion.com\/wp-content\/uploads\/2019\/09\/lona-publicitaria-barcelona-paseo-de-gracia-54-mango-noche-vsa-comunicacion-768x544.jpg 768w\" sizes=\"(max-width: 884px) 100vw, 884px\" \/><\/a><\/p>\n<p style=\"text-align: justify;\">El nuevo empazamiento Premium de<strong> VSA COMUNICACION<\/strong> se encuentra en el prestigioso y c\u00e9ntrico paseo de Gracia de Barcelona. La\u00a0avenida comercial\u00a0m\u00e1s <em>chic<\/em> de la ciudad, destacada\u00a0zona\u00a0tambi\u00e9n por ser uno de los principales centros de negocios as\u00ed como el mejor escaparate de las joyas arquitect\u00f3nicas modernistas de la ciudad condal.<\/p>\n<p style=\"text-align: justify;\">M\u00e1s de 1.500 m\u00b2 de lona publicitaria en el centro de la\u00a0zona m\u00e1s prestigiosa y con m\u00e1s glamour de Barcelona.<\/p>\n<p style=\"text-align: justify;\"><a href=\"https:\/\/www.vsacomunicacion.com\/wp-content\/uploads\/2019\/09\/lona-publicitaria-barcelona-paseo-de-gracia-54-mango-dia-vsa-comunicacion.jpg\" rel=\"attachment wp-att-5073\"><img decoding=\"async\" class=\"aligncenter size-full wp-image-5073\" src=\"https:\/\/www.vsacomunicacion.com\/wp-content\/uploads\/2019\/09\/lona-publicitaria-barcelona-paseo-de-gracia-54-mango-dia-vsa-comunicacion.jpg\" alt=\"lona-publicitaria-barcelona-paseo-de-gracia-54-mango-dia-vsa-comunicacion\" width=\"884\" height=\"626\" srcset=\"https:\/\/www.vsacomunicacion.com\/wp-content\/uploads\/2019\/09\/lona-publicitaria-barcelona-paseo-de-gracia-54-mango-dia-vsa-comunicacion.jpg 884w, https:\/\/www.vsacomunicacion.com\/wp-content\/uploads\/2019\/09\/lona-publicitaria-barcelona-paseo-de-gracia-54-mango-dia-vsa-comunicacion-300x212.jpg 300w, https:\/\/www.vsacomunicacion.com\/wp-content\/uploads\/2019\/09\/lona-publicitaria-barcelona-paseo-de-gracia-54-mango-dia-vsa-comunicacion-768x544.jpg 768w\" sizes=\"(max-width: 884px) 100vw, 884px\" \/><\/a><\/p>\n<p style=\"text-align: justify;\">Desconecta para conectarte de nuevo junto a <strong>MANGO<\/strong> y su colecci\u00f3n <strong>&#8220;Shared Moments&#8221;<\/strong>!!<\/p>\n<p style=\"text-align: justify;\">Cuando la agitada rutina te abruma no hay nada como planear una escapada con tus amigos. Regresar a una vida simple, rodeado s\u00f3lo de naturaleza, animales, m\u00fasica, comida suculenta y libros es clave para encontrar su verdadero ser interior.<\/p>\n<p style=\"text-align: justify;\"><em>Compartir alegr\u00eda, compartir buena compa\u00f1\u00eda, compartir momentos juntos. <strong>#SharedMoments #Mango<\/strong><\/em><\/p>\n","protected":false},"excerpt":{"rendered":"<p>MANGO ha elegido el nuevo emplazamiento Premium de VSA COMUNICACION en Barcelona para presentarnos &#8220;Shared Moments&#8221; su nueva campa\u00f1a Oto\u00f1o-Invierno 2019, en la que refleja el car\u00e1cter \u00edntimo de los instantes compartidos. Como ver\u00e9is se trata de una\u00a0excepcional lona publicitaria, [&hellip;]<\/p>\n","protected":false},"author":3,"featured_media":7869,"comment_status":"open","ping_status":"open","sticky":false,"template":"","format":"standard","meta":{"inline_featured_image":false,"footnotes":""},"categories":[1506,1488],"tags":[1810,1704,1516,1664,1705,1706,1701,1708,1693,1694,1656,1609,1581,1811,1666,1565,1585,1599,1586,1812,1671],"class_list":["post-11710","post","type-post","status-publish","format-standard","has-post-thumbnail","hentry","category-barcelona-en","category-lonas-publicitarias-en","tag-sharedmoments-en","tag-alto-prestigio-publicitario-en","tag-barcelona-en","tag-campana-publicitaria-en","tag-centro-ciudad-en","tag-emplazamiento-premium-en","tag-espectacular-en","tag-formato-espectacular-en","tag-gran-formato-en","tag-gran-notoriedad-en","tag-lonas-gran-formato-en","tag-lonas-publicitarias-2-en","tag-lonas-publicitarias-barcelona-en","tag-mango-en","tag-paseo-de-gracia-en","tag-publicidad-ciudades-en","tag-publicidad-exterior-en","tag-publicidad-gran-formato-en","tag-publicidad-urbana-en","tag-shared-moments-en","tag-trafico-rodado-en"],"_links":{"self":[{"href":"https:\/\/www.vsacomunicacion.com\/en\/wp-json\/wp\/v2\/posts\/11710"}],"collection":[{"href":"https:\/\/www.vsacomunicacion.com\/en\/wp-json\/wp\/v2\/posts"}],"about":[{"href":"https:\/\/www.vsacomunicacion.com\/en\/wp-json\/wp\/v2\/types\/post"}],"author":[{"embeddable":true,"href":"https:\/\/www.vsacomunicacion.com\/en\/wp-json\/wp\/v2\/users\/3"}],"replies":[{"embeddable":true,"href":"https:\/\/www.vsacomunicacion.com\/en\/wp-json\/wp\/v2\/comments?post=11710"}],"version-history":[{"count":0,"href":"https:\/\/www.vsacomunicacion.com\/en\/wp-json\/wp\/v2\/posts\/11710\/revisions"}],"wp:featuredmedia":[{"embeddable":true,"href":"https:\/\/www.vsacomunicacion.com\/en\/wp-json\/wp\/v2\/media\/7869"}],"wp:attachment":[{"href":"https:\/\/www.vsacomunicacion.com\/en\/wp-json\/wp\/v2\/media?parent=11710"}],"wp:term":[{"taxonomy":"category","embeddable":true,"href":"https:\/\/www.vsacomunicacion.com\/en\/wp-json\/wp\/v2\/categories?post=11710"},{"taxonomy":"post_tag","embeddable":true,"href":"https:\/\/www.vsacomunicacion.com\/en\/wp-json\/wp\/v2\/tags?post=11710"}],"curies":[{"name":"wp","href":"https:\/\/api.w.org\/{rel}","templated":true}]}}