{"id":11715,"date":"2019-07-02T01:30:35","date_gmt":"2019-07-02T01:30:35","guid":{"rendered":"https:\/\/www.vsacomunicacion.com\/lona-publicitaria-de-caixabank-en-sevilla\/"},"modified":"2019-07-02T01:30:35","modified_gmt":"2019-07-02T01:30:35","slug":"lona-publicitaria-de-caixabank-en-sevilla","status":"publish","type":"post","link":"https:\/\/www.vsacomunicacion.com\/en\/lona-publicitaria-de-caixabank-en-sevilla\/","title":{"rendered":"Lona Publicitaria de CAIXABANK en Sevilla"},"content":{"rendered":"<p style=\"text-align: justify;\">Inauguramos el nuevo emplazamiento de <strong>VSA COMUNICACION<\/strong> en\u00a0<strong>Sevilla<\/strong> junto a <strong>CAIXABANK<\/strong>,\u00a0dando inicio tambi\u00e9n a la campa\u00f1a de publicidad exterior de <strong>MyBox<\/strong> con esta incre\u00edble <strong>lona publicitaria<\/strong> en la Avda. San Francisco Javier, una de las principales v\u00edas del centro de la ciudad, con un elevado tr\u00e1nsito de veh\u00edculo y transe\u00fantes.<\/p>\n<p style=\"text-align: justify;\">La gama de seguros MyBox te proteger\u00e1 durante 3 a\u00f1os con grandes ventajas, mejores precios y coberturas exclusivas!!\u00a0<a href=\"https:\/\/www.vsacomunicacion.com\/wp-content\/uploads\/2019\/07\/lona-publicitaria-sevilla-san-francisco-javier-7-caixabank-dia-vsa-comunicacion.jpg\" rel=\"attachment wp-att-5015\"><img fetchpriority=\"high\" decoding=\"async\" class=\"aligncenter size-full wp-image-5015\" src=\"https:\/\/www.vsacomunicacion.com\/wp-content\/uploads\/2019\/07\/lona-publicitaria-sevilla-san-francisco-javier-7-caixabank-dia-vsa-comunicacion.jpg\" alt=\"lona-publicitaria-sevilla-san-francisco-javier-7-caixabank-dia-vsa-comunicacion\" width=\"884\" height=\"626\" srcset=\"https:\/\/www.vsacomunicacion.com\/wp-content\/uploads\/2019\/07\/lona-publicitaria-sevilla-san-francisco-javier-7-caixabank-dia-vsa-comunicacion.jpg 884w, https:\/\/www.vsacomunicacion.com\/wp-content\/uploads\/2019\/07\/lona-publicitaria-sevilla-san-francisco-javier-7-caixabank-dia-vsa-comunicacion-300x212.jpg 300w, https:\/\/www.vsacomunicacion.com\/wp-content\/uploads\/2019\/07\/lona-publicitaria-sevilla-san-francisco-javier-7-caixabank-dia-vsa-comunicacion-768x544.jpg 768w\" sizes=\"(max-width: 884px) 100vw, 884px\" \/><\/a><strong>MyBox<\/strong> Vida te ofrece una cobertura en caso de fallecimiento e invalidez\u00a0absoluta y permanente, y te adelantan el 50% del capital en caso de c\u00e1ncer, infarto y enfermedades graves.\u00a0Adem\u00e1s, doble capital\u00a0si el fallecimiento o invalidez es por accidente.<\/p>\n<p style=\"text-align: justify;\">Dispondr\u00e1s tambi\u00e9n de orientaci\u00f3n m\u00e9dica telef\u00f3nica las 24 horas\u00a0y servicio de\u00a0segunda opini\u00f3n m\u00e9dica\u00a0en caso de enfermedad grave.<\/p>\n<p style=\"text-align: justify;\"><a href=\"https:\/\/www.vsacomunicacion.com\/wp-content\/uploads\/2019\/07\/lona-publicitaria-sevilla-san-francisco-javier-7-caixabank-dia-2-vsa-comunicacion.jpg\" rel=\"attachment wp-att-5018\"><img decoding=\"async\" class=\"aligncenter size-full wp-image-5018\" src=\"https:\/\/www.vsacomunicacion.com\/wp-content\/uploads\/2019\/07\/lona-publicitaria-sevilla-san-francisco-javier-7-caixabank-dia-2-vsa-comunicacion.jpg\" alt=\"lona-publicitaria-sevilla-san-francisco-javier-7-caixabank-dia-2-vsa-comunicacion\" width=\"884\" height=\"626\" srcset=\"https:\/\/www.vsacomunicacion.com\/wp-content\/uploads\/2019\/07\/lona-publicitaria-sevilla-san-francisco-javier-7-caixabank-dia-2-vsa-comunicacion.jpg 884w, https:\/\/www.vsacomunicacion.com\/wp-content\/uploads\/2019\/07\/lona-publicitaria-sevilla-san-francisco-javier-7-caixabank-dia-2-vsa-comunicacion-300x212.jpg 300w, https:\/\/www.vsacomunicacion.com\/wp-content\/uploads\/2019\/07\/lona-publicitaria-sevilla-san-francisco-javier-7-caixabank-dia-2-vsa-comunicacion-768x544.jpg 768w\" sizes=\"(max-width: 884px) 100vw, 884px\" \/><\/a><\/p>\n<p style=\"text-align: justify;\">Tambi\u00e9n\u00a0puedes contratar los seguros de MyBox Salud, MyBox Auto y MyBox Hogar.<\/p>\n<p style=\"text-align: justify;\">Con\u00a0<strong>MyBox<\/strong>\u00a0y\u00a0<strong>LA CAIXA<\/strong>\u00a0por fin podr\u00e1s dormir tranquilo con tus seguros contratando su\u00a0tarifa plana mensual!!<\/p>\n","protected":false},"excerpt":{"rendered":"<p>Inauguramos el nuevo emplazamiento de VSA COMUNICACION en\u00a0Sevilla junto a CAIXABANK,\u00a0dando inicio tambi\u00e9n a la campa\u00f1a de publicidad exterior de MyBox con esta incre\u00edble lona publicitaria en la Avda. San Francisco Javier, una de las principales v\u00edas del centro de [&hellip;]<\/p>\n","protected":false},"author":3,"featured_media":7853,"comment_status":"open","ping_status":"open","sticky":false,"template":"","format":"standard","meta":{"inline_featured_image":false,"footnotes":""},"categories":[1488,1695],"tags":[1704,1814,1664,1705,1706,1701,1708,1693,1694,1609,1696,1817,1565,1585,1599,1586,1697,1671],"class_list":["post-11715","post","type-post","status-publish","format-standard","has-post-thumbnail","hentry","category-lonas-publicitarias-en","category-sevilla-en","tag-alto-prestigio-publicitario-en","tag-caixabank-en","tag-campana-publicitaria-en","tag-centro-ciudad-en","tag-emplazamiento-premium-en","tag-espectacular-en","tag-formato-espectacular-en","tag-gran-formato-en","tag-gran-notoriedad-en","tag-lonas-publicitarias-2-en","tag-lonas-publicitarias-sevilla-en","tag-mybox-en","tag-publicidad-ciudades-en","tag-publicidad-exterior-en","tag-publicidad-gran-formato-en","tag-publicidad-urbana-en","tag-sevilla-en","tag-trafico-rodado-en"],"_links":{"self":[{"href":"https:\/\/www.vsacomunicacion.com\/en\/wp-json\/wp\/v2\/posts\/11715"}],"collection":[{"href":"https:\/\/www.vsacomunicacion.com\/en\/wp-json\/wp\/v2\/posts"}],"about":[{"href":"https:\/\/www.vsacomunicacion.com\/en\/wp-json\/wp\/v2\/types\/post"}],"author":[{"embeddable":true,"href":"https:\/\/www.vsacomunicacion.com\/en\/wp-json\/wp\/v2\/users\/3"}],"replies":[{"embeddable":true,"href":"https:\/\/www.vsacomunicacion.com\/en\/wp-json\/wp\/v2\/comments?post=11715"}],"version-history":[{"count":0,"href":"https:\/\/www.vsacomunicacion.com\/en\/wp-json\/wp\/v2\/posts\/11715\/revisions"}],"wp:featuredmedia":[{"embeddable":true,"href":"https:\/\/www.vsacomunicacion.com\/en\/wp-json\/wp\/v2\/media\/7853"}],"wp:attachment":[{"href":"https:\/\/www.vsacomunicacion.com\/en\/wp-json\/wp\/v2\/media?parent=11715"}],"wp:term":[{"taxonomy":"category","embeddable":true,"href":"https:\/\/www.vsacomunicacion.com\/en\/wp-json\/wp\/v2\/categories?post=11715"},{"taxonomy":"post_tag","embeddable":true,"href":"https:\/\/www.vsacomunicacion.com\/en\/wp-json\/wp\/v2\/tags?post=11715"}],"curies":[{"name":"wp","href":"https:\/\/api.w.org\/{rel}","templated":true}]}}