{"id":11717,"date":"2019-06-30T14:24:54","date_gmt":"2019-06-30T14:24:54","guid":{"rendered":"https:\/\/www.vsacomunicacion.com\/lona-publicitaria-de-calzedonia-en-valencia\/"},"modified":"2019-06-30T14:24:54","modified_gmt":"2019-06-30T14:24:54","slug":"lona-publicitaria-de-calzedonia-en-valencia","status":"publish","type":"post","link":"https:\/\/www.vsacomunicacion.com\/en\/lona-publicitaria-de-calzedonia-en-valencia\/","title":{"rendered":"Lona Publicitaria de CALZEDONIA en Valencia"},"content":{"rendered":"<p style=\"text-align: justify;\">Desde<strong> VSA COMUNICACION<\/strong> presenciamos el lanzamiento de la\u00a0nueva campa\u00f1a de ba\u00f1o de <strong>CALZEDONIA<\/strong>, con la periodista Sara Carbonero como imagen, a trav\u00e9s de la espectacular y c\u00e9ntrica<strong> lona publicitaria<\/strong> ubicada en la Avenida del Puerto de <strong>Valencia<\/strong> incluida en esta incre\u00edble campa\u00f1a de publicidad exterior iniciada a territorio nacional.<\/p>\n<p style=\"text-align: justify;\">A principios de mes os presentamos la lona publicitaria de CALZEDONIA en <a href=\"https:\/\/www.vsacomunicacion.com\/lona-publicitaria-de-calzedonia-en-la-barceloneta\/\">Barcelona<\/a>, hoy Valencia y, s\u00f3lo os avanzaremos, que esto no acaba aqu\u00ed&#8230;<\/p>\n<p><a href=\"https:\/\/www.vsacomunicacion.com\/wp-content\/uploads\/2019\/09\/lona-publicitaria-valencia-avenida-del-puerto-87-calzedonia-noche-vsa-comunicacion.jpg\" rel=\"attachment wp-att-4982\"><img fetchpriority=\"high\" decoding=\"async\" class=\"aligncenter size-full wp-image-4982\" src=\"https:\/\/www.vsacomunicacion.com\/wp-content\/uploads\/2019\/09\/lona-publicitaria-valencia-avenida-del-puerto-87-calzedonia-noche-vsa-comunicacion.jpg\" alt=\"lona-publicitaria-valencia-avenida-del-puerto- 87-calzedonia-noche-vsa-comunicacion\" width=\"884\" height=\"626\" srcset=\"https:\/\/www.vsacomunicacion.com\/wp-content\/uploads\/2019\/09\/lona-publicitaria-valencia-avenida-del-puerto-87-calzedonia-noche-vsa-comunicacion.jpg 884w, https:\/\/www.vsacomunicacion.com\/wp-content\/uploads\/2019\/09\/lona-publicitaria-valencia-avenida-del-puerto-87-calzedonia-noche-vsa-comunicacion-300x212.jpg 300w, https:\/\/www.vsacomunicacion.com\/wp-content\/uploads\/2019\/09\/lona-publicitaria-valencia-avenida-del-puerto-87-calzedonia-noche-vsa-comunicacion-768x544.jpg 768w\" sizes=\"(max-width: 884px) 100vw, 884px\" \/><\/a><\/p>\n<p style=\"text-align: justify;\">Solo hay un lugar en el que comprar la colecci\u00f3n de ba\u00f1adores y ropa de playa perfecta para esta temporada de verano:\u00a0En las tiendas f\u00edsicas o bien online, como prefieras, de <strong>CALZEDONIA<\/strong>.<\/p>\n<p style=\"text-align: justify;\">Todos\u00a0los\u00a0biquinis y\u00a0ba\u00f1adores enteros de su colecci\u00f3n\u00a0est\u00e1n fabricados con materiales suaves y el\u00e1sticos que se adaptan perfectamente durante el verano. Conseguir\u00e1s un look muy elegante gracias a sus detalles de moda, como flores y lazos, o a sus bonitos dise\u00f1os de estampados tropicales.<\/p>\n<p style=\"text-align: justify;\"><a href=\"https:\/\/www.vsacomunicacion.com\/wp-content\/uploads\/2019\/09\/lona-publicitaria-valencia-avenida-del-puerto-87-calzedonia-dia-vsa-comunicacion.jpg\" rel=\"attachment wp-att-4983\"><img decoding=\"async\" class=\"aligncenter size-full wp-image-4983\" src=\"https:\/\/www.vsacomunicacion.com\/wp-content\/uploads\/2019\/09\/lona-publicitaria-valencia-avenida-del-puerto-87-calzedonia-dia-vsa-comunicacion.jpg\" alt=\"lona-publicitaria-valencia-avenida-del-puerto- 87-calzedonia-dia-vsa-comunicacion\" width=\"884\" height=\"626\" srcset=\"https:\/\/www.vsacomunicacion.com\/wp-content\/uploads\/2019\/09\/lona-publicitaria-valencia-avenida-del-puerto-87-calzedonia-dia-vsa-comunicacion.jpg 884w, https:\/\/www.vsacomunicacion.com\/wp-content\/uploads\/2019\/09\/lona-publicitaria-valencia-avenida-del-puerto-87-calzedonia-dia-vsa-comunicacion-300x212.jpg 300w, https:\/\/www.vsacomunicacion.com\/wp-content\/uploads\/2019\/09\/lona-publicitaria-valencia-avenida-del-puerto-87-calzedonia-dia-vsa-comunicacion-768x544.jpg 768w\" sizes=\"(max-width: 884px) 100vw, 884px\" \/><\/a><\/p>\n<p style=\"text-align: justify;\">Encontrar\u00e1s una amplia selecci\u00f3n de\u00a0biquini tops, disponibles en diferentes estampados y dise\u00f1os. Incluso para quienes son muy exigentes y cuidadosas al elegir un bikini perfecto, estamos seguros de que quedar\u00e1n completamente satisfechas con su sensaci\u00f3n y apariencia mientras los llevan puestos.<\/p>\n<p style=\"text-align: justify;\">Tanto si vas a disfrutar de las olas o a tomar el sol en la piscina, tu mejor look lo encontrar\u00e1s en <strong>CALZEDONIA<\/strong>!!<\/p>\n","protected":false},"excerpt":{"rendered":"<p>Desde VSA COMUNICACION presenciamos el lanzamiento de la\u00a0nueva campa\u00f1a de ba\u00f1o de CALZEDONIA, con la periodista Sara Carbonero como imagen, a trav\u00e9s de la espectacular y c\u00e9ntrica lona publicitaria ubicada en la Avenida del Puerto de Valencia incluida en esta [&hellip;]<\/p>\n","protected":false},"author":3,"featured_media":7845,"comment_status":"open","ping_status":"open","sticky":false,"template":"","format":"standard","meta":{"inline_featured_image":false,"footnotes":""},"categories":[1488,1640],"tags":[1704,1829,1830,1664,1705,1706,1701,1708,1693,1694,1609,1644,1565,1585,1599,1586,1831,1671,1645],"class_list":["post-11717","post","type-post","status-publish","format-standard","has-post-thumbnail","hentry","category-lonas-publicitarias-en","category-valencia-en","tag-alto-prestigio-publicitario-en","tag-calzedonia-en","tag-campana-calzedonia-en","tag-campana-publicitaria-en","tag-centro-ciudad-en","tag-emplazamiento-premium-en","tag-espectacular-en","tag-formato-espectacular-en","tag-gran-formato-en","tag-gran-notoriedad-en","tag-lonas-publicitarias-2-en","tag-lonas-publicitarias-valencia-en","tag-publicidad-ciudades-en","tag-publicidad-exterior-en","tag-publicidad-gran-formato-en","tag-publicidad-urbana-en","tag-sara-carbonero-en","tag-trafico-rodado-en","tag-valencia-en"],"_links":{"self":[{"href":"https:\/\/www.vsacomunicacion.com\/en\/wp-json\/wp\/v2\/posts\/11717"}],"collection":[{"href":"https:\/\/www.vsacomunicacion.com\/en\/wp-json\/wp\/v2\/posts"}],"about":[{"href":"https:\/\/www.vsacomunicacion.com\/en\/wp-json\/wp\/v2\/types\/post"}],"author":[{"embeddable":true,"href":"https:\/\/www.vsacomunicacion.com\/en\/wp-json\/wp\/v2\/users\/3"}],"replies":[{"embeddable":true,"href":"https:\/\/www.vsacomunicacion.com\/en\/wp-json\/wp\/v2\/comments?post=11717"}],"version-history":[{"count":0,"href":"https:\/\/www.vsacomunicacion.com\/en\/wp-json\/wp\/v2\/posts\/11717\/revisions"}],"wp:featuredmedia":[{"embeddable":true,"href":"https:\/\/www.vsacomunicacion.com\/en\/wp-json\/wp\/v2\/media\/7845"}],"wp:attachment":[{"href":"https:\/\/www.vsacomunicacion.com\/en\/wp-json\/wp\/v2\/media?parent=11717"}],"wp:term":[{"taxonomy":"category","embeddable":true,"href":"https:\/\/www.vsacomunicacion.com\/en\/wp-json\/wp\/v2\/categories?post=11717"},{"taxonomy":"post_tag","embeddable":true,"href":"https:\/\/www.vsacomunicacion.com\/en\/wp-json\/wp\/v2\/tags?post=11717"}],"curies":[{"name":"wp","href":"https:\/\/api.w.org\/{rel}","templated":true}]}}