{"id":11722,"date":"2019-06-11T07:38:54","date_gmt":"2019-06-11T07:38:54","guid":{"rendered":"https:\/\/www.vsacomunicacion.com\/lona-publicitaria-ecologica-de-adidas-en-barcelona\/"},"modified":"2019-06-11T07:38:54","modified_gmt":"2019-06-11T07:38:54","slug":"lona-publicitaria-ecologica-de-adidas-en-barcelona","status":"publish","type":"post","link":"https:\/\/www.vsacomunicacion.com\/en\/lona-publicitaria-ecologica-de-adidas-en-barcelona\/","title":{"rendered":"Lona Publicitaria ecol\u00f3gica de ADIDAS en Barcelona"},"content":{"rendered":"<p style=\"text-align: justify;\">Estrenamos el nuevo emplazamiento PREMIUM en <strong>Barcelona<\/strong> de <strong>VSA COMUNICACI\u00d3N<\/strong> ubicado entre Port Vell y la Barceloneta con una inspiradora y sostenible<strong> lona publicitaria<\/strong> de <strong>ADIDAS<\/strong> para su campa\u00f1a de publicidad exterior <strong>RUN FOR THE OCEANS<\/strong>.<\/p>\n<p style=\"text-align: justify;\">La lona publicitaria se ha realizado con un material que\u00a0hace de ella que sea sostenible con el medio ambiente y 100% reciclable, de acuerdo con el c\u00f3digo internacional del pl\u00e1stico N\u00ba1 (PET).<\/p>\n<p><a href=\"https:\/\/www.vsacomunicacion.com\/wp-content\/uploads\/2019\/06\/lona-publicitaria-barcelona-reina-cristina-adidas-dia-vsa-comunicacion.jpg\" rel=\"attachment wp-att-4917\"><img fetchpriority=\"high\" decoding=\"async\" class=\"aligncenter size-full wp-image-4917\" src=\"https:\/\/www.vsacomunicacion.com\/wp-content\/uploads\/2019\/06\/lona-publicitaria-barcelona-reina-cristina-adidas-dia-vsa-comunicacion.jpg\" alt=\"lona-publicitaria-barcelona-reina- cristina-adidas-dia-vsa-comunicacion\" width=\"884\" height=\"626\" srcset=\"https:\/\/www.vsacomunicacion.com\/wp-content\/uploads\/2019\/06\/lona-publicitaria-barcelona-reina-cristina-adidas-dia-vsa-comunicacion.jpg 884w, https:\/\/www.vsacomunicacion.com\/wp-content\/uploads\/2019\/06\/lona-publicitaria-barcelona-reina-cristina-adidas-dia-vsa-comunicacion-300x212.jpg 300w, https:\/\/www.vsacomunicacion.com\/wp-content\/uploads\/2019\/06\/lona-publicitaria-barcelona-reina-cristina-adidas-dia-vsa-comunicacion-768x544.jpg 768w\" sizes=\"(max-width: 884px) 100vw, 884px\" \/><\/a><\/p>\n<p style=\"text-align: justify;\">Nuestros oc\u00e9anos est\u00e1n en peligro!! La contaminaci\u00f3n por pl\u00e1sticos en los oc\u00e9anos es uno de los mayores problemas medioambientales a nivel mundial.\u00a0De hecho, actualmente hay m\u00e1s de 150 toneladas de pl\u00e1stico en los oc\u00e9anos.<\/p>\n<p style=\"text-align: justify;\"><strong>ADIDAS<\/strong>,\u00a0RUNTASTIC y\u00a0PARLEY FOR THE OCEANS se\u00a0han\u00a0unido para crear conciencia sobre esta gran amenaza: <strong>RUN FOR THE OCEANS<\/strong>.<\/p>\n<p><a href=\"https:\/\/www.vsacomunicacion.com\/wp-content\/uploads\/2019\/06\/lona-publicitaria-barcelona-reina-cristina-adidas-noche-vsa-comunicacion.jpg\" rel=\"attachment wp-att-4918\"><img decoding=\"async\" class=\"aligncenter size-full wp-image-4918\" src=\"https:\/\/www.vsacomunicacion.com\/wp-content\/uploads\/2019\/06\/lona-publicitaria-barcelona-reina-cristina-adidas-noche-vsa-comunicacion.jpg\" alt=\"lona-publicitaria-barcelona-reina-cristina-adidas-noche-vsa-comunicacion\" width=\"884\" height=\"626\" srcset=\"https:\/\/www.vsacomunicacion.com\/wp-content\/uploads\/2019\/06\/lona-publicitaria-barcelona-reina-cristina-adidas-noche-vsa-comunicacion.jpg 884w, https:\/\/www.vsacomunicacion.com\/wp-content\/uploads\/2019\/06\/lona-publicitaria-barcelona-reina-cristina-adidas-noche-vsa-comunicacion-300x212.jpg 300w, https:\/\/www.vsacomunicacion.com\/wp-content\/uploads\/2019\/06\/lona-publicitaria-barcelona-reina-cristina-adidas-noche-vsa-comunicacion-768x544.jpg 768w\" sizes=\"(max-width: 884px) 100vw, 884px\" \/><\/a><\/p>\n<p style=\"text-align: justify;\"><strong>FOR THE OCEANS<\/strong> es un evento donde todo el mundo puede participar\u00a0del 8 al 16 de junio a trav\u00e9s de la app de Runtastic. Por cada kil\u00f3metro que registres, <strong>ADIDAS<\/strong> aportar\u00e1 1 d\u00f3lar al proyecto Parley Ocean School (hasta un m\u00e1ximo de 1,5 millones) para concienciar a los j\u00f3venes sobre la amenaza que supone la contaminaci\u00f3n marina,\u00a0c\u00f3mo proteger nuestros oc\u00e9anos y motivarles para que empiecen a actuar.<\/p>\n<p><a href=\"https:\/\/www.vsacomunicacion.com\/wp-content\/uploads\/2019\/06\/lona-publicitaria-barcelona-reina-cristina-adidas-dia-2-vsa-comunicacion.jpg\" rel=\"attachment wp-att-4919\"><img decoding=\"async\" class=\"aligncenter size-full wp-image-4919\" src=\"https:\/\/www.vsacomunicacion.com\/wp-content\/uploads\/2019\/06\/lona-publicitaria-barcelona-reina-cristina-adidas-dia-2-vsa-comunicacion.jpg\" alt=\"lona-publicitaria-barcelona-reina-cristina-adidas-dia-2-vsa-comunicacion\" width=\"884\" height=\"626\" srcset=\"https:\/\/www.vsacomunicacion.com\/wp-content\/uploads\/2019\/06\/lona-publicitaria-barcelona-reina-cristina-adidas-dia-2-vsa-comunicacion.jpg 884w, https:\/\/www.vsacomunicacion.com\/wp-content\/uploads\/2019\/06\/lona-publicitaria-barcelona-reina-cristina-adidas-dia-2-vsa-comunicacion-300x212.jpg 300w, https:\/\/www.vsacomunicacion.com\/wp-content\/uploads\/2019\/06\/lona-publicitaria-barcelona-reina-cristina-adidas-dia-2-vsa-comunicacion-768x544.jpg 768w\" sizes=\"(max-width: 884px) 100vw, 884px\" \/><\/a><\/p>\n<p style=\"text-align: justify;\">Corre por los oc\u00e9anos en las calles de tu ciudad. El pl\u00e1stico es un problema. La innovaci\u00f3n es la soluci\u00f3n. Vamos a dar una nueva vida al pl\u00e1stico.<\/p>\n<p style=\"text-align: justify;\">\u00a1No te lo pierdas! Reg\u00edstrate en la app de <a href=\"https:\/\/www.runtastic.com\/blog\/es\/movimiento-run-for-the-oceans\/\" target=\"_blank\" rel=\"noopener\">Runtastic<\/a>, invita a tus amigos\u00a0y corre para combatir la contaminaci\u00f3n pl\u00e1stica de nuestros oc\u00e9anos.<\/p>\n<p style=\"text-align: justify;\">El pr\u00f3ximo 14 de junio tienes una cita en Barcelona con FOR THE OCEANS, <strong><a href=\"https:\/\/www.adidas.es\/rfto-bcn\" target=\"_blank\" rel=\"noopener\">ADIDAS <\/a><\/strong>y, sobretodo, con\u00a0un oc\u00e9ano libre de pl\u00e1stico!!<\/p>\n","protected":false},"excerpt":{"rendered":"<p>Estrenamos el nuevo emplazamiento PREMIUM en Barcelona de VSA COMUNICACI\u00d3N ubicado entre Port Vell y la Barceloneta con una inspiradora y sostenible lona publicitaria de ADIDAS para su campa\u00f1a de publicidad exterior RUN FOR THE OCEANS. La lona publicitaria se [&hellip;]<\/p>\n","protected":false},"author":3,"featured_media":7826,"comment_status":"open","ping_status":"open","sticky":false,"template":"","format":"standard","meta":{"inline_featured_image":false,"footnotes":""},"categories":[1506,1488],"tags":[1837,1689,1704,1516,1664,1705,1706,1701,1838,1708,1693,1694,1680,1579,1609,1581,1512,1839,1584,1840,1565,1585,1599,1586,1841,1842,1843,1671],"class_list":["post-11722","post","type-post","status-publish","format-standard","has-post-thumbnail","hentry","category-barcelona-en","category-lonas-publicitarias-en","tag-runfortheoceans-en","tag-adidas-en","tag-alto-prestigio-publicitario-en","tag-barcelona-en","tag-campana-publicitaria-en","tag-centro-ciudad-en","tag-emplazamiento-premium-en","tag-espectacular-en","tag-for-the-oceans-en","tag-formato-espectacular-en","tag-gran-formato-en","tag-gran-notoriedad-en","tag-lona-espectacular-en","tag-lona-gran-formato-en","tag-lonas-publicitarias-2-en","tag-lonas-publicitarias-barcelona-en","tag-ooh-en","tag-outdoor-en","tag-outdoor-advertising-en","tag-parley-for-the-oceans-en","tag-publicidad-ciudades-en","tag-publicidad-exterior-en","tag-publicidad-gran-formato-en","tag-publicidad-urbana-en","tag-run-for-the-oceans-en","tag-running-en","tag-runtastic-en","tag-trafico-rodado-en"],"_links":{"self":[{"href":"https:\/\/www.vsacomunicacion.com\/en\/wp-json\/wp\/v2\/posts\/11722"}],"collection":[{"href":"https:\/\/www.vsacomunicacion.com\/en\/wp-json\/wp\/v2\/posts"}],"about":[{"href":"https:\/\/www.vsacomunicacion.com\/en\/wp-json\/wp\/v2\/types\/post"}],"author":[{"embeddable":true,"href":"https:\/\/www.vsacomunicacion.com\/en\/wp-json\/wp\/v2\/users\/3"}],"replies":[{"embeddable":true,"href":"https:\/\/www.vsacomunicacion.com\/en\/wp-json\/wp\/v2\/comments?post=11722"}],"version-history":[{"count":0,"href":"https:\/\/www.vsacomunicacion.com\/en\/wp-json\/wp\/v2\/posts\/11722\/revisions"}],"wp:featuredmedia":[{"embeddable":true,"href":"https:\/\/www.vsacomunicacion.com\/en\/wp-json\/wp\/v2\/media\/7826"}],"wp:attachment":[{"href":"https:\/\/www.vsacomunicacion.com\/en\/wp-json\/wp\/v2\/media?parent=11722"}],"wp:term":[{"taxonomy":"category","embeddable":true,"href":"https:\/\/www.vsacomunicacion.com\/en\/wp-json\/wp\/v2\/categories?post=11722"},{"taxonomy":"post_tag","embeddable":true,"href":"https:\/\/www.vsacomunicacion.com\/en\/wp-json\/wp\/v2\/tags?post=11722"}],"curies":[{"name":"wp","href":"https:\/\/api.w.org\/{rel}","templated":true}]}}