{"id":11723,"date":"2019-06-10T10:10:39","date_gmt":"2019-06-10T10:10:39","guid":{"rendered":"https:\/\/www.vsacomunicacion.com\/lona-publicitaria-de-nike-en-el-paseo-de-gracia\/"},"modified":"2019-06-10T10:10:39","modified_gmt":"2019-06-10T10:10:39","slug":"lona-publicitaria-de-nike-en-el-paseo-de-gracia","status":"publish","type":"post","link":"https:\/\/www.vsacomunicacion.com\/en\/lona-publicitaria-de-nike-en-el-paseo-de-gracia\/","title":{"rendered":"Lona Publicitaria de NIKE en el Paseo de Gracia"},"content":{"rendered":"<p style=\"text-align: justify;\">Nueva <strong>lona publicitaria<\/strong> de <strong>NIKE<\/strong> en el emplazamiento de <strong>VSA COMUNICACION<\/strong> en el majestuoso Paseo de Gracia de<strong> Barcelona<\/strong> para el lanzamiento mundial de la nueva\u00a0equipaci\u00f3n\u00a0del <strong>FC Barcelona<\/strong>, inspirada en los caracter\u00edsticos bloques del Eixample de la ciudad condal.<\/p>\n<p style=\"text-align: justify;\">Esta lona publicitaria ha sido el soporte del medio de publicidad exterior incluido en la campa\u00f1a <em>&#8220;El talento no tiene una sola forma&#8221;,<\/em>\u00a0un tributo a la innovaci\u00f3n y creatividad que comparten el Club y la Ciudad.<\/p>\n<p><a href=\"https:\/\/www.vsacomunicacion.com\/wp-content\/uploads\/2019\/10\/lona-publicitaria-barcelona-paseo-de-gracia-17-nike-dia-vsa-comunicacion.jpg\" rel=\"attachment wp-att-5010\"><img fetchpriority=\"high\" decoding=\"async\" class=\"aligncenter size-full wp-image-5010\" src=\"https:\/\/www.vsacomunicacion.com\/wp-content\/uploads\/2019\/10\/lona-publicitaria-barcelona-paseo-de-gracia-17-nike-dia-vsa-comunicacion.jpg\" alt=\"lona-publicitaria-barcelona-paseo-de-gracia-17-nike-dia-vsa-comunicacion\" width=\"884\" height=\"626\" srcset=\"https:\/\/www.vsacomunicacion.com\/wp-content\/uploads\/2019\/10\/lona-publicitaria-barcelona-paseo-de-gracia-17-nike-dia-vsa-comunicacion.jpg 884w, https:\/\/www.vsacomunicacion.com\/wp-content\/uploads\/2019\/10\/lona-publicitaria-barcelona-paseo-de-gracia-17-nike-dia-vsa-comunicacion-300x212.jpg 300w, https:\/\/www.vsacomunicacion.com\/wp-content\/uploads\/2019\/10\/lona-publicitaria-barcelona-paseo-de-gracia-17-nike-dia-vsa-comunicacion-768x544.jpg 768w\" sizes=\"(max-width: 884px) 100vw, 884px\" \/><\/a><\/p>\n<p style=\"text-align: justify;\">Barcelona y el Bar\u00e7a mantienen una relaci\u00f3n que se remonta a los 120 a\u00f1os que cumplir\u00e1 la entidad azulgrana el pr\u00f3ximo mes de noviembre, una asociaci\u00f3n que es una pasi\u00f3n y un orgullo compartido.<\/p>\n<p style=\"text-align: justify;\">Para Barcelona y Catalu\u00f1a, el Bar\u00e7a es un activo que da a conocer la ciudad y el pa\u00eds en todo el mundo. Si el a\u00f1o pasado eran diez franjas que representaban los diez distritos de la ciudad, la camiseta de la pr\u00f3xima temporada volver\u00e1 a inspirarse en Barcelona, \u200b\u200ben concreto, en los caracter\u00edsticos bloques del Eixample, representados en los cuadros azules y grana que distinguen la\u00a0nueva equipaci\u00f3n del Bar\u00e7a 2019\/20<strong>.<\/strong>\u00a0El dise\u00f1o escogido de la camiseta representa una gran novedad, ya que pasa de las rayas a los cuadrados por primera vez en la historia.<\/p>\n<p style=\"text-align: justify;\"><a href=\"https:\/\/www.vsacomunicacion.com\/wp-content\/uploads\/2019\/10\/lona-publicitaria-barcelona-paseo-de-gracia-17-nike-noche-vsa-comunicacion.jpg\" rel=\"attachment wp-att-5011\"><img decoding=\"async\" class=\"aligncenter size-full wp-image-5011\" src=\"https:\/\/www.vsacomunicacion.com\/wp-content\/uploads\/2019\/10\/lona-publicitaria-barcelona-paseo-de-gracia-17-nike-noche-vsa-comunicacion.jpg\" alt=\"lona-publicitaria-barcelona-paseo-de-gracia-17-nike-noche-vsa-comunicacion\" width=\"884\" height=\"626\" srcset=\"https:\/\/www.vsacomunicacion.com\/wp-content\/uploads\/2019\/10\/lona-publicitaria-barcelona-paseo-de-gracia-17-nike-noche-vsa-comunicacion.jpg 884w, https:\/\/www.vsacomunicacion.com\/wp-content\/uploads\/2019\/10\/lona-publicitaria-barcelona-paseo-de-gracia-17-nike-noche-vsa-comunicacion-300x212.jpg 300w, https:\/\/www.vsacomunicacion.com\/wp-content\/uploads\/2019\/10\/lona-publicitaria-barcelona-paseo-de-gracia-17-nike-noche-vsa-comunicacion-768x544.jpg 768w\" sizes=\"(max-width: 884px) 100vw, 884px\" \/><\/a><\/p>\n<p style=\"text-align: justify;\">Las nuevas equipaciones est\u00e1n a disposici\u00f3n del p\u00fablico desde el pasado martes 4 de junio en todas las Bar\u00e7a Store y en los canales de distribuci\u00f3n habituales de todo el mundo. Adem\u00e1s de la camiseta, las equipaciones se completan con pantalones cortos azules y medias azules con una l\u00ednea roja en el borde.<\/p>\n<p style=\"text-align: justify;\">Por primera vez en la historia tambi\u00e9n se pondr\u00e1 a la venta la camiseta del\u00a0Bar\u00e7a Femenino<strong>,<\/strong>\u00a0que desde la temporada pasada tiene un patrocinador propio y que estar\u00e1 disponible en las Bar\u00e7a Store a partir de la primera semana de julio, cuando se har\u00e1 una presentaci\u00f3n oficial de este modelo espec\u00edfico que lucen las jugadoras en el primer equipo femenino.<\/p>\n","protected":false},"excerpt":{"rendered":"<p>Nueva lona publicitaria de NIKE en el emplazamiento de VSA COMUNICACION en el majestuoso Paseo de Gracia de Barcelona para el lanzamiento mundial de la nueva\u00a0equipaci\u00f3n\u00a0del FC Barcelona, inspirada en los caracter\u00edsticos bloques del Eixample de la ciudad condal. Esta [&hellip;]<\/p>\n","protected":false},"author":3,"featured_media":7852,"comment_status":"open","ping_status":"open","sticky":false,"template":"","format":"standard","meta":{"inline_featured_image":false,"footnotes":""},"categories":[1506,1488],"tags":[1844,1704,1516,1845,1664,1705,1706,1701,1846,1758,1708,1693,1694,1609,1581,1553,1666,1565,1585,1599,1586,1671],"class_list":["post-11723","post","type-post","status-publish","format-standard","has-post-thumbnail","hentry","category-barcelona-en","category-lonas-publicitarias-en","tag-eltalentonotieneunasolaforma-en","tag-alto-prestigio-publicitario-en","tag-barcelona-en","tag-campana-nike-en","tag-campana-publicitaria-en","tag-centro-ciudad-en","tag-emplazamiento-premium-en","tag-espectacular-en","tag-fc-barcelon-en","tag-fcb-en","tag-formato-espectacular-en","tag-gran-formato-en","tag-gran-notoriedad-en","tag-lonas-publicitarias-2-en","tag-lonas-publicitarias-barcelona-en","tag-nike-en","tag-paseo-de-gracia-en","tag-publicidad-ciudades-en","tag-publicidad-exterior-en","tag-publicidad-gran-formato-en","tag-publicidad-urbana-en","tag-trafico-rodado-en"],"_links":{"self":[{"href":"https:\/\/www.vsacomunicacion.com\/en\/wp-json\/wp\/v2\/posts\/11723"}],"collection":[{"href":"https:\/\/www.vsacomunicacion.com\/en\/wp-json\/wp\/v2\/posts"}],"about":[{"href":"https:\/\/www.vsacomunicacion.com\/en\/wp-json\/wp\/v2\/types\/post"}],"author":[{"embeddable":true,"href":"https:\/\/www.vsacomunicacion.com\/en\/wp-json\/wp\/v2\/users\/3"}],"replies":[{"embeddable":true,"href":"https:\/\/www.vsacomunicacion.com\/en\/wp-json\/wp\/v2\/comments?post=11723"}],"version-history":[{"count":0,"href":"https:\/\/www.vsacomunicacion.com\/en\/wp-json\/wp\/v2\/posts\/11723\/revisions"}],"wp:featuredmedia":[{"embeddable":true,"href":"https:\/\/www.vsacomunicacion.com\/en\/wp-json\/wp\/v2\/media\/7852"}],"wp:attachment":[{"href":"https:\/\/www.vsacomunicacion.com\/en\/wp-json\/wp\/v2\/media?parent=11723"}],"wp:term":[{"taxonomy":"category","embeddable":true,"href":"https:\/\/www.vsacomunicacion.com\/en\/wp-json\/wp\/v2\/categories?post=11723"},{"taxonomy":"post_tag","embeddable":true,"href":"https:\/\/www.vsacomunicacion.com\/en\/wp-json\/wp\/v2\/tags?post=11723"}],"curies":[{"name":"wp","href":"https:\/\/api.w.org\/{rel}","templated":true}]}}