{"id":11725,"date":"2019-06-10T09:12:23","date_gmt":"2019-06-10T09:12:23","guid":{"rendered":"https:\/\/www.vsacomunicacion.com\/lona-publicitaria-de-el-pionero-hbo-en-madrid\/"},"modified":"2019-06-10T09:12:23","modified_gmt":"2019-06-10T09:12:23","slug":"lona-publicitaria-de-el-pionero-hbo-en-madrid","status":"publish","type":"post","link":"https:\/\/www.vsacomunicacion.com\/en\/lona-publicitaria-de-el-pionero-hbo-en-madrid\/","title":{"rendered":"Lona Publicitaria de EL PIONERO &#8211; HBO en Madrid"},"content":{"rendered":"<p style=\"text-align: justify;\">Impactante e impresionante <strong>lona publicitaria<\/strong> de la plataforma <strong>HBO<\/strong> para anunciar el estreno el pr\u00f3ximo 7 de julio de su nueva serie, <strong>EL PIONERO<\/strong>, la serie documental de <strong>Jes\u00fas Gil<\/strong>, en el emplazamiento PREMIUM de <strong>VSA COMUNICACION<\/strong> en la Plaza Col\u00f3n de <strong>Madrid<\/strong>, como medio de exterior incluido en su campa\u00f1a de publicidad.<\/p>\n<p style=\"text-align: justify;\"><a href=\"https:\/\/www.vsacomunicacion.com\/wp-content\/uploads\/2019\/06\/lona-publicitaria-madrid-plaza-colon-junio-hbo-noche-vsa-comunicacion.jpg\" rel=\"attachment wp-att-4928\"><img fetchpriority=\"high\" decoding=\"async\" class=\"aligncenter size-full wp-image-4928\" src=\"https:\/\/www.vsacomunicacion.com\/wp-content\/uploads\/2019\/06\/lona-publicitaria-madrid-plaza-colon-junio-hbo-noche-vsa-comunicacion.jpg\" alt=\"lona-publicitaria-madrid-plaza-colon-junio-hbo-noche-vsa-comunicacion\" width=\"884\" height=\"626\" srcset=\"https:\/\/www.vsacomunicacion.com\/wp-content\/uploads\/2019\/06\/lona-publicitaria-madrid-plaza-colon-junio-hbo-noche-vsa-comunicacion.jpg 884w, https:\/\/www.vsacomunicacion.com\/wp-content\/uploads\/2019\/06\/lona-publicitaria-madrid-plaza-colon-junio-hbo-noche-vsa-comunicacion-300x212.jpg 300w, https:\/\/www.vsacomunicacion.com\/wp-content\/uploads\/2019\/06\/lona-publicitaria-madrid-plaza-colon-junio-hbo-noche-vsa-comunicacion-768x544.jpg 768w\" sizes=\"(max-width: 884px) 100vw, 884px\" \/><\/a><\/p>\n<p style=\"text-align: justify;\">La nueva serie documental de HBO, el PIONERO, se basar\u00e1 en la vida del controvertido\u00a0y famoso Jes\u00fas Gil, pol\u00e9mico\u00a0Alcalde de Marbella\u00a0y\u00a0Ex-Presidente del Atl\u00e9tico de Madrid. Consta de cuatro cap\u00edtulos de una hora cada uno y ser\u00e1 emitido semanalmente.<\/p>\n<p style=\"text-align: justify;\"><em>\u201cEs un proyecto so\u00f1ado desde hace a\u00f1os que con mucho esfuerzo y el trabajo de un gran equipo se convertir\u00e1 en realidad. La vida de Jes\u00fas Gil tiene todos los elementos de una gran historia, empezando por el m\u00e1s importante:\u00a0un protagonista imprevisible y dual, capaz de poner en jaque las leyes y las instituciones y al mismo tiempo seducir a espectadores y votantes con su enorme magnetismo&#8221;<\/em>, asegura Enric Buch, director del documental y\u00a0ex jefe de redacci\u00f3n de &#8220;Salvados&#8221;.<\/p>\n<p style=\"text-align: justify;\"><a href=\"https:\/\/www.vsacomunicacion.com\/wp-content\/uploads\/2019\/06\/lona-publicitaria-madrid-plaza-colon-junio-hbo-dia-vsa-comunicacion.jpg\" rel=\"attachment wp-att-4929\"><img decoding=\"async\" class=\"aligncenter size-full wp-image-4929\" src=\"https:\/\/www.vsacomunicacion.com\/wp-content\/uploads\/2019\/06\/lona-publicitaria-madrid-plaza-colon-junio-hbo-dia-vsa-comunicacion.jpg\" alt=\"lona-publicitaria-madrid-plaza-colon-junio-hbo-dia-vsa-comunicacion\" width=\"884\" height=\"626\" srcset=\"https:\/\/www.vsacomunicacion.com\/wp-content\/uploads\/2019\/06\/lona-publicitaria-madrid-plaza-colon-junio-hbo-dia-vsa-comunicacion.jpg 884w, https:\/\/www.vsacomunicacion.com\/wp-content\/uploads\/2019\/06\/lona-publicitaria-madrid-plaza-colon-junio-hbo-dia-vsa-comunicacion-300x212.jpg 300w, https:\/\/www.vsacomunicacion.com\/wp-content\/uploads\/2019\/06\/lona-publicitaria-madrid-plaza-colon-junio-hbo-dia-vsa-comunicacion-768x544.jpg 768w\" sizes=\"(max-width: 884px) 100vw, 884px\" \/><\/a><\/p>\n<p style=\"text-align: justify;\">Rompiendo moldes pol\u00edticos a trav\u00e9s del f\u00fatbol en Espa\u00f1a,\u00a0la vida del\u00a0personaje p\u00fablico\u00a0Jes\u00fas Gil es de las m\u00e1s extraordinarias de los \u00faltimos tiempos.\u00a0El empresario, pol\u00edtico y\u00a0dirigente deportivo espa\u00f1ol, ten\u00eda una personalidad exc\u00e9ntrica y embaucadora\u00a0que le facilitaba la conexi\u00f3n con la gente y los medios, desafiando hasta el \u00faltimo d\u00eda las leyes, y acabando inhabilitado como alcalde y con su equipo judicialmente intervenido.<\/p>\n<p style=\"text-align: justify;\"><em>La cuenta atr\u00e1s para el estreno de EL PIONERO\u00a0en HBO ya ha comenzado!!<\/em><\/p>\n","protected":false},"excerpt":{"rendered":"<p>Impactante e impresionante lona publicitaria de la plataforma HBO para anunciar el estreno el pr\u00f3ximo 7 de julio de su nueva serie, EL PIONERO, la serie documental de Jes\u00fas Gil, en el emplazamiento PREMIUM de VSA COMUNICACION en la Plaza [&hellip;]<\/p>\n","protected":false},"author":3,"featured_media":7829,"comment_status":"open","ping_status":"open","sticky":false,"template":"","format":"standard","meta":{"inline_featured_image":false,"footnotes":""},"categories":[1488,1489],"tags":[1847,1848,1704,1664,1705,1849,1706,1850,1701,1708,1693,1694,1683,1851,1680,1609,1611,1499,1852,1565,1585,1599,1586,1671],"class_list":["post-11725","post","type-post","status-publish","format-standard","has-post-thumbnail","hentry","category-lonas-publicitarias-en","category-madrid-en","tag-elpionero-en","tag-jesusgil-en","tag-alto-prestigio-publicitario-en","tag-campana-publicitaria-en","tag-centro-ciudad-en","tag-el-pionero-en","tag-emplazamiento-premium-en","tag-enric-buch-en","tag-espectacular-en","tag-formato-espectacular-en","tag-gran-formato-en","tag-gran-notoriedad-en","tag-hbo-en","tag-jesus-gil-en","tag-lona-espectacular-en","tag-lonas-publicitarias-2-en","tag-lonas-publicitarias-madrid-en","tag-madrid-en","tag-plaza-colon-en","tag-publicidad-ciudades-en","tag-publicidad-exterior-en","tag-publicidad-gran-formato-en","tag-publicidad-urbana-en","tag-trafico-rodado-en"],"_links":{"self":[{"href":"https:\/\/www.vsacomunicacion.com\/en\/wp-json\/wp\/v2\/posts\/11725"}],"collection":[{"href":"https:\/\/www.vsacomunicacion.com\/en\/wp-json\/wp\/v2\/posts"}],"about":[{"href":"https:\/\/www.vsacomunicacion.com\/en\/wp-json\/wp\/v2\/types\/post"}],"author":[{"embeddable":true,"href":"https:\/\/www.vsacomunicacion.com\/en\/wp-json\/wp\/v2\/users\/3"}],"replies":[{"embeddable":true,"href":"https:\/\/www.vsacomunicacion.com\/en\/wp-json\/wp\/v2\/comments?post=11725"}],"version-history":[{"count":0,"href":"https:\/\/www.vsacomunicacion.com\/en\/wp-json\/wp\/v2\/posts\/11725\/revisions"}],"wp:featuredmedia":[{"embeddable":true,"href":"https:\/\/www.vsacomunicacion.com\/en\/wp-json\/wp\/v2\/media\/7829"}],"wp:attachment":[{"href":"https:\/\/www.vsacomunicacion.com\/en\/wp-json\/wp\/v2\/media?parent=11725"}],"wp:term":[{"taxonomy":"category","embeddable":true,"href":"https:\/\/www.vsacomunicacion.com\/en\/wp-json\/wp\/v2\/categories?post=11725"},{"taxonomy":"post_tag","embeddable":true,"href":"https:\/\/www.vsacomunicacion.com\/en\/wp-json\/wp\/v2\/tags?post=11725"}],"curies":[{"name":"wp","href":"https:\/\/api.w.org\/{rel}","templated":true}]}}