{"id":11727,"date":"2019-06-06T11:32:13","date_gmt":"2019-06-06T11:32:13","guid":{"rendered":"https:\/\/www.vsacomunicacion.com\/circuito-de-pyms-de-seagrams-en-barcelona-2\/"},"modified":"2019-06-06T11:32:13","modified_gmt":"2019-06-06T11:32:13","slug":"circuito-de-pyms-de-seagrams-en-barcelona-2","status":"publish","type":"post","link":"https:\/\/www.vsacomunicacion.com\/en\/circuito-de-pyms-de-seagrams-en-barcelona-2\/","title":{"rendered":"Circuito de PYM&#8217;s de SEAGRAMS en Barcelona"},"content":{"rendered":"<p style=\"text-align: justify;\"><strong>SEAGRAM&#8217;S<\/strong> repite como ginebra oficial en\u00a0el <strong>080 FASHION BARCELONA<\/strong> y ofrecer\u00e1 a todos los asistentes la posibilidad de degustar sus magn\u00edficos gin-tonics tambi\u00e9n en este espacio de libre acceso en los Jardines del Recinto Modernista de Sant Pau.<\/p>\n<p style=\"text-align: justify;\">El Circuito de<strong> PYM&#8217;s<\/strong> de<strong> VSA COMUNICACION<\/strong> en Barcelona ha sido incluido por SEAGRAM&#8217;S en su campa\u00f1a de publicidad exterior\u00a0colaborando en la 24\u00aa Edici\u00f3n del esperado certamen.<\/p>\n<p><a href=\"https:\/\/www.vsacomunicacion.com\/wp-content\/uploads\/2019\/10\/pym-barcelona-esplugues-188-seagrams-vsa-comunicacion.jpg\" rel=\"attachment wp-att-5057\"><img fetchpriority=\"high\" decoding=\"async\" class=\"aligncenter size-full wp-image-5057\" src=\"https:\/\/www.vsacomunicacion.com\/wp-content\/uploads\/2019\/10\/pym-barcelona-esplugues-188-seagrams-vsa-comunicacion.jpg\" alt=\"pym-barcelona-esplugues-188-seagrams-vsa-comunicacion\" width=\"884\" height=\"626\" srcset=\"https:\/\/www.vsacomunicacion.com\/wp-content\/uploads\/2019\/10\/pym-barcelona-esplugues-188-seagrams-vsa-comunicacion.jpg 884w, https:\/\/www.vsacomunicacion.com\/wp-content\/uploads\/2019\/10\/pym-barcelona-esplugues-188-seagrams-vsa-comunicacion-300x212.jpg 300w, https:\/\/www.vsacomunicacion.com\/wp-content\/uploads\/2019\/10\/pym-barcelona-esplugues-188-seagrams-vsa-comunicacion-768x544.jpg 768w\" sizes=\"(max-width: 884px) 100vw, 884px\" \/><\/a><\/p>\n<p style=\"text-align: justify;\">Cada edici\u00f3n de la pasarela 080 FASHION BARCELONA es una oportunidad para descubrir\u00a0nuevos talentos del mundo de la moda. La organizaci\u00f3n abre el calendario de desfiles a nombres emergentes del sector para ampliar los estilos de la pasarela y dar cabida a diferentes propuestas.<\/p>\n<p style=\"text-align: justify;\">El<strong> 080 FASHION BARCELONA<\/strong> se ha convertido, sin duda, en una cite ineludible de los apasionados de la moda.<\/p>\n<p style=\"text-align: justify;\"><a href=\"https:\/\/www.vsacomunicacion.com\/wp-content\/uploads\/2019\/10\/pym-barcelona-paralelo-179-seagrams-vsa-comunicacion.jpg\" rel=\"attachment wp-att-5059\"><img decoding=\"async\" class=\"aligncenter size-full wp-image-5059\" src=\"https:\/\/www.vsacomunicacion.com\/wp-content\/uploads\/2019\/10\/pym-barcelona-paralelo-179-seagrams-vsa-comunicacion.jpg\" alt=\"pym-barcelona-paralelo-179-seagrams-vsa-comunicacion\" width=\"884\" height=\"626\" srcset=\"https:\/\/www.vsacomunicacion.com\/wp-content\/uploads\/2019\/10\/pym-barcelona-paralelo-179-seagrams-vsa-comunicacion.jpg 884w, https:\/\/www.vsacomunicacion.com\/wp-content\/uploads\/2019\/10\/pym-barcelona-paralelo-179-seagrams-vsa-comunicacion-300x212.jpg 300w, https:\/\/www.vsacomunicacion.com\/wp-content\/uploads\/2019\/10\/pym-barcelona-paralelo-179-seagrams-vsa-comunicacion-768x544.jpg 768w\" sizes=\"(max-width: 884px) 100vw, 884px\" \/><\/a><\/p>\n<p style=\"text-align: justify;\">Con la voluntad de\u00a0impulsar la internacionalizaci\u00f3n\u00a0de la pasarela 080 FASHION BARCELONA, la organizaci\u00f3n invita este verano a tres dise\u00f1adores y marcas extranjeras al calendario de desfiles para ampliar el discurso estil\u00edstico de la pasarela y convertir a Barcelona en epicentro global de la moda y las tendencias.<\/p>\n<p style=\"text-align: justify;\">As\u00ed que&#8230;. Si est\u00e1s en Barcelona del 25 al 28 de junio y te gusta la moda, no\u00a0puedes perderte la\u00a0<strong>080 FASHION BARCELONA<\/strong>!!<\/p>\n","protected":false},"excerpt":{"rendered":"<p>SEAGRAM&#8217;S repite como ginebra oficial en\u00a0el 080 FASHION BARCELONA y ofrecer\u00e1 a todos los asistentes la posibilidad de degustar sus magn\u00edficos gin-tonics tambi\u00e9n en este espacio de libre acceso en los Jardines del Recinto Modernista de Sant Pau. El Circuito [&hellip;]<\/p>\n","protected":false},"author":3,"featured_media":7866,"comment_status":"open","ping_status":"open","sticky":false,"template":"","format":"standard","meta":{"inline_featured_image":false,"footnotes":""},"categories":[1506,1593],"tags":[1853,1704,1516,1664,1705,1781,1706,1701,1708,1693,1694,1565,1585,1586,1676,1702,1836,1671],"class_list":["post-11727","post","type-post","status-publish","format-standard","has-post-thumbnail","hentry","category-barcelona-en","category-pyms-en","tag-080-barcelona-fashion-en","tag-alto-prestigio-publicitario-en","tag-barcelona-en","tag-campana-publicitaria-en","tag-centro-ciudad-en","tag-circuito-urbano-en","tag-emplazamiento-premium-en","tag-espectacular-en","tag-formato-espectacular-en","tag-gran-formato-en","tag-gran-notoriedad-en","tag-publicidad-ciudades-en","tag-publicidad-exterior-en","tag-publicidad-urbana-en","tag-pyms-2-en","tag-pyms-barcelona-en","tag-seagrams-en","tag-trafico-rodado-en"],"_links":{"self":[{"href":"https:\/\/www.vsacomunicacion.com\/en\/wp-json\/wp\/v2\/posts\/11727"}],"collection":[{"href":"https:\/\/www.vsacomunicacion.com\/en\/wp-json\/wp\/v2\/posts"}],"about":[{"href":"https:\/\/www.vsacomunicacion.com\/en\/wp-json\/wp\/v2\/types\/post"}],"author":[{"embeddable":true,"href":"https:\/\/www.vsacomunicacion.com\/en\/wp-json\/wp\/v2\/users\/3"}],"replies":[{"embeddable":true,"href":"https:\/\/www.vsacomunicacion.com\/en\/wp-json\/wp\/v2\/comments?post=11727"}],"version-history":[{"count":0,"href":"https:\/\/www.vsacomunicacion.com\/en\/wp-json\/wp\/v2\/posts\/11727\/revisions"}],"wp:featuredmedia":[{"embeddable":true,"href":"https:\/\/www.vsacomunicacion.com\/en\/wp-json\/wp\/v2\/media\/7866"}],"wp:attachment":[{"href":"https:\/\/www.vsacomunicacion.com\/en\/wp-json\/wp\/v2\/media?parent=11727"}],"wp:term":[{"taxonomy":"category","embeddable":true,"href":"https:\/\/www.vsacomunicacion.com\/en\/wp-json\/wp\/v2\/categories?post=11727"},{"taxonomy":"post_tag","embeddable":true,"href":"https:\/\/www.vsacomunicacion.com\/en\/wp-json\/wp\/v2\/tags?post=11727"}],"curies":[{"name":"wp","href":"https:\/\/api.w.org\/{rel}","templated":true}]}}