{"id":11728,"date":"2019-06-05T11:11:34","date_gmt":"2019-06-05T11:11:34","guid":{"rendered":"https:\/\/www.vsacomunicacion.com\/lona-publicitaria-de-correos-en-calle-preciados\/"},"modified":"2019-06-05T11:11:34","modified_gmt":"2019-06-05T11:11:34","slug":"lona-publicitaria-de-correos-en-calle-preciados","status":"publish","type":"post","link":"https:\/\/www.vsacomunicacion.com\/en\/lona-publicitaria-de-correos-en-calle-preciados\/","title":{"rendered":"Lona Publicitaria de CORREOS en calle Preciados"},"content":{"rendered":"<p style=\"text-align: justify;\">CORREOS se ha actualizado. Ha decidido simplificar su imagen y ha renovado\u00a0su logo. Y, como <strong>CORREOS<\/strong> es una marca de todos y todas,\u00a0han querido comunic\u00e1rnoslo\u00a0a todos y todas&#8230; \u00bfC\u00f3mo?\u00a0Eligiendo el c\u00e9ntrico emplazamiento de <strong>VSA COMUNICACION<\/strong> en la calle Preciados de <strong>Madrid<\/strong> para su presentaci\u00f3n en el medio de publicidad exterior con una fant\u00e1stica y moderna lona publicitaria.<\/p>\n<p><a href=\"https:\/\/www.vsacomunicacion.com\/wp-content\/uploads\/2019\/09\/lona-publicitaria-madrid-preciados-13-correos-noche-vsa-comunicacion.jpg\" rel=\"attachment wp-att-4977\"><img fetchpriority=\"high\" decoding=\"async\" class=\"aligncenter size-full wp-image-4977\" src=\"https:\/\/www.vsacomunicacion.com\/wp-content\/uploads\/2019\/09\/lona-publicitaria-madrid-preciados-13-correos-noche-vsa-comunicacion.jpg\" alt=\"lona-publicitaria-madrid-preciados-13-correos-noche-vsa-comunicacion\" width=\"884\" height=\"626\" srcset=\"https:\/\/www.vsacomunicacion.com\/wp-content\/uploads\/2019\/09\/lona-publicitaria-madrid-preciados-13-correos-noche-vsa-comunicacion.jpg 884w, https:\/\/www.vsacomunicacion.com\/wp-content\/uploads\/2019\/09\/lona-publicitaria-madrid-preciados-13-correos-noche-vsa-comunicacion-300x212.jpg 300w, https:\/\/www.vsacomunicacion.com\/wp-content\/uploads\/2019\/09\/lona-publicitaria-madrid-preciados-13-correos-noche-vsa-comunicacion-768x544.jpg 768w\" sizes=\"(max-width: 884px) 100vw, 884px\" \/><\/a><\/p>\n<p style=\"text-align: justify;\">La actualizaci\u00f3n del logo de la compa\u00f1\u00eda mantiene la\u00a0cornamusa y la corona, legado hist\u00f3rico de <strong>CORREOS<\/strong>, as\u00ed como el\u00a0amarillo, su color corporativo, para mantenerse reconocible. Y elimina el nombre, dando paso al isotipo en su forma m\u00e1s sencilla. Un\u00a0s\u00edmbolo internacional, universal, que es reconocido por la sociedad espa\u00f1ola\u00a0 y aplicable a todo tipo de soportes y documentos, ya sean estos f\u00edsicos, impresos, audiovisuales o digitales.<\/p>\n<p style=\"text-align: justify;\">El nuevo logo se ha dise\u00f1ado desde el respeto al primer dise\u00f1o realizado en 1977 por\u00a0Jos\u00e9 Mar\u00eda Cruz Novillo, creador de la mayor\u00eda de los logos m\u00e1s importantes de la historia de este pa\u00eds. Correos ha reconocido, a propuesta del presidente de la compa\u00f1\u00eda, a Cruz Novillo como el s\u00e9ptimo\u00a0Cartero Honorario,\u00a0sum\u00e1ndose as\u00ed a la lista de insignes carteros como la Reina Do\u00f1a Sof\u00eda, Camilo Jos\u00e9 Cela y Antonio Mingote.<\/p>\n<p><a href=\"https:\/\/www.vsacomunicacion.com\/wp-content\/uploads\/2019\/09\/lona-publicitaria-madrid-preciados-13-correos-dia-vsa-comunicacion.jpg\" rel=\"attachment wp-att-4978\"><img decoding=\"async\" class=\"aligncenter size-full wp-image-4978\" src=\"https:\/\/www.vsacomunicacion.com\/wp-content\/uploads\/2019\/09\/lona-publicitaria-madrid-preciados-13-correos-dia-vsa-comunicacion.jpg\" alt=\"lona-publicitaria-madrid-preciados-13-correos-dia-vsa-comunicacion\" width=\"884\" height=\"626\" srcset=\"https:\/\/www.vsacomunicacion.com\/wp-content\/uploads\/2019\/09\/lona-publicitaria-madrid-preciados-13-correos-dia-vsa-comunicacion.jpg 884w, https:\/\/www.vsacomunicacion.com\/wp-content\/uploads\/2019\/09\/lona-publicitaria-madrid-preciados-13-correos-dia-vsa-comunicacion-300x212.jpg 300w, https:\/\/www.vsacomunicacion.com\/wp-content\/uploads\/2019\/09\/lona-publicitaria-madrid-preciados-13-correos-dia-vsa-comunicacion-768x544.jpg 768w\" sizes=\"(max-width: 884px) 100vw, 884px\" \/><\/a><\/p>\n<p style=\"text-align: justify;\">Los nuevos tiempos piden una imagen m\u00e1s sencilla, m\u00e1s adaptable, m\u00e1s sostenible, m\u00e1s limpia y \u00e1gil, m\u00e1s digital, m\u00e1s internacional, en definitiva, m\u00e1s de ahora,\u00a0\u00a0l\u00edneas estrat\u00e9gicas de esta compa\u00f1\u00eda que ha pasado de ser eminentemente postal en los \u00faltimos a\u00f1os, a empresa l\u00edder de paqueter\u00eda en Espa\u00f1a.<\/p>\n<p style=\"text-align: justify;\">Los nuevos tiempos llegan por correos!!<\/p>\n","protected":false},"excerpt":{"rendered":"<p>CORREOS se ha actualizado. Ha decidido simplificar su imagen y ha renovado\u00a0su logo. Y, como CORREOS es una marca de todos y todas,\u00a0han querido comunic\u00e1rnoslo\u00a0a todos y todas&#8230; \u00bfC\u00f3mo?\u00a0Eligiendo el c\u00e9ntrico emplazamiento de VSA COMUNICACION en la calle Preciados de [&hellip;]<\/p>\n","protected":false},"author":3,"featured_media":7843,"comment_status":"open","ping_status":"open","sticky":false,"template":"","format":"standard","meta":{"inline_featured_image":false,"footnotes":""},"categories":[1488,1489],"tags":[1704,1664,1705,1854,1706,1701,1708,1693,1694,1855,1856,1609,1611,1499,1769,1565,1585,1599,1586,1671],"class_list":["post-11728","post","type-post","status-publish","format-standard","has-post-thumbnail","hentry","category-lonas-publicitarias-en","category-madrid-en","tag-alto-prestigio-publicitario-en","tag-campana-publicitaria-en","tag-centro-ciudad-en","tag-correos-en","tag-emplazamiento-premium-en","tag-espectacular-en","tag-formato-espectacular-en","tag-gran-formato-en","tag-gran-notoriedad-en","tag-logo-en","tag-logotipo-en","tag-lonas-publicitarias-2-en","tag-lonas-publicitarias-madrid-en","tag-madrid-en","tag-preciados-en","tag-publicidad-ciudades-en","tag-publicidad-exterior-en","tag-publicidad-gran-formato-en","tag-publicidad-urbana-en","tag-trafico-rodado-en"],"_links":{"self":[{"href":"https:\/\/www.vsacomunicacion.com\/en\/wp-json\/wp\/v2\/posts\/11728"}],"collection":[{"href":"https:\/\/www.vsacomunicacion.com\/en\/wp-json\/wp\/v2\/posts"}],"about":[{"href":"https:\/\/www.vsacomunicacion.com\/en\/wp-json\/wp\/v2\/types\/post"}],"author":[{"embeddable":true,"href":"https:\/\/www.vsacomunicacion.com\/en\/wp-json\/wp\/v2\/users\/3"}],"replies":[{"embeddable":true,"href":"https:\/\/www.vsacomunicacion.com\/en\/wp-json\/wp\/v2\/comments?post=11728"}],"version-history":[{"count":0,"href":"https:\/\/www.vsacomunicacion.com\/en\/wp-json\/wp\/v2\/posts\/11728\/revisions"}],"wp:featuredmedia":[{"embeddable":true,"href":"https:\/\/www.vsacomunicacion.com\/en\/wp-json\/wp\/v2\/media\/7843"}],"wp:attachment":[{"href":"https:\/\/www.vsacomunicacion.com\/en\/wp-json\/wp\/v2\/media?parent=11728"}],"wp:term":[{"taxonomy":"category","embeddable":true,"href":"https:\/\/www.vsacomunicacion.com\/en\/wp-json\/wp\/v2\/categories?post=11728"},{"taxonomy":"post_tag","embeddable":true,"href":"https:\/\/www.vsacomunicacion.com\/en\/wp-json\/wp\/v2\/tags?post=11728"}],"curies":[{"name":"wp","href":"https:\/\/api.w.org\/{rel}","templated":true}]}}