{"id":11730,"date":"2019-06-04T15:47:22","date_gmt":"2019-06-04T15:47:22","guid":{"rendered":"https:\/\/www.vsacomunicacion.com\/circuito-de-pyms-de-beefeater-en-barcelona-2\/"},"modified":"2019-06-04T15:47:22","modified_gmt":"2019-06-04T15:47:22","slug":"circuito-de-pyms-de-beefeater-en-barcelona-2","status":"publish","type":"post","link":"https:\/\/www.vsacomunicacion.com\/en\/circuito-de-pyms-de-beefeater-en-barcelona-2\/","title":{"rendered":"Circuito de PYM&#8217;s de BEEFEATER en Barcelona"},"content":{"rendered":"<p style=\"text-align: justify;\">Continuamos con la incre\u00edble campa\u00f1a de publicidad exterior <strong>#RESP3CT<\/strong>, una campa\u00f1a que consigue despertar nuestra sensibilidad sin igual, impulsada\u00a0por la marca de ginebra inglesa <strong>BEEFEATER<\/strong> con la intenci\u00f3n de concienciarnos de la importancia de respetar a los dem\u00e1s sin moderaci\u00f3n.<\/p>\n<p style=\"text-align: justify;\">En el Circuito de\u00a0<strong>PYM\u2019s<\/strong>\u00a0de\u00a0<strong><b><span class=\"vsa-red\">VSA<\/span>\u00a0COMUNICACI\u00d3N<\/b><\/strong>\u00a0en la ciudad de <b>Barcelona<\/b>\u00a0veremos algunos de los testimonios y sus historias en las que piden\u00a0<strong>#RESP3CT<\/strong>!!<\/p>\n<p style=\"text-align: justify;\"><a href=\"https:\/\/www.vsacomunicacion.com\/wp-content\/uploads\/2019\/10\/pym-barcelona-aragon-170-beefeater-vsa-comunicacion.jpg\" rel=\"attachment wp-att-5051\"><img fetchpriority=\"high\" decoding=\"async\" class=\"aligncenter size-full wp-image-5051\" src=\"https:\/\/www.vsacomunicacion.com\/wp-content\/uploads\/2019\/10\/pym-barcelona-aragon-170-beefeater-vsa-comunicacion.jpg\" alt=\"pym-barcelona-aragon-170-beefeater-vsa-comunicacion\" width=\"884\" height=\"626\" srcset=\"https:\/\/www.vsacomunicacion.com\/wp-content\/uploads\/2019\/10\/pym-barcelona-aragon-170-beefeater-vsa-comunicacion.jpg 884w, https:\/\/www.vsacomunicacion.com\/wp-content\/uploads\/2019\/10\/pym-barcelona-aragon-170-beefeater-vsa-comunicacion-300x212.jpg 300w, https:\/\/www.vsacomunicacion.com\/wp-content\/uploads\/2019\/10\/pym-barcelona-aragon-170-beefeater-vsa-comunicacion-768x544.jpg 768w\" sizes=\"(max-width: 884px) 100vw, 884px\" \/><\/a><\/p>\n<p style=\"text-align: justify;\">Ya os hablamos del testimonio de Ana cuando escribimos sobre la <a href=\"https:\/\/www.vsacomunicacion.com\/lona-publicitaria-de-beefeater-en-malaga\/\">lona publicitaria<\/a>\u00a0de <strong>BEEFEATER<\/strong> que\u00a0ha estado expuesta en M\u00e1laga, pero tenemos m\u00e1s testimonios de la campa\u00f1a <strong>RESP3CT<\/strong>, como el de Robacho, un testimonio realmente positivo, que defiende que hoy en d\u00eda hay m\u00e1s respeto que el que hab\u00eda antes, m\u00e1s integraci\u00f3n, un mejor mundo&#8230;<\/p>\n<p style=\"text-align: justify;\">Ve el mundo como un sitio maravilloso y sorprendente, en que considera que estamos m\u00e1s unidos de lo que parece.<\/p>\n<p><a href=\"https:\/\/www.vsacomunicacion.com\/wp-content\/uploads\/2019\/10\/pym-barcelona-plaza-lesseps-170-beefeater-vsa-comunicacion.jpg\" rel=\"attachment wp-att-5052\"><img decoding=\"async\" class=\"aligncenter size-full wp-image-5052\" src=\"https:\/\/www.vsacomunicacion.com\/wp-content\/uploads\/2019\/10\/pym-barcelona-plaza-lesseps-170-beefeater-vsa-comunicacion.jpg\" alt=\"pym-barcelona-plaza-lesseps-170-beefeater-vsa-comunicacion\" width=\"884\" height=\"626\" srcset=\"https:\/\/www.vsacomunicacion.com\/wp-content\/uploads\/2019\/10\/pym-barcelona-plaza-lesseps-170-beefeater-vsa-comunicacion.jpg 884w, https:\/\/www.vsacomunicacion.com\/wp-content\/uploads\/2019\/10\/pym-barcelona-plaza-lesseps-170-beefeater-vsa-comunicacion-300x212.jpg 300w, https:\/\/www.vsacomunicacion.com\/wp-content\/uploads\/2019\/10\/pym-barcelona-plaza-lesseps-170-beefeater-vsa-comunicacion-768x544.jpg 768w\" sizes=\"(max-width: 884px) 100vw, 884px\" \/><\/a><\/p>\n<p style=\"text-align: justify;\">Robacho narra que se ha encontrado con ciertas situaciones por el simple hecho de ser de otra raza o de otro color, pero ha confiado siempre en el ser humano,\u00a0por esta raz\u00f3n\u00a0nunca ha sido algo que lo haya paralizado o le haya hecho sentir inferior. Es consciente que a veces todos podemos llegar a ser intolerantes o llegar\u00a0a rechazar\u00a0a otros.<\/p>\n<p style=\"text-align: justify;\">No se trata de razas, sexos ni religiones&#8230; Incluso reflexiona poniendo sobre la mesa una hip\u00f3tesis, en una situaci\u00f3n de peligro o complicada, si necesitamos ayuda, nos dar\u00e1 igual el color de piel de la persona o la lengua que hable la persona que nos puede ayudar, si necesitamos su ayuda y nos la ofrece, raro ser\u00eda que nos neg\u00e1ramos a recibirla.<\/p>\n<p style=\"text-align: justify;\"><em>\u00bfLo mejor para entender a los dem\u00e1s? Estar en sus zapatos! Entra en\u00a0<a href=\"https:\/\/www.tienesmirespeto.com\/\" target=\"_blank\" rel=\"noopener\">TienesMiRespeto.com<\/a>!!<\/em><\/p>\n","protected":false},"excerpt":{"rendered":"<p>Continuamos con la incre\u00edble campa\u00f1a de publicidad exterior #RESP3CT, una campa\u00f1a que consigue despertar nuestra sensibilidad sin igual, impulsada\u00a0por la marca de ginebra inglesa BEEFEATER con la intenci\u00f3n de concienciarnos de la importancia de respetar a los dem\u00e1s sin moderaci\u00f3n. [&hellip;]<\/p>\n","protected":false},"author":3,"featured_media":7864,"comment_status":"open","ping_status":"open","sticky":false,"template":"","format":"standard","meta":{"inline_featured_image":false,"footnotes":""},"categories":[1506,1593],"tags":[1857,1704,1516,1858,1859,1664,1705,1781,1708,1693,1694,1565,1585,1586,1676,1702,1671],"class_list":["post-11730","post","type-post","status-publish","format-standard","has-post-thumbnail","hentry","category-barcelona-en","category-pyms-en","tag-resp3ct-en","tag-alto-prestigio-publicitario-en","tag-barcelona-en","tag-beefeater-en","tag-campana-beefeater-en","tag-campana-publicitaria-en","tag-centro-ciudad-en","tag-circuito-urbano-en","tag-formato-espectacular-en","tag-gran-formato-en","tag-gran-notoriedad-en","tag-publicidad-ciudades-en","tag-publicidad-exterior-en","tag-publicidad-urbana-en","tag-pyms-2-en","tag-pyms-barcelona-en","tag-trafico-rodado-en"],"_links":{"self":[{"href":"https:\/\/www.vsacomunicacion.com\/en\/wp-json\/wp\/v2\/posts\/11730"}],"collection":[{"href":"https:\/\/www.vsacomunicacion.com\/en\/wp-json\/wp\/v2\/posts"}],"about":[{"href":"https:\/\/www.vsacomunicacion.com\/en\/wp-json\/wp\/v2\/types\/post"}],"author":[{"embeddable":true,"href":"https:\/\/www.vsacomunicacion.com\/en\/wp-json\/wp\/v2\/users\/3"}],"replies":[{"embeddable":true,"href":"https:\/\/www.vsacomunicacion.com\/en\/wp-json\/wp\/v2\/comments?post=11730"}],"version-history":[{"count":0,"href":"https:\/\/www.vsacomunicacion.com\/en\/wp-json\/wp\/v2\/posts\/11730\/revisions"}],"wp:featuredmedia":[{"embeddable":true,"href":"https:\/\/www.vsacomunicacion.com\/en\/wp-json\/wp\/v2\/media\/7864"}],"wp:attachment":[{"href":"https:\/\/www.vsacomunicacion.com\/en\/wp-json\/wp\/v2\/media?parent=11730"}],"wp:term":[{"taxonomy":"category","embeddable":true,"href":"https:\/\/www.vsacomunicacion.com\/en\/wp-json\/wp\/v2\/categories?post=11730"},{"taxonomy":"post_tag","embeddable":true,"href":"https:\/\/www.vsacomunicacion.com\/en\/wp-json\/wp\/v2\/tags?post=11730"}],"curies":[{"name":"wp","href":"https:\/\/api.w.org\/{rel}","templated":true}]}}