{"id":11732,"date":"2019-06-03T08:37:54","date_gmt":"2019-06-03T08:37:54","guid":{"rendered":"https:\/\/www.vsacomunicacion.com\/lona-publicitaria-de-calzedonia-en-la-barceloneta\/"},"modified":"2019-06-03T08:37:54","modified_gmt":"2019-06-03T08:37:54","slug":"lona-publicitaria-de-calzedonia-en-la-barceloneta","status":"publish","type":"post","link":"https:\/\/www.vsacomunicacion.com\/en\/lona-publicitaria-de-calzedonia-en-la-barceloneta\/","title":{"rendered":"Lona Publicitaria de CALZEDONIA en la Barceloneta"},"content":{"rendered":"<p style=\"text-align: justify;\">En el emplazamiento m\u00e1s &#8220;fresco&#8221; de <strong>VSA COMUNICACION<\/strong>\u00a0en la ciudad de <strong>Barcelona<\/strong> podemos ver estos d\u00edas una espectacular lona publicitaria de <strong>CALZEDONIA<\/strong> incluida en\u00a0su campa\u00f1a de publicidad para presentar, de la mano de la famosa periodista <strong>Sara Carbonero<\/strong>, la nueva colecci\u00f3n de biquinis y ba\u00f1adores, apta para todos los cuerpos y a precios muy asequibles.<\/p>\n<p style=\"text-align: justify;\">Este incre\u00edble emplazamiento se encuentra en el barrio de la Barceloneta, una zona muy concurrida, d\u00eda y noche, por turistas\u00a0y aut\u00f3ctonos de la ciudad, y a\u00fan m\u00e1s en esta \u00e9poca del a\u00f1o, en la que apetece escapar un poco del calor de la ciudad y estar cerca del mar.\u00a0Su visibilidad es absolutamente excelente.<\/p>\n<p style=\"text-align: justify;\"><a href=\"https:\/\/www.vsacomunicacion.com\/wp-content\/uploads\/2019\/06\/lona-publicitaria-barcelona-plaza-del-mar-1-calzedonia-noche-vsa-comunicacion.jpg\" rel=\"attachment wp-att-4951\"><img fetchpriority=\"high\" decoding=\"async\" class=\"aligncenter size-full wp-image-4951\" src=\"https:\/\/www.vsacomunicacion.com\/wp-content\/uploads\/2019\/06\/lona-publicitaria-barcelona-plaza-del-mar-1-calzedonia-noche-vsa-comunicacion.jpg\" alt=\"lona-publicitaria-barcelona-plaza-del-mar-1-calzedonia-noche-vsa-comunicacion\" width=\"884\" height=\"626\" srcset=\"https:\/\/www.vsacomunicacion.com\/wp-content\/uploads\/2019\/06\/lona-publicitaria-barcelona-plaza-del-mar-1-calzedonia-noche-vsa-comunicacion.jpg 884w, https:\/\/www.vsacomunicacion.com\/wp-content\/uploads\/2019\/06\/lona-publicitaria-barcelona-plaza-del-mar-1-calzedonia-noche-vsa-comunicacion-300x212.jpg 300w, https:\/\/www.vsacomunicacion.com\/wp-content\/uploads\/2019\/06\/lona-publicitaria-barcelona-plaza-del-mar-1-calzedonia-noche-vsa-comunicacion-768x544.jpg 768w\" sizes=\"(max-width: 884px) 100vw, 884px\" \/><\/a><\/p>\n<p style=\"text-align: justify;\">Tanto si vas a disfrutar de las olas o a tomar el sol en la piscina, sin duda experimentar\u00e1s lo mejor de la ropa de playa y los ba\u00f1adores de <strong>CALZEDONIA<\/strong>. Todos\u00a0sus biquinis y\u00a0ba\u00f1adores enteros\u00a0est\u00e1n fabricados con materiales suaves y el\u00e1sticos que se adaptan perfectamente durante el verano. Conseguir\u00e1s un look muy elegante gracias a sus detalles de moda, como flores y lazos, o a sus bonitos dise\u00f1os de estampados tropicales.<\/p>\n<p style=\"text-align: justify;\">Hay una amplia selecci\u00f3n de\u00a0biquini tops, disponibles en diferentes estampados y dise\u00f1os. Incluso para\u00a0las que son muy exigentes y cuidadosas al elegir un bikini perfecto, en CALZEDONIA est\u00e1n seguros de que quedar\u00e1n completamente satisfechas con su sensaci\u00f3n y apariencia mientras los llevan puestos.<\/p>\n<p style=\"text-align: justify;\"><a href=\"https:\/\/www.vsacomunicacion.com\/wp-content\/uploads\/2019\/06\/lona-publicitaria-barcelona-plaza-del-mar-1-calzedonia-2-noche-vsa-comunicacion.jpg\" rel=\"attachment wp-att-4950\"><img decoding=\"async\" class=\"aligncenter size-full wp-image-4950\" src=\"https:\/\/www.vsacomunicacion.com\/wp-content\/uploads\/2019\/06\/lona-publicitaria-barcelona-plaza-del-mar-1-calzedonia-2-noche-vsa-comunicacion.jpg\" alt=\"lona-publicitaria-barcelona-plaza-del-mar-1-calzedonia-2-noche-vsa-comunicacion\" width=\"884\" height=\"626\" srcset=\"https:\/\/www.vsacomunicacion.com\/wp-content\/uploads\/2019\/06\/lona-publicitaria-barcelona-plaza-del-mar-1-calzedonia-2-noche-vsa-comunicacion.jpg 884w, https:\/\/www.vsacomunicacion.com\/wp-content\/uploads\/2019\/06\/lona-publicitaria-barcelona-plaza-del-mar-1-calzedonia-2-noche-vsa-comunicacion-300x212.jpg 300w, https:\/\/www.vsacomunicacion.com\/wp-content\/uploads\/2019\/06\/lona-publicitaria-barcelona-plaza-del-mar-1-calzedonia-2-noche-vsa-comunicacion-768x544.jpg 768w\" sizes=\"(max-width: 884px) 100vw, 884px\" \/><\/a><\/p>\n<p style=\"text-align: justify;\">Las\u00a0braguitas de biquini\u00a0est\u00e1n disponibles en muchos dise\u00f1os: slips cl\u00e1sicos, de corte brasile\u00f1o, tangas y pantalones cortos.<\/p>\n<p style=\"text-align: justify;\">\u00a1Seguro que todas encontrar\u00e1n una braguita de biquini que les quede perfecta!<\/p>\n<p style=\"text-align: justify;\">Atr\u00e9vete a llamar la atenci\u00f3n con los ba\u00f1adores enteros dise\u00f1ados y disponibles en muchos colores: con volantes, lazos y detalles entrecruzados, ser\u00e1s el centro de atenci\u00f3n en todas partes.<\/p>\n<p style=\"text-align: justify;\"><em>Si quieres\u00a0comprar la colecci\u00f3n de ba\u00f1adores y ropa de playa perfecta para esta temporada de verano, ves a <a href=\"https:\/\/es.calzedonia.com\/\" target=\"_blank\" rel=\"noopener\">CALZEDONIA<\/a>!!<\/em><\/p>\n","protected":false},"excerpt":{"rendered":"<p>En el emplazamiento m\u00e1s &#8220;fresco&#8221; de VSA COMUNICACION\u00a0en la ciudad de Barcelona podemos ver estos d\u00edas una espectacular lona publicitaria de CALZEDONIA incluida en\u00a0su campa\u00f1a de publicidad para presentar, de la mano de la famosa periodista Sara Carbonero, la nueva [&hellip;]<\/p>\n","protected":false},"author":3,"featured_media":7835,"comment_status":"open","ping_status":"open","sticky":false,"template":"","format":"standard","meta":{"inline_featured_image":false,"footnotes":""},"categories":[1506,1488],"tags":[1704,1516,1829,1830,1664,1706,1701,1708,1693,1694,1680,1609,1581,1565,1585,1599,1586,1831,1671],"class_list":["post-11732","post","type-post","status-publish","format-standard","has-post-thumbnail","hentry","category-barcelona-en","category-lonas-publicitarias-en","tag-alto-prestigio-publicitario-en","tag-barcelona-en","tag-calzedonia-en","tag-campana-calzedonia-en","tag-campana-publicitaria-en","tag-emplazamiento-premium-en","tag-espectacular-en","tag-formato-espectacular-en","tag-gran-formato-en","tag-gran-notoriedad-en","tag-lona-espectacular-en","tag-lonas-publicitarias-2-en","tag-lonas-publicitarias-barcelona-en","tag-publicidad-ciudades-en","tag-publicidad-exterior-en","tag-publicidad-gran-formato-en","tag-publicidad-urbana-en","tag-sara-carbonero-en","tag-trafico-rodado-en"],"_links":{"self":[{"href":"https:\/\/www.vsacomunicacion.com\/en\/wp-json\/wp\/v2\/posts\/11732"}],"collection":[{"href":"https:\/\/www.vsacomunicacion.com\/en\/wp-json\/wp\/v2\/posts"}],"about":[{"href":"https:\/\/www.vsacomunicacion.com\/en\/wp-json\/wp\/v2\/types\/post"}],"author":[{"embeddable":true,"href":"https:\/\/www.vsacomunicacion.com\/en\/wp-json\/wp\/v2\/users\/3"}],"replies":[{"embeddable":true,"href":"https:\/\/www.vsacomunicacion.com\/en\/wp-json\/wp\/v2\/comments?post=11732"}],"version-history":[{"count":0,"href":"https:\/\/www.vsacomunicacion.com\/en\/wp-json\/wp\/v2\/posts\/11732\/revisions"}],"wp:featuredmedia":[{"embeddable":true,"href":"https:\/\/www.vsacomunicacion.com\/en\/wp-json\/wp\/v2\/media\/7835"}],"wp:attachment":[{"href":"https:\/\/www.vsacomunicacion.com\/en\/wp-json\/wp\/v2\/media?parent=11732"}],"wp:term":[{"taxonomy":"category","embeddable":true,"href":"https:\/\/www.vsacomunicacion.com\/en\/wp-json\/wp\/v2\/categories?post=11732"},{"taxonomy":"post_tag","embeddable":true,"href":"https:\/\/www.vsacomunicacion.com\/en\/wp-json\/wp\/v2\/tags?post=11732"}],"curies":[{"name":"wp","href":"https:\/\/api.w.org\/{rel}","templated":true}]}}