{"id":11733,"date":"2019-05-30T10:26:45","date_gmt":"2019-05-30T10:26:45","guid":{"rendered":"https:\/\/www.vsacomunicacion.com\/lona-publicitaria-de-beefeater-en-malaga\/"},"modified":"2019-05-30T10:26:45","modified_gmt":"2019-05-30T10:26:45","slug":"lona-publicitaria-de-beefeater-en-malaga","status":"publish","type":"post","link":"https:\/\/www.vsacomunicacion.com\/en\/lona-publicitaria-de-beefeater-en-malaga\/","title":{"rendered":"Lona Publicitaria de BEEFEATER en M\u00e1laga"},"content":{"rendered":"<p style=\"text-align: justify;\">Nos alegra comunicar el inicio del nuevo emplazamiento de <strong>VSA COMUNICACION<\/strong> en la ciudad de <strong>M\u00e1laga<\/strong>!!\u00a0Y la\u00a0mejor manera de\u00a0inaugurarlo\u00a0es, junto a <strong>BEEFEATER\u00a0<\/strong>y su excelente campa\u00f1a de publicidad\u00a0<strong>#RESP3CT,\u00a0<\/strong>intentando\u00a0concienciar en la importancia del respeto y tolerancia entre unos y otros.<\/p>\n<p style=\"text-align: justify;\">Os comentamos hace unos d\u00edas de lo orgullosos que est\u00e1bamos de formar parte de esta incre\u00edble campa\u00f1a y que eligieran nuestro <a href=\"https:\/\/www.vsacomunicacion.com\/circuito-de-pyms-de-beefeater-en-madrid-2\/\">Circuito de PYM&#8217;s de Madrid<\/a>, por lo que, no podemos estar m\u00e1s encantados de que hayan elegido, tambi\u00e9n,\u00a0nuestro emplazamiento en M\u00e1laga y exponer esta\u00a0magn\u00edfica <strong>lona publicitaria<\/strong>.<\/p>\n<p><a href=\"https:\/\/www.vsacomunicacion.com\/wp-content\/uploads\/2019\/06\/lona-publicitaria-malaga-albert-camus-1-beefeater-dia-vsa-comunicacion.jpg\" rel=\"attachment wp-att-4957\"><img fetchpriority=\"high\" decoding=\"async\" class=\"aligncenter size-full wp-image-4957\" src=\"https:\/\/www.vsacomunicacion.com\/wp-content\/uploads\/2019\/06\/lona-publicitaria-malaga-albert-camus-1-beefeater-dia-vsa-comunicacion.jpg\" alt=\"lona-publicitaria-malaga-albert-camus-1-beefeater-dia-vsa-comunicacion\" width=\"884\" height=\"626\" srcset=\"https:\/\/www.vsacomunicacion.com\/wp-content\/uploads\/2019\/06\/lona-publicitaria-malaga-albert-camus-1-beefeater-dia-vsa-comunicacion.jpg 884w, https:\/\/www.vsacomunicacion.com\/wp-content\/uploads\/2019\/06\/lona-publicitaria-malaga-albert-camus-1-beefeater-dia-vsa-comunicacion-300x212.jpg 300w, https:\/\/www.vsacomunicacion.com\/wp-content\/uploads\/2019\/06\/lona-publicitaria-malaga-albert-camus-1-beefeater-dia-vsa-comunicacion-768x544.jpg 768w\" sizes=\"(max-width: 884px) 100vw, 884px\" \/><\/a><\/p>\n<p style=\"text-align: justify;\">El nuevo emplazamiento de <strong>VSA COMUNICACION<\/strong> est\u00e1 situado en el coraz\u00f3n de la ciudad, en la Avenida Andaluc\u00eda frente al centro comercial El Corte Ingl\u00e9s, con varios recorridos de visi\u00f3n destacando el de la Avenida Alameda Principal en su prolongaci\u00f3n hacia la Avenida Andaluc\u00eda, con el intercambiador de tr\u00e1fico m\u00e1s importante de M\u00e1laga.<\/p>\n<p style=\"text-align: justify;\"><strong>BEEFEATER<\/strong>, en su campa\u00f1a <strong>#RESP3CT<\/strong>,\u00a0recoge varios testimonios de respeto, o falta de respeto, como el caso de Ana, la chica que ha prestado su imagen para esta creatividad, a la que le cuesta entender porqu\u00e9 su imagen, en el que destaca su cuerpo tatuado, puede llegar a ser tan agresiva que llegue a intimidar o repulsar a otra persona, solo por su aspecto.<\/p>\n<p style=\"text-align: justify;\"><em>\u00bfLo mejor para entender a los dem\u00e1s? Estar en sus zapatos! Entra en\u00a0<a href=\"https:\/\/www.tienesmirespeto.com\/\" target=\"_blank\" rel=\"noopener\">TienesMiRespeto.com<\/a>!!<\/em><\/p>\n","protected":false},"excerpt":{"rendered":"<p>Nos alegra comunicar el inicio del nuevo emplazamiento de VSA COMUNICACION en la ciudad de M\u00e1laga!!\u00a0Y la\u00a0mejor manera de\u00a0inaugurarlo\u00a0es, junto a BEEFEATER\u00a0y su excelente campa\u00f1a de publicidad\u00a0#RESP3CT,\u00a0intentando\u00a0concienciar en la importancia del respeto y tolerancia entre unos y otros. Os comentamos [&hellip;]<\/p>\n","protected":false},"author":3,"featured_media":7837,"comment_status":"open","ping_status":"open","sticky":false,"template":"","format":"standard","meta":{"inline_featured_image":false,"footnotes":""},"categories":[1488,1813],"tags":[1857,1704,1858,1859,1664,1705,1706,1701,1708,1693,1694,1609,1815,1816,1565,1585,1599,1586,1671],"class_list":["post-11733","post","type-post","status-publish","format-standard","has-post-thumbnail","hentry","category-lonas-publicitarias-en","category-malaga-en","tag-resp3ct-en","tag-alto-prestigio-publicitario-en","tag-beefeater-en","tag-campana-beefeater-en","tag-campana-publicitaria-en","tag-centro-ciudad-en","tag-emplazamiento-premium-en","tag-espectacular-en","tag-formato-espectacular-en","tag-gran-formato-en","tag-gran-notoriedad-en","tag-lonas-publicitarias-2-en","tag-lonas-publicitarias-malaga-en","tag-malaga-en","tag-publicidad-ciudades-en","tag-publicidad-exterior-en","tag-publicidad-gran-formato-en","tag-publicidad-urbana-en","tag-trafico-rodado-en"],"_links":{"self":[{"href":"https:\/\/www.vsacomunicacion.com\/en\/wp-json\/wp\/v2\/posts\/11733"}],"collection":[{"href":"https:\/\/www.vsacomunicacion.com\/en\/wp-json\/wp\/v2\/posts"}],"about":[{"href":"https:\/\/www.vsacomunicacion.com\/en\/wp-json\/wp\/v2\/types\/post"}],"author":[{"embeddable":true,"href":"https:\/\/www.vsacomunicacion.com\/en\/wp-json\/wp\/v2\/users\/3"}],"replies":[{"embeddable":true,"href":"https:\/\/www.vsacomunicacion.com\/en\/wp-json\/wp\/v2\/comments?post=11733"}],"version-history":[{"count":0,"href":"https:\/\/www.vsacomunicacion.com\/en\/wp-json\/wp\/v2\/posts\/11733\/revisions"}],"wp:featuredmedia":[{"embeddable":true,"href":"https:\/\/www.vsacomunicacion.com\/en\/wp-json\/wp\/v2\/media\/7837"}],"wp:attachment":[{"href":"https:\/\/www.vsacomunicacion.com\/en\/wp-json\/wp\/v2\/media?parent=11733"}],"wp:term":[{"taxonomy":"category","embeddable":true,"href":"https:\/\/www.vsacomunicacion.com\/en\/wp-json\/wp\/v2\/categories?post=11733"},{"taxonomy":"post_tag","embeddable":true,"href":"https:\/\/www.vsacomunicacion.com\/en\/wp-json\/wp\/v2\/tags?post=11733"}],"curies":[{"name":"wp","href":"https:\/\/api.w.org\/{rel}","templated":true}]}}