{"id":11734,"date":"2019-05-24T11:14:55","date_gmt":"2019-05-24T11:14:55","guid":{"rendered":"https:\/\/www.vsacomunicacion.com\/lona-publicitaria-de-amazon-en-barcelona-2\/"},"modified":"2019-05-24T11:14:55","modified_gmt":"2019-05-24T11:14:55","slug":"lona-publicitaria-de-amazon-en-barcelona-2","status":"publish","type":"post","link":"https:\/\/www.vsacomunicacion.com\/en\/lona-publicitaria-de-amazon-en-barcelona-2\/","title":{"rendered":"Lona Publicitaria de AMAZON en Barcelona"},"content":{"rendered":"<p style=\"text-align: justify;\">Este mes de mayo nos despedimos de este emplazamiento PREMIUM ubicado en la conocida Plaza Urquinaona de <strong>Barcelona<\/strong> de la mano de <strong>AMAZON PRIME VIDEO<\/strong>, un anunciante que deposita su confianza una vez m\u00e1s en nuestros soportes publicitarios, con una incre\u00edble <strong>lona publicitaria\u00a0<\/strong>promocionando la nueva serie de su plataforma.<\/p>\n<p style=\"text-align: justify;\">Este emplazamiento de <strong>VSA COMUNICACI\u00d3N<\/strong> se encuentra ubicado en el centro neur\u00e1lgico de la ciudad a pocos metros de Plaza Catalunya, se ha caracterizado por la gran densidad de tr\u00e1fico de la zona tanto rodado como peatonal durante todo el a\u00f1o, beneficiando a nuestros anunciantes a conseguir una buena cobertura en sus campa\u00f1as de publicidad exterior.<\/p>\n<p style=\"text-align: justify;\"><a href=\"https:\/\/www.vsacomunicacion.com\/wp-content\/uploads\/2019\/05\/lona-publicitaria-barcelona-plaza-urquinaona-12-amazon-prime-hanna-noche-vsa-comunicacion.jpg\" rel=\"attachment wp-att-4875\"><img fetchpriority=\"high\" decoding=\"async\" class=\"aligncenter size-full wp-image-4875\" src=\"https:\/\/www.vsacomunicacion.com\/wp-content\/uploads\/2019\/05\/lona-publicitaria-barcelona-plaza-urquinaona-12-amazon-prime-hanna-noche-vsa-comunicacion.jpg\" alt=\"lona-publicitaria-barcelona-plaza-urquinaona-12-amazon-prime-hanna-noche-vsa-comunicacion\" width=\"884\" height=\"626\" srcset=\"https:\/\/www.vsacomunicacion.com\/wp-content\/uploads\/2019\/05\/lona-publicitaria-barcelona-plaza-urquinaona-12-amazon-prime-hanna-noche-vsa-comunicacion.jpg 884w, https:\/\/www.vsacomunicacion.com\/wp-content\/uploads\/2019\/05\/lona-publicitaria-barcelona-plaza-urquinaona-12-amazon-prime-hanna-noche-vsa-comunicacion-300x212.jpg 300w, https:\/\/www.vsacomunicacion.com\/wp-content\/uploads\/2019\/05\/lona-publicitaria-barcelona-plaza-urquinaona-12-amazon-prime-hanna-noche-vsa-comunicacion-768x544.jpg 768w\" sizes=\"(max-width: 884px) 100vw, 884px\" \/><\/a><\/p>\n<p style=\"text-align: justify;\">En esta lona publicitaria nos presentan la serie de AMAZON PRIME VIDEO,<strong> HANNA<\/strong>, un trepidante <em>thriller<\/em> de acci\u00f3n en el que una chica de 15 a\u00f1os ha sido criada en un bosque de Finlandia, aislada del resto del mundo y en compa\u00f1\u00eda s\u00f3lo de su padre, quien la entrenaba a diario para convertirla en una perfecta asesina y defenderse de una agente de la CIA obsesionada en encontrar a\u00a0la ni\u00f1a a cualquier precio.<\/p>\n<p style=\"text-align: justify;\"><a href=\"https:\/\/www.vsacomunicacion.com\/wp-content\/uploads\/2019\/05\/lona-publicitaria-barcelona-plaza-urquinaona-12-amazon-prime-hanna-dia-vsa-comunicacion.jpg\" rel=\"attachment wp-att-4876\"><img decoding=\"async\" class=\"aligncenter size-full wp-image-4876\" src=\"https:\/\/www.vsacomunicacion.com\/wp-content\/uploads\/2019\/05\/lona-publicitaria-barcelona-plaza-urquinaona-12-amazon-prime-hanna-dia-vsa-comunicacion.jpg\" alt=\"lona-publicitaria-barcelona-plaza-urquinaona-12-amazon-prime-hanna-dia-vsa-comunicacion\" width=\"884\" height=\"626\" srcset=\"https:\/\/www.vsacomunicacion.com\/wp-content\/uploads\/2019\/05\/lona-publicitaria-barcelona-plaza-urquinaona-12-amazon-prime-hanna-dia-vsa-comunicacion.jpg 884w, https:\/\/www.vsacomunicacion.com\/wp-content\/uploads\/2019\/05\/lona-publicitaria-barcelona-plaza-urquinaona-12-amazon-prime-hanna-dia-vsa-comunicacion-300x212.jpg 300w, https:\/\/www.vsacomunicacion.com\/wp-content\/uploads\/2019\/05\/lona-publicitaria-barcelona-plaza-urquinaona-12-amazon-prime-hanna-dia-vsa-comunicacion-768x544.jpg 768w\" sizes=\"(max-width: 884px) 100vw, 884px\" \/><\/a><\/p>\n<p style=\"text-align: justify;\">Con la suscripci\u00f3n de AMAZON PRIME, podr\u00e1s ver pel\u00edculas y series, adem\u00e1s de series Prime Originals como The Grand Tour, Sneaky Pete y The Man in the High Castle. Adem\u00e1s, disfruta de env\u00edo en 1 d\u00eda gratis ilimitado en 2 millones de productos.<\/p>\n<p style=\"text-align: justify;\">\u00a1\u00a1No esperes m\u00e1s y visita ya su p\u00e1gina <a href=\"https:\/\/www.primevideo.com\/?ref_=dvm_pds_amz_ES_lb_s_g|c_267060339119_m_OnYaCEXG-dc_s__\" target=\"_blank\" rel=\"noopener\">web<\/a>!!<\/p>\n","protected":false},"excerpt":{"rendered":"<p>Este mes de mayo nos despedimos de este emplazamiento PREMIUM ubicado en la conocida Plaza Urquinaona de Barcelona de la mano de AMAZON PRIME VIDEO, un anunciante que deposita su confianza una vez m\u00e1s en nuestros soportes publicitarios, con una [&hellip;]<\/p>\n","protected":false},"author":3,"featured_media":7816,"comment_status":"open","ping_status":"open","sticky":false,"template":"","format":"standard","meta":{"inline_featured_image":false,"footnotes":""},"categories":[1506,1488],"tags":[1704,1725,1667,1668,1516,1664,1705,1706,1701,1708,1693,1694,1860,1680,1579,1609,1581,1666,1861,1565,1585,1599,1586,1671],"class_list":["post-11734","post","type-post","status-publish","format-standard","has-post-thumbnail","hentry","category-barcelona-en","category-lonas-publicitarias-en","tag-alto-prestigio-publicitario-en","tag-amazon-en","tag-amazon-prime-en","tag-amazon-prime-video-en","tag-barcelona-en","tag-campana-publicitaria-en","tag-centro-ciudad-en","tag-emplazamiento-premium-en","tag-espectacular-en","tag-formato-espectacular-en","tag-gran-formato-en","tag-gran-notoriedad-en","tag-hanna-en","tag-lona-espectacular-en","tag-lona-gran-formato-en","tag-lonas-publicitarias-2-en","tag-lonas-publicitarias-barcelona-en","tag-paseo-de-gracia-en","tag-plaza-cataluna-en","tag-publicidad-ciudades-en","tag-publicidad-exterior-en","tag-publicidad-gran-formato-en","tag-publicidad-urbana-en","tag-trafico-rodado-en"],"_links":{"self":[{"href":"https:\/\/www.vsacomunicacion.com\/en\/wp-json\/wp\/v2\/posts\/11734"}],"collection":[{"href":"https:\/\/www.vsacomunicacion.com\/en\/wp-json\/wp\/v2\/posts"}],"about":[{"href":"https:\/\/www.vsacomunicacion.com\/en\/wp-json\/wp\/v2\/types\/post"}],"author":[{"embeddable":true,"href":"https:\/\/www.vsacomunicacion.com\/en\/wp-json\/wp\/v2\/users\/3"}],"replies":[{"embeddable":true,"href":"https:\/\/www.vsacomunicacion.com\/en\/wp-json\/wp\/v2\/comments?post=11734"}],"version-history":[{"count":0,"href":"https:\/\/www.vsacomunicacion.com\/en\/wp-json\/wp\/v2\/posts\/11734\/revisions"}],"wp:featuredmedia":[{"embeddable":true,"href":"https:\/\/www.vsacomunicacion.com\/en\/wp-json\/wp\/v2\/media\/7816"}],"wp:attachment":[{"href":"https:\/\/www.vsacomunicacion.com\/en\/wp-json\/wp\/v2\/media?parent=11734"}],"wp:term":[{"taxonomy":"category","embeddable":true,"href":"https:\/\/www.vsacomunicacion.com\/en\/wp-json\/wp\/v2\/categories?post=11734"},{"taxonomy":"post_tag","embeddable":true,"href":"https:\/\/www.vsacomunicacion.com\/en\/wp-json\/wp\/v2\/tags?post=11734"}],"curies":[{"name":"wp","href":"https:\/\/api.w.org\/{rel}","templated":true}]}}