{"id":11735,"date":"2019-05-20T07:59:25","date_gmt":"2019-05-20T07:59:25","guid":{"rendered":"https:\/\/www.vsacomunicacion.com\/lona-publicitaria-de-ciudadanos-en-madrid\/"},"modified":"2019-05-20T07:59:25","modified_gmt":"2019-05-20T07:59:25","slug":"lona-publicitaria-de-ciudadanos-en-madrid","status":"publish","type":"post","link":"https:\/\/www.vsacomunicacion.com\/en\/lona-publicitaria-de-ciudadanos-en-madrid\/","title":{"rendered":"Lona Publicitaria de CIUDADANOS en Madrid"},"content":{"rendered":"<p style=\"text-align: justify;\">En\u00a0<strong>VSA COMUNICACION<\/strong>\u00a0estrenamos el nuevo emplazamiento en la Calle Alcal\u00e1 con\u00a0la\u00a0<strong>lona publicitaria<\/strong>\u00a0de\u00a0<strong>CIUDADANOS<\/strong>\u00a0para las elecciones municipales del pr\u00f3ximo 26 de mayo.\u00a0<strong>Bego\u00f1a Villac\u00eds<\/strong>\u00a0es la\u00a0candidata\u00a0propuesta por\u00a0el\u00a0partido pol\u00edtico\u00a0para\u00a0la ciudad de Madrid.<\/p>\n<p style=\"text-align: justify;\">Este emplazamiento se encuentra en el coraz\u00f3n del Barrio Salamanca, barrio comercial por excelencia.\u00a0Con espectacular visibilidad para los coches que circulan en direcci\u00f3n al Paseo de la Castellana y la Puerta de Alcal\u00e1, una de las v\u00edas m\u00e1s conocidas y transitadas dentro de la ciudad.<\/p>\n<p><a href=\"https:\/\/www.vsacomunicacion.com\/wp-content\/uploads\/2019\/06\/lona-publicitaria-madrid-alcala-136-ciudadanos-noche-vsa-comunicacion.jpg\" rel=\"attachment wp-att-4881\"><img fetchpriority=\"high\" decoding=\"async\" class=\"aligncenter size-full wp-image-4881\" src=\"https:\/\/www.vsacomunicacion.com\/wp-content\/uploads\/2019\/06\/lona-publicitaria-madrid-alcala-136-ciudadanos-noche-vsa-comunicacion.jpg\" alt=\"lona-publicitaria-madrid-alcala-136-ciudadanos-noche-vsa-comunicacion\" width=\"884\" height=\"626\" srcset=\"https:\/\/www.vsacomunicacion.com\/wp-content\/uploads\/2019\/06\/lona-publicitaria-madrid-alcala-136-ciudadanos-noche-vsa-comunicacion.jpg 884w, https:\/\/www.vsacomunicacion.com\/wp-content\/uploads\/2019\/06\/lona-publicitaria-madrid-alcala-136-ciudadanos-noche-vsa-comunicacion-300x212.jpg 300w, https:\/\/www.vsacomunicacion.com\/wp-content\/uploads\/2019\/06\/lona-publicitaria-madrid-alcala-136-ciudadanos-noche-vsa-comunicacion-768x544.jpg 768w\" sizes=\"(max-width: 884px) 100vw, 884px\" \/><\/a><\/p>\n<p style=\"text-align: justify;\">La candidata al Ayuntamiento de Madrid por el partido naranja, Bego\u00f1a Villac\u00eds, es licenciada en Derecho y ha desarrollado su actividad laboral como abogada en Espa\u00f1a y EEUU, especializ\u00e1ndose en Derecho Tributario, Laboral y Mercantil.<\/p>\n<p style=\"text-align: justify;\">Se define como una persona liberal y luchadora, centrando su oposici\u00f3n a Carmena, actual Alcaldesa de la ciudad, en la lucha contra la suciedad y el abandono de las calles, la modificaci\u00f3n parcial de Madrid Central y el derecho de las familias a elegir la educaci\u00f3n de sus hijos.<\/p>\n<p><a href=\"https:\/\/www.vsacomunicacion.com\/wp-content\/uploads\/2019\/06\/lona-publicitaria-madrid-alcala-136-ciudadanos-dia-vsa-comunicacion.jpg\" rel=\"attachment wp-att-4882\"><img decoding=\"async\" class=\"aligncenter size-full wp-image-4882\" src=\"https:\/\/www.vsacomunicacion.com\/wp-content\/uploads\/2019\/06\/lona-publicitaria-madrid-alcala-136-ciudadanos-dia-vsa-comunicacion.jpg\" alt=\"lona-publicitaria-madrid-alcala-136-ciudadanos-dia-vsa-comunicacion\" width=\"884\" height=\"626\" srcset=\"https:\/\/www.vsacomunicacion.com\/wp-content\/uploads\/2019\/06\/lona-publicitaria-madrid-alcala-136-ciudadanos-dia-vsa-comunicacion.jpg 884w, https:\/\/www.vsacomunicacion.com\/wp-content\/uploads\/2019\/06\/lona-publicitaria-madrid-alcala-136-ciudadanos-dia-vsa-comunicacion-300x212.jpg 300w, https:\/\/www.vsacomunicacion.com\/wp-content\/uploads\/2019\/06\/lona-publicitaria-madrid-alcala-136-ciudadanos-dia-vsa-comunicacion-768x544.jpg 768w\" sizes=\"(max-width: 884px) 100vw, 884px\" \/><\/a><\/p>\n<p style=\"text-align: justify;\">En el programa electoral del partido pol\u00edtico CIUDADANOS encontraremos varios prop\u00f3sitos si\u00a0alcanzan la alcald\u00eda de la ciudad: conseguir un Ayuntamiento eficaz y eficiente, un Gobierno participativo y abierto que rinda cuentas, centrar sus esfuerzos en la creaci\u00f3n de empleo con los m\u00ednimos impuestos, un mejor lugar donde formar una familia, una ciudad inteligente, sensible a las necesidades de los madrile\u00f1os, entre muchas otras propuestas.<\/p>\n<p style=\"text-align: justify;\">Os invitamos a visitar el programa electoral de su <a href=\"https:\/\/www.ciudadanos-cs.org\/\" target=\"_blank\" rel=\"noopener\">web<\/a>.<\/p>\n<p style=\"text-align: justify;\">Para <strong>CIUDADANOS:<\/strong>\u00a0<em>Ha llegado el momento de liderar un cambio en Madrid, y hacer de Madrid un referente de libertad y uni\u00f3n que mire al futuro!!<\/em><\/p>\n","protected":false},"excerpt":{"rendered":"<p>En\u00a0VSA COMUNICACION\u00a0estrenamos el nuevo emplazamiento en la Calle Alcal\u00e1 con\u00a0la\u00a0lona publicitaria\u00a0de\u00a0CIUDADANOS\u00a0para las elecciones municipales del pr\u00f3ximo 26 de mayo.\u00a0Bego\u00f1a Villac\u00eds\u00a0es la\u00a0candidata\u00a0propuesta por\u00a0el\u00a0partido pol\u00edtico\u00a0para\u00a0la ciudad de Madrid. Este emplazamiento se encuentra en el coraz\u00f3n del Barrio Salamanca, barrio comercial por excelencia.\u00a0Con [&hellip;]<\/p>\n","protected":false},"author":3,"featured_media":7817,"comment_status":"open","ping_status":"open","sticky":false,"template":"","format":"standard","meta":{"inline_featured_image":false,"footnotes":""},"categories":[1488,1489],"tags":[1552,1704,1862,1664,1705,1863,1706,1701,1693,1609,1611,1499,1512,1661,1617,1565,1585,1599,1586,1671],"class_list":["post-11735","post","type-post","status-publish","format-standard","has-post-thumbnail","hentry","category-lonas-publicitarias-en","category-madrid-en","tag-alcala-en","tag-alto-prestigio-publicitario-en","tag-begona-villacis-en","tag-campana-publicitaria-en","tag-centro-ciudad-en","tag-ciudadanos-en","tag-emplazamiento-premium-en","tag-espectacular-en","tag-gran-formato-en","tag-lonas-publicitarias-2-en","tag-lonas-publicitarias-madrid-en","tag-madrid-en","tag-ooh-en","tag-out-of-home-en","tag-out-of-home-advertising-en","tag-publicidad-ciudades-en","tag-publicidad-exterior-en","tag-publicidad-gran-formato-en","tag-publicidad-urbana-en","tag-trafico-rodado-en"],"_links":{"self":[{"href":"https:\/\/www.vsacomunicacion.com\/en\/wp-json\/wp\/v2\/posts\/11735"}],"collection":[{"href":"https:\/\/www.vsacomunicacion.com\/en\/wp-json\/wp\/v2\/posts"}],"about":[{"href":"https:\/\/www.vsacomunicacion.com\/en\/wp-json\/wp\/v2\/types\/post"}],"author":[{"embeddable":true,"href":"https:\/\/www.vsacomunicacion.com\/en\/wp-json\/wp\/v2\/users\/3"}],"replies":[{"embeddable":true,"href":"https:\/\/www.vsacomunicacion.com\/en\/wp-json\/wp\/v2\/comments?post=11735"}],"version-history":[{"count":0,"href":"https:\/\/www.vsacomunicacion.com\/en\/wp-json\/wp\/v2\/posts\/11735\/revisions"}],"wp:featuredmedia":[{"embeddable":true,"href":"https:\/\/www.vsacomunicacion.com\/en\/wp-json\/wp\/v2\/media\/7817"}],"wp:attachment":[{"href":"https:\/\/www.vsacomunicacion.com\/en\/wp-json\/wp\/v2\/media?parent=11735"}],"wp:term":[{"taxonomy":"category","embeddable":true,"href":"https:\/\/www.vsacomunicacion.com\/en\/wp-json\/wp\/v2\/categories?post=11735"},{"taxonomy":"post_tag","embeddable":true,"href":"https:\/\/www.vsacomunicacion.com\/en\/wp-json\/wp\/v2\/tags?post=11735"}],"curies":[{"name":"wp","href":"https:\/\/api.w.org\/{rel}","templated":true}]}}