{"id":11737,"date":"2019-05-13T10:03:57","date_gmt":"2019-05-13T10:03:57","guid":{"rendered":"https:\/\/www.vsacomunicacion.com\/circuito-de-pyms-para-manuel-valls-en-barcelona\/"},"modified":"2019-05-13T10:03:57","modified_gmt":"2019-05-13T10:03:57","slug":"circuito-de-pyms-para-manuel-valls-en-barcelona","status":"publish","type":"post","link":"https:\/\/www.vsacomunicacion.com\/en\/circuito-de-pyms-para-manuel-valls-en-barcelona\/","title":{"rendered":"Circuito de PYM&#8217;s para MANUEL VALLS en Barcelona"},"content":{"rendered":"<p style=\"text-align: justify;\">El candidato a la Alcald\u00eda de<strong> Barcelona<\/strong> en las pr\u00f3xima elecciones municipales\u00a0bajo el paraguas de la formaci\u00f3n pol\u00edtica &#8220;<strong>BARCELONA POR EL CAMBIO &#8211; CIUDADANOS<\/strong>&#8220;, <strong>Manuel Valls<\/strong>, ha elegido el Circuito de <strong>PYM&#8217;s<\/strong> de <strong>VSA COMUNICACION<\/strong> como soporte\u00a0de exterior incluido en su campa\u00f1a de publicidad. El circuito ha sido\u00a0estudiado y adaptado a las necesidades de nuestro cliente y a su p\u00fablico objetivo, consiguiendo la m\u00e1xima cobertura con el m\u00ednimo n\u00famero de soportes.<\/p>\n<p style=\"text-align: justify;\"><a href=\"https:\/\/www.vsacomunicacion.com\/wp-content\/uploads\/2019\/05\/pym-barcelona-avenida-principe-de-asturias-4-manuel-valls-vsa-comunicacion.jpg\" rel=\"attachment wp-att-4907\"><img fetchpriority=\"high\" decoding=\"async\" class=\"aligncenter size-full wp-image-4907\" src=\"https:\/\/www.vsacomunicacion.com\/wp-content\/uploads\/2019\/05\/pym-barcelona-avenida-principe-de-asturias-4-manuel-valls-vsa-comunicacion.jpg\" alt=\"pym-barcelona-avenida-principe-de-asturias-4-manuel-valls-vsa-comunicacion\" width=\"884\" height=\"626\" srcset=\"https:\/\/www.vsacomunicacion.com\/wp-content\/uploads\/2019\/05\/pym-barcelona-avenida-principe-de-asturias-4-manuel-valls-vsa-comunicacion.jpg 884w, https:\/\/www.vsacomunicacion.com\/wp-content\/uploads\/2019\/05\/pym-barcelona-avenida-principe-de-asturias-4-manuel-valls-vsa-comunicacion-300x212.jpg 300w, https:\/\/www.vsacomunicacion.com\/wp-content\/uploads\/2019\/05\/pym-barcelona-avenida-principe-de-asturias-4-manuel-valls-vsa-comunicacion-768x544.jpg 768w\" sizes=\"(max-width: 884px) 100vw, 884px\" \/><\/a><\/p>\n<p style=\"text-align: justify;\">Las\u00a0propuestas de <strong>MANUEL VALLS<\/strong> est\u00e1n dirigidas a materializar un proyecto concreto: devolver a Barcelona su condici\u00f3n de capital catalana, espa\u00f1ola, europea y mediterr\u00e1nea.\u00a0Son unas propuestas que tienen el car\u00e1cter de compromisos con los barceloneses.<\/p>\n<div id=\"viewerContainer\" tabindex=\"0\">\n<div id=\"viewer\" class=\"pdfViewer\">\n<div class=\"page\" data-page-number=\"3\" data-loaded=\"true\">\n<div class=\"textLayer\">\n<p style=\"text-align: justify;\">Destacan que todas las ideas que plantean\u00a0descansan en unos principios b\u00e1sicos que vienen a ser como unos compromisos morales. Abogan por intentar responder a los retos de la ciudad convocando a la colaboraci\u00f3n al sector privado desde una posici\u00f3n de liderazgo del poder municipal.\u00a0Un impulso transversal integrar\u00eda todas las pol\u00edticas: la voluntad de innovaci\u00f3n y, por\u00a0encima de todo, la disponibilidad a dialogar, establecer acuerdos, construir consenso,\u00a0en la mejor tradici\u00f3n de la experiencia de los grandes proyectos de la ciudad.<\/p>\n<p style=\"text-align: justify;\">Su intenci\u00f3n es buscar\u00a0el\u00a0pacto, por lo tanto, con el Gobierno de la Generalitat, el Gobierno de Espa\u00f1a, la Uni\u00f3n\u00a0Europea y otras instituciones que puedan aportar una colaboraci\u00f3n positiva para hacer\u00a0una Barcelona segura, solidaria, competitiva, creativa, abierta y tolerante.<\/p>\n<p style=\"text-align: justify;\"><em>MANUEL VALLS, LA FUERZA DEL CAMBIO!!<\/em><\/p>\n<p style=\"text-align: justify;\">\n<\/div>\n<\/div>\n<div class=\"page\" data-page-number=\"6\" data-loaded=\"true\"><\/div>\n<\/div>\n<\/div>\n","protected":false},"excerpt":{"rendered":"<p>El candidato a la Alcald\u00eda de Barcelona en las pr\u00f3xima elecciones municipales\u00a0bajo el paraguas de la formaci\u00f3n pol\u00edtica &#8220;BARCELONA POR EL CAMBIO &#8211; CIUDADANOS&#8220;, Manuel Valls, ha elegido el Circuito de PYM&#8217;s de VSA COMUNICACION como soporte\u00a0de exterior incluido en [&hellip;]<\/p>\n","protected":false},"author":3,"featured_media":7823,"comment_status":"open","ping_status":"open","sticky":false,"template":"","format":"standard","meta":{"inline_featured_image":false,"footnotes":""},"categories":[1506,1593],"tags":[1704,1516,1864,1664,1705,1781,1863,1865,1701,1708,1693,1694,1866,1565,1585,1599,1586,1676,1702,1671],"class_list":["post-11737","post","type-post","status-publish","format-standard","has-post-thumbnail","hentry","category-barcelona-en","category-pyms-en","tag-alto-prestigio-publicitario-en","tag-barcelona-en","tag-barcelona-pel-canvi-en","tag-campana-publicitaria-en","tag-centro-ciudad-en","tag-circuito-urbano-en","tag-ciudadanos-en","tag-elecciones-municipales-barcelona-2019-en","tag-espectacular-en","tag-formato-espectacular-en","tag-gran-formato-en","tag-gran-notoriedad-en","tag-manuel-valls-en","tag-publicidad-ciudades-en","tag-publicidad-exterior-en","tag-publicidad-gran-formato-en","tag-publicidad-urbana-en","tag-pyms-2-en","tag-pyms-barcelona-en","tag-trafico-rodado-en"],"_links":{"self":[{"href":"https:\/\/www.vsacomunicacion.com\/en\/wp-json\/wp\/v2\/posts\/11737"}],"collection":[{"href":"https:\/\/www.vsacomunicacion.com\/en\/wp-json\/wp\/v2\/posts"}],"about":[{"href":"https:\/\/www.vsacomunicacion.com\/en\/wp-json\/wp\/v2\/types\/post"}],"author":[{"embeddable":true,"href":"https:\/\/www.vsacomunicacion.com\/en\/wp-json\/wp\/v2\/users\/3"}],"replies":[{"embeddable":true,"href":"https:\/\/www.vsacomunicacion.com\/en\/wp-json\/wp\/v2\/comments?post=11737"}],"version-history":[{"count":0,"href":"https:\/\/www.vsacomunicacion.com\/en\/wp-json\/wp\/v2\/posts\/11737\/revisions"}],"wp:featuredmedia":[{"embeddable":true,"href":"https:\/\/www.vsacomunicacion.com\/en\/wp-json\/wp\/v2\/media\/7823"}],"wp:attachment":[{"href":"https:\/\/www.vsacomunicacion.com\/en\/wp-json\/wp\/v2\/media?parent=11737"}],"wp:term":[{"taxonomy":"category","embeddable":true,"href":"https:\/\/www.vsacomunicacion.com\/en\/wp-json\/wp\/v2\/categories?post=11737"},{"taxonomy":"post_tag","embeddable":true,"href":"https:\/\/www.vsacomunicacion.com\/en\/wp-json\/wp\/v2\/tags?post=11737"}],"curies":[{"name":"wp","href":"https:\/\/api.w.org\/{rel}","templated":true}]}}