{"id":11738,"date":"2019-05-12T07:22:26","date_gmt":"2019-05-12T07:22:26","guid":{"rendered":"https:\/\/www.vsacomunicacion.com\/lona-publicitaria-pepe-jeans-en-plaza-colon\/"},"modified":"2019-05-12T07:22:26","modified_gmt":"2019-05-12T07:22:26","slug":"lona-publicitaria-pepe-jeans-en-plaza-colon","status":"publish","type":"post","link":"https:\/\/www.vsacomunicacion.com\/en\/lona-publicitaria-pepe-jeans-en-plaza-colon\/","title":{"rendered":"Lona Publicitaria PEPE JEANS en Plaza Col\u00f3n"},"content":{"rendered":"<p style=\"text-align: justify;\">Este mes de mayo tenemos el enorme placer de volver a colaborar en la campa\u00f1a de publicidad exterior\u00a0de la conocida marca de moda londinense <strong>PEPE JEANS.\u00a0<\/strong>En ella nos presentan la nueva colecci\u00f3n Primavera-Verano\u201919 junto a la reconocida artista\u00a0internacional DUA LIPA, a trav\u00e9s de una emblem\u00e1tica <strong>lona publicitaria<\/strong> en el emplazamiento PREMIUM de <strong>VSA COMUNICACI\u00d3N<\/strong>, ubicado en la famosa Plaza Col\u00f3n de Madrid, una plaza que cuenta con el tr\u00e1fico rodado m\u00e1s alto de la capital, m\u00e1s de 200.000 veh\u00edculos diarios.<\/p>\n<p><a href=\"https:\/\/www.vsacomunicacion.com\/wp-content\/uploads\/2019\/05\/lona-publicitaria-madrid-plaza-colon-mayo-pepe-jeans-noche-2-vsa-comunicacion.jpg\" rel=\"attachment wp-att-4869\"><img fetchpriority=\"high\" decoding=\"async\" class=\"aligncenter size-full wp-image-4869\" src=\"https:\/\/www.vsacomunicacion.com\/wp-content\/uploads\/2019\/05\/lona-publicitaria-madrid-plaza-colon-mayo-pepe-jeans-noche-2-vsa-comunicacion.jpg\" alt=\"lona-publicitaria-madrid-plaza-colon-mayo-pepe-jeans-noche-2-vsa-comunicacion\" width=\"884\" height=\"626\" srcset=\"https:\/\/www.vsacomunicacion.com\/wp-content\/uploads\/2019\/05\/lona-publicitaria-madrid-plaza-colon-mayo-pepe-jeans-noche-2-vsa-comunicacion.jpg 884w, https:\/\/www.vsacomunicacion.com\/wp-content\/uploads\/2019\/05\/lona-publicitaria-madrid-plaza-colon-mayo-pepe-jeans-noche-2-vsa-comunicacion-300x212.jpg 300w, https:\/\/www.vsacomunicacion.com\/wp-content\/uploads\/2019\/05\/lona-publicitaria-madrid-plaza-colon-mayo-pepe-jeans-noche-2-vsa-comunicacion-768x544.jpg 768w\" sizes=\"(max-width: 884px) 100vw, 884px\" \/><\/a><\/p>\n<p style=\"text-align: justify;\"><strong>PEPE JEANS LONDON\u00a0<\/strong>naci\u00f3\u00a0el a\u00f1o 1973 en las calles de Portobello de la mano de los hermanos Shah, que supieron ver un mercado a\u00fan por explotar:\u00a0gran cantidad de gente quer\u00eda diferenciarse, alejarse de los dise\u00f1os\u00a0comunes y repetitivos, quer\u00edan destacar, utilizar ropa distinta y \u00fanica. Aqu\u00ed fue cuando surgi\u00f3\u00a0la\u00a0idea de crear unos vaqueros con personalidad propia, creando tendencia a favor del inconformismo inicialmente de los londinenses y\u00a0usado hoy en todo el mundo.<\/p>\n<p style=\"text-align: justify;\">Como pioneros del vaquero, han reinventado constantemente la definici\u00f3n de denim para mantener a sus consumidores al d\u00eda de todas las tendencias del momento.<\/p>\n<p><a href=\"https:\/\/www.vsacomunicacion.com\/wp-content\/uploads\/2019\/05\/lona-publicitaria-madrid-plaza-colon-mayo-pepe-jeans-noche-vsa-comunicacion.jpg\" rel=\"attachment wp-att-4870\"><img decoding=\"async\" class=\"aligncenter size-full wp-image-4870\" src=\"https:\/\/www.vsacomunicacion.com\/wp-content\/uploads\/2019\/05\/lona-publicitaria-madrid-plaza-colon-mayo-pepe-jeans-noche-vsa-comunicacion.jpg\" alt=\"lona-publicitaria-madrid-plaza-colon-mayo-pepe-jeans-noche-vsa-comunicacion\" width=\"884\" height=\"626\" srcset=\"https:\/\/www.vsacomunicacion.com\/wp-content\/uploads\/2019\/05\/lona-publicitaria-madrid-plaza-colon-mayo-pepe-jeans-noche-vsa-comunicacion.jpg 884w, https:\/\/www.vsacomunicacion.com\/wp-content\/uploads\/2019\/05\/lona-publicitaria-madrid-plaza-colon-mayo-pepe-jeans-noche-vsa-comunicacion-300x212.jpg 300w, https:\/\/www.vsacomunicacion.com\/wp-content\/uploads\/2019\/05\/lona-publicitaria-madrid-plaza-colon-mayo-pepe-jeans-noche-vsa-comunicacion-768x544.jpg 768w\" sizes=\"(max-width: 884px) 100vw, 884px\" \/><\/a><\/p>\n<p style=\"text-align: justify;\"><strong>PEPE JEANS<\/strong> es una marca que ha pasado a ser ic\u00f3nica, que se diferencia por su vinculaci\u00f3n al denim y a la creatividad sin l\u00edmites. PEPE JEANS LONDON te brinda las bases para transmitir confianza en ti mismo, singularidad y autenticidad.<\/p>\n<p style=\"text-align: justify;\">La veterana firma de vaqueros quiere transmitir la naturalidad y frescura que caracterizan a la cantante\u00a0<strong>Dua Lipa<\/strong>\u00a0en esta nueva campa\u00f1a que destaca por sus\u00a0im\u00e1genes en blanco y negro, capturadas por el ic\u00f3nico fot\u00f3grafo de moda David Sims, favoreciendo que\u00a0el denim se convierta en el \u00fanico protagonista de los looks de la int\u00e9rprete.<\/p>\n<p><a href=\"https:\/\/www.vsacomunicacion.com\/wp-content\/uploads\/2019\/05\/lona-publicitaria-madrid-plaza-colon-mayo-pepe-jeans-dia-vsa-comunicacion.jpg\" rel=\"attachment wp-att-4871\"><img decoding=\"async\" class=\"aligncenter size-full wp-image-4871\" src=\"https:\/\/www.vsacomunicacion.com\/wp-content\/uploads\/2019\/05\/lona-publicitaria-madrid-plaza-colon-mayo-pepe-jeans-dia-vsa-comunicacion.jpg\" alt=\"lona-publicitaria-madrid-plaza-colon-mayo-pepe-jeans-dia-vsa-comunicacion\" width=\"884\" height=\"626\" srcset=\"https:\/\/www.vsacomunicacion.com\/wp-content\/uploads\/2019\/05\/lona-publicitaria-madrid-plaza-colon-mayo-pepe-jeans-dia-vsa-comunicacion.jpg 884w, https:\/\/www.vsacomunicacion.com\/wp-content\/uploads\/2019\/05\/lona-publicitaria-madrid-plaza-colon-mayo-pepe-jeans-dia-vsa-comunicacion-300x212.jpg 300w, https:\/\/www.vsacomunicacion.com\/wp-content\/uploads\/2019\/05\/lona-publicitaria-madrid-plaza-colon-mayo-pepe-jeans-dia-vsa-comunicacion-768x544.jpg 768w\" sizes=\"(max-width: 884px) 100vw, 884px\" \/><\/a><\/p>\n<p>\u00a1\u00a1\u00a1PEPE JEANS junto a <strong>DUA LIPA<\/strong> iluminan las calles de Madrid #DUAFORPEPE!!!<\/p>\n<p>No te pierdas la nueva colecci\u00f3n primavera- verano de <strong>PEPE JEANS<\/strong> con colaboraci\u00f3n de Dua Lipa \u00a1Desc\u00fabrela ya en <a href=\"http:\/\/www.pepejeans.com\/\" target=\"_blank\" rel=\"noopener\">www.pepejeans.com<\/a>!<\/p>\n","protected":false},"excerpt":{"rendered":"<p>Este mes de mayo tenemos el enorme placer de volver a colaborar en la campa\u00f1a de publicidad exterior\u00a0de la conocida marca de moda londinense PEPE JEANS.\u00a0En ella nos presentan la nueva colecci\u00f3n Primavera-Verano\u201919 junto a la reconocida artista\u00a0internacional DUA LIPA, [&hellip;]<\/p>\n","protected":false},"author":3,"featured_media":7812,"comment_status":"open","ping_status":"open","sticky":false,"template":"","format":"standard","meta":{"inline_featured_image":false,"footnotes":""},"categories":[1488,1489],"tags":[1867,1704,1664,1705,1868,1706,1701,1708,1693,1694,1579,1656,1609,1611,1499,1869,1870,1565,1585,1599,1671],"class_list":["post-11738","post","type-post","status-publish","format-standard","has-post-thumbnail","hentry","category-lonas-publicitarias-en","category-madrid-en","tag-duaforpepe-en","tag-alto-prestigio-publicitario-en","tag-campana-publicitaria-en","tag-centro-ciudad-en","tag-dua-lipa-en","tag-emplazamiento-premium-en","tag-espectacular-en","tag-formato-espectacular-en","tag-gran-formato-en","tag-gran-notoriedad-en","tag-lona-gran-formato-en","tag-lonas-gran-formato-en","tag-lonas-publicitarias-2-en","tag-lonas-publicitarias-madrid-en","tag-madrid-en","tag-pepe-jeans-en","tag-pepe-jeans-london-en","tag-publicidad-ciudades-en","tag-publicidad-exterior-en","tag-publicidad-gran-formato-en","tag-trafico-rodado-en"],"_links":{"self":[{"href":"https:\/\/www.vsacomunicacion.com\/en\/wp-json\/wp\/v2\/posts\/11738"}],"collection":[{"href":"https:\/\/www.vsacomunicacion.com\/en\/wp-json\/wp\/v2\/posts"}],"about":[{"href":"https:\/\/www.vsacomunicacion.com\/en\/wp-json\/wp\/v2\/types\/post"}],"author":[{"embeddable":true,"href":"https:\/\/www.vsacomunicacion.com\/en\/wp-json\/wp\/v2\/users\/3"}],"replies":[{"embeddable":true,"href":"https:\/\/www.vsacomunicacion.com\/en\/wp-json\/wp\/v2\/comments?post=11738"}],"version-history":[{"count":0,"href":"https:\/\/www.vsacomunicacion.com\/en\/wp-json\/wp\/v2\/posts\/11738\/revisions"}],"wp:featuredmedia":[{"embeddable":true,"href":"https:\/\/www.vsacomunicacion.com\/en\/wp-json\/wp\/v2\/media\/7812"}],"wp:attachment":[{"href":"https:\/\/www.vsacomunicacion.com\/en\/wp-json\/wp\/v2\/media?parent=11738"}],"wp:term":[{"taxonomy":"category","embeddable":true,"href":"https:\/\/www.vsacomunicacion.com\/en\/wp-json\/wp\/v2\/categories?post=11738"},{"taxonomy":"post_tag","embeddable":true,"href":"https:\/\/www.vsacomunicacion.com\/en\/wp-json\/wp\/v2\/tags?post=11738"}],"curies":[{"name":"wp","href":"https:\/\/api.w.org\/{rel}","templated":true}]}}