{"id":11742,"date":"2019-05-06T14:51:26","date_gmt":"2019-05-06T14:51:26","guid":{"rendered":"https:\/\/www.vsacomunicacion.com\/lona-publicitaria-amazon-en-madrid\/"},"modified":"2019-05-06T14:51:26","modified_gmt":"2019-05-06T14:51:26","slug":"lona-publicitaria-amazon-en-madrid","status":"publish","type":"post","link":"https:\/\/www.vsacomunicacion.com\/en\/lona-publicitaria-amazon-en-madrid\/","title":{"rendered":"Lona Publicitaria AMAZON en Madrid"},"content":{"rendered":"<p style=\"text-align: justify;\">Os presentamos la tercera <strong>lona publicitaria<\/strong> \u201cout of home\u201d de <strong>AMAZON PRIME<\/strong> y <strong>AMAZON PRIME VIDEO<\/strong> en el emplazamiento de <strong>VSA COMUNICACI\u00d3N<\/strong> ubicado en la calle General Pardi\u00f1as, 107 en<strong> Madrid<\/strong>.<\/p>\n<p style=\"text-align: justify;\">A trav\u00e9s de esta fabulosa lona publicitaria AMAZON PRIME VIDEO nos presenta este mes de mayo la serie <strong><em>HANNA<\/em><\/strong><em>, la chica a la que nadie vio venir\u2026<\/em>\u00a0 estrenada el pasado 29 de marzo del 2019 y con un incre\u00edble \u00e9xito hasta el momento.<\/p>\n<p><a href=\"https:\/\/www.vsacomunicacion.com\/wp-content\/uploads\/2019\/05\/lona-publicitaria-madrid-general-pardinas-107-amazon-hanna-mayo-noche-vsa-comunicacion.jpg\" rel=\"attachment wp-att-4863\"><img fetchpriority=\"high\" decoding=\"async\" class=\"aligncenter size-full wp-image-4863\" src=\"https:\/\/www.vsacomunicacion.com\/wp-content\/uploads\/2019\/05\/lona-publicitaria-madrid-general-pardinas-107-amazon-hanna-mayo-noche-vsa-comunicacion.jpg\" alt=\"lona-publicitaria-madrid-general-pardinas-107-amazon-hanna-mayo-noche-vsa-comunicacion\" width=\"884\" height=\"626\" srcset=\"https:\/\/www.vsacomunicacion.com\/wp-content\/uploads\/2019\/05\/lona-publicitaria-madrid-general-pardinas-107-amazon-hanna-mayo-noche-vsa-comunicacion.jpg 884w, https:\/\/www.vsacomunicacion.com\/wp-content\/uploads\/2019\/05\/lona-publicitaria-madrid-general-pardinas-107-amazon-hanna-mayo-noche-vsa-comunicacion-300x212.jpg 300w, https:\/\/www.vsacomunicacion.com\/wp-content\/uploads\/2019\/05\/lona-publicitaria-madrid-general-pardinas-107-amazon-hanna-mayo-noche-vsa-comunicacion-768x544.jpg 768w\" sizes=\"(max-width: 884px) 100vw, 884px\" \/><\/a><\/p>\n<p style=\"text-align: justify;\"><strong>AMAZON\u00a0<\/strong>nos ofrece tambi\u00e9n sus servicios, en su p\u00e1gina web podr\u00e1s conseguir todos aquellos productos que forman parte de tu higiene diaria.<\/p>\n<p style=\"text-align: justify;\">Si tienes <strong>AMAZON PRIME VIDEO<\/strong> podr\u00e1s disfrutar de env\u00edo gratuito ilimitado en un d\u00eda en 2 millones de productos, almacenamiento ilimitado gratis de tus fotos en Amazon Drive, reproducci\u00f3n en streaming sin anuncios en Twitch y acceso prioritario a Ofertas Flash 30 minutos antes de que comiencen.<\/p>\n<p style=\"text-align: justify;\">\u00a1\u00a1\u00a1\u00a1No te lo pierdas m\u00e1s, date de alta y aprov\u00e9chate de todos sus servicios!!!!<\/p>\n<p><a href=\"https:\/\/www.vsacomunicacion.com\/wp-content\/uploads\/2019\/05\/lona-publicitaria-madrid-general-pardinas-107-amazon-hanna-mayo-dia-vsa-comunicacion.jpg\" rel=\"attachment wp-att-4864\"><img decoding=\"async\" class=\"aligncenter size-full wp-image-4864\" src=\"https:\/\/www.vsacomunicacion.com\/wp-content\/uploads\/2019\/05\/lona-publicitaria-madrid-general-pardinas-107-amazon-hanna-mayo-dia-vsa-comunicacion.jpg\" alt=\"lona-publicitaria-madrid-general-pardinas-107-amazon-hanna-mayo-dia-vsa-comunicacion\" width=\"884\" height=\"626\" srcset=\"https:\/\/www.vsacomunicacion.com\/wp-content\/uploads\/2019\/05\/lona-publicitaria-madrid-general-pardinas-107-amazon-hanna-mayo-dia-vsa-comunicacion.jpg 884w, https:\/\/www.vsacomunicacion.com\/wp-content\/uploads\/2019\/05\/lona-publicitaria-madrid-general-pardinas-107-amazon-hanna-mayo-dia-vsa-comunicacion-300x212.jpg 300w, https:\/\/www.vsacomunicacion.com\/wp-content\/uploads\/2019\/05\/lona-publicitaria-madrid-general-pardinas-107-amazon-hanna-mayo-dia-vsa-comunicacion-768x544.jpg 768w\" sizes=\"(max-width: 884px) 100vw, 884px\" \/><\/a><\/p>\n<p style=\"text-align: justify;\">Con la suscripci\u00f3n de <strong>AMAZON PRIME<\/strong>, podr\u00e1s ver pel\u00edculas y series, adem\u00e1s de <strong>series Prime<\/strong> <em>Originals como The Grand Tour, Sneaky Pete y The Man in the High Castle<\/em>. Y si no lo eres, es muy f\u00e1cil,\u00a0simplemente\u00a0debes dar tu conformidad e\u00a0inicia el periodo de prueba gratis durante 30 d\u00edas. Y, si quieres, podr\u00e1s continuar disfrutando de todos sus servicios por tan solo 4,99\u20ac al mes una vez finalice el periodo de prueba.<\/p>\n<p style=\"text-align: justify;\">No pierdas ni un minuto, entra ya en\u00a0la\u00a0<a href=\"https:\/\/www.amazon.com\/ap\/signin?accountStatusPolicy=P1&amp;clientContext=257-5394960-7124804&amp;language=es_ES&amp;openid.assoc_handle=amzn_prime_video_desktop_us&amp;openid.claimed_id=http%3A%2F%2Fspecs.openid.net%2Fauth%2F2.0%2Fidentifier_select&amp;openid.identity=http%3A%2F%2Fspecs.openid.net%2Fauth%2F2.0%2Fidentifier_select&amp;openid.mode=checkid_setup&amp;openid.ns=http%3A%2F%2Fspecs.openid.net%2Fauth%2F2.0&amp;openid.ns.pape=http%3A%2F%2Fspecs.openid.net%2Fextensions%2Fpape%2F1.0&amp;openid.pape.max_auth_age=0&amp;openid.return_to=https%3A%2F%2Fwww.primevideo.com%2Fauth%2Freturn%2Fref%3Dav_auth_ap%3F_encoding%3DUTF8%26location%3D%252Fsignup%252Fref%253Ddv_web_auth_no_re_sig%253F_encoding%253DUTF8%2526fromUnrecMLP%253D1\" target=\"_blank\" rel=\"noopener\">web<\/a>\u00a0de AMAZON PRIME y descubre<strong>\u00a0AMAZON PRIME VIDEO!!<\/strong><\/p>\n","protected":false},"excerpt":{"rendered":"<p>Os presentamos la tercera lona publicitaria \u201cout of home\u201d de AMAZON PRIME y AMAZON PRIME VIDEO en el emplazamiento de VSA COMUNICACI\u00d3N ubicado en la calle General Pardi\u00f1as, 107 en Madrid. A trav\u00e9s de esta fabulosa lona publicitaria AMAZON PRIME [&hellip;]<\/p>\n","protected":false},"author":3,"featured_media":7810,"comment_status":"open","ping_status":"open","sticky":false,"template":"","format":"standard","meta":{"inline_featured_image":false,"footnotes":""},"categories":[1488,1489],"tags":[1704,1725,1667,1668,1664,1705,1706,1701,1708,1693,1694,1860,1680,1609,1611,1499,1565,1585,1599,1586,1671],"class_list":["post-11742","post","type-post","status-publish","format-standard","has-post-thumbnail","hentry","category-lonas-publicitarias-en","category-madrid-en","tag-alto-prestigio-publicitario-en","tag-amazon-en","tag-amazon-prime-en","tag-amazon-prime-video-en","tag-campana-publicitaria-en","tag-centro-ciudad-en","tag-emplazamiento-premium-en","tag-espectacular-en","tag-formato-espectacular-en","tag-gran-formato-en","tag-gran-notoriedad-en","tag-hanna-en","tag-lona-espectacular-en","tag-lonas-publicitarias-2-en","tag-lonas-publicitarias-madrid-en","tag-madrid-en","tag-publicidad-ciudades-en","tag-publicidad-exterior-en","tag-publicidad-gran-formato-en","tag-publicidad-urbana-en","tag-trafico-rodado-en"],"_links":{"self":[{"href":"https:\/\/www.vsacomunicacion.com\/en\/wp-json\/wp\/v2\/posts\/11742"}],"collection":[{"href":"https:\/\/www.vsacomunicacion.com\/en\/wp-json\/wp\/v2\/posts"}],"about":[{"href":"https:\/\/www.vsacomunicacion.com\/en\/wp-json\/wp\/v2\/types\/post"}],"author":[{"embeddable":true,"href":"https:\/\/www.vsacomunicacion.com\/en\/wp-json\/wp\/v2\/users\/3"}],"replies":[{"embeddable":true,"href":"https:\/\/www.vsacomunicacion.com\/en\/wp-json\/wp\/v2\/comments?post=11742"}],"version-history":[{"count":0,"href":"https:\/\/www.vsacomunicacion.com\/en\/wp-json\/wp\/v2\/posts\/11742\/revisions"}],"wp:featuredmedia":[{"embeddable":true,"href":"https:\/\/www.vsacomunicacion.com\/en\/wp-json\/wp\/v2\/media\/7810"}],"wp:attachment":[{"href":"https:\/\/www.vsacomunicacion.com\/en\/wp-json\/wp\/v2\/media?parent=11742"}],"wp:term":[{"taxonomy":"category","embeddable":true,"href":"https:\/\/www.vsacomunicacion.com\/en\/wp-json\/wp\/v2\/categories?post=11742"},{"taxonomy":"post_tag","embeddable":true,"href":"https:\/\/www.vsacomunicacion.com\/en\/wp-json\/wp\/v2\/tags?post=11742"}],"curies":[{"name":"wp","href":"https:\/\/api.w.org\/{rel}","templated":true}]}}