{"id":11747,"date":"2019-05-02T11:41:37","date_gmt":"2019-05-02T11:41:37","guid":{"rendered":"https:\/\/www.vsacomunicacion.com\/lona-publicitaria-de-los-helados-nuii-en-barcelona\/"},"modified":"2019-05-02T11:41:37","modified_gmt":"2019-05-02T11:41:37","slug":"lona-publicitaria-de-los-helados-nuii-en-barcelona","status":"publish","type":"post","link":"https:\/\/www.vsacomunicacion.com\/en\/lona-publicitaria-de-los-helados-nuii-en-barcelona\/","title":{"rendered":"Lona Publicitaria de los helados NUII en Barcelona"},"content":{"rendered":"<p style=\"text-align: justify;\"><strong>VSA COMUNICACI\u00d3N<\/strong>\u00a0nos presenta su nuevo emplazamiento PREMIUM en la ciudad de <strong>Barcelona<\/strong>!!<\/p>\n<p style=\"text-align: justify;\">Este emplazamiento se caracteriza por estar situado en el barrio de la Barceloneta, frente a su apreciado mar, este edificio domina la zona gracias a sus dimensiones y ubicaci\u00f3n. Es un edificio que vuela a 3 vientos y de gran altura, consiguiendo una visibilidad MAGN\u00cdFICA, tanto desde el Paseo Mar\u00edtimo, como desde la playa o Paseo Juan de Borb\u00f3n.<\/p>\n<p style=\"text-align: justify;\">Esta zona se ha convertido en uno de los centros de recreo m\u00e1s habituales para los habitantes de la ciudad y tambi\u00e9n para miles de turistas que la visitan a diario,\u00a0disfrutando de restaurantes con espectacular vistas frente al mar y la playa tanto en invierno como en verano.<\/p>\n<p><a href=\"https:\/\/www.vsacomunicacion.com\/wp-content\/uploads\/2019\/05\/lona-publicitaria-barcelona-plaza-del-mar-1-nestle-nuii-noche-vsa-comunicacion.jpg\" rel=\"attachment wp-att-4852\"><img fetchpriority=\"high\" decoding=\"async\" class=\"aligncenter size-full wp-image-4852\" src=\"https:\/\/www.vsacomunicacion.com\/wp-content\/uploads\/2019\/05\/lona-publicitaria-barcelona-plaza-del-mar-1-nestle-nuii-noche-vsa-comunicacion.jpg\" alt=\"lona-publicitaria-barcelona-plaza-del-mar-1-nestle-nuii-noche-vsa-comunicacion\" width=\"884\" height=\"626\" srcset=\"https:\/\/www.vsacomunicacion.com\/wp-content\/uploads\/2019\/05\/lona-publicitaria-barcelona-plaza-del-mar-1-nestle-nuii-noche-vsa-comunicacion.jpg 884w, https:\/\/www.vsacomunicacion.com\/wp-content\/uploads\/2019\/05\/lona-publicitaria-barcelona-plaza-del-mar-1-nestle-nuii-noche-vsa-comunicacion-300x212.jpg 300w, https:\/\/www.vsacomunicacion.com\/wp-content\/uploads\/2019\/05\/lona-publicitaria-barcelona-plaza-del-mar-1-nestle-nuii-noche-vsa-comunicacion-768x544.jpg 768w\" sizes=\"(max-width: 884px) 100vw, 884px\" \/><\/a><\/p>\n<p style=\"text-align: justify;\">Este mes de mayo hemos tenido el enorme placer de colaborar con la nueva marca de helados premium, <strong>NUII<\/strong> de <strong>FRONERI\u00a0<\/strong>con esta espectacular y apetitosa <strong>lona publicitaria<\/strong>. En esta campa\u00f1a de publicidad exterior <strong>FRONERI<\/strong> IBERIA nos presenta el\u00a0<strong>NUII ALMENDRADO CON VAINILLA DE JAVA. <\/strong><\/p>\n<p style=\"text-align: justify;\">Los helados <strong>NUII<\/strong> est\u00e1n elaborados con nata fresca\u00a0e ingredientes con origen certificado, sus cinco variedades quieren transportar al consumidor desde la lejana isla de Java hasta las monta\u00f1as escandinavas. Seg\u00fan un comunicado de la marca: <em>\u201cNUII es una marca inspirada en las cosas que se descubren cuando se viaja por el mundo. Una marca para gente aventurera y abierta, que busca algo nuevo\u201d<\/em>.<\/p>\n<p><a href=\"https:\/\/www.vsacomunicacion.com\/wp-content\/uploads\/2019\/05\/lona-publicitaria-barcelona-plaza-del-mar-1-nestle-nuii-dia-vsa-comunicacion.jpg\" rel=\"attachment wp-att-4853\"><img decoding=\"async\" class=\"aligncenter size-full wp-image-4853\" src=\"https:\/\/www.vsacomunicacion.com\/wp-content\/uploads\/2019\/05\/lona-publicitaria-barcelona-plaza-del-mar-1-nestle-nuii-dia-vsa-comunicacion.jpg\" alt=\"lona-publicitaria-barcelona-plaza-del-mar-1-nestle-nuii-dia-vsa-comunicacion\" width=\"884\" height=\"626\" srcset=\"https:\/\/www.vsacomunicacion.com\/wp-content\/uploads\/2019\/05\/lona-publicitaria-barcelona-plaza-del-mar-1-nestle-nuii-dia-vsa-comunicacion.jpg 884w, https:\/\/www.vsacomunicacion.com\/wp-content\/uploads\/2019\/05\/lona-publicitaria-barcelona-plaza-del-mar-1-nestle-nuii-dia-vsa-comunicacion-300x212.jpg 300w, https:\/\/www.vsacomunicacion.com\/wp-content\/uploads\/2019\/05\/lona-publicitaria-barcelona-plaza-del-mar-1-nestle-nuii-dia-vsa-comunicacion-768x544.jpg 768w\" sizes=\"(max-width: 884px) 100vw, 884px\" \/><\/a><\/p>\n<p style=\"text-align: justify;\">La isla de Java es la tierra de una exclusiva especie de orqu\u00eddea, cuya flor dura solo un d\u00eda. Se poliniza a mano y produce vainas de Vainilla de Java, apreciada por su sabor \u00fanico, dulce y ahumado. Este ex\u00f3tico aroma, combinado con cremoso helado elaborado con nata fresca, se ba\u00f1a en chocolate con leche o blanco, con grandes trozos de almendras.<\/p>\n<p style=\"text-align: justify;\">La gama cuenta con cinco variedades: el Bomb\u00f3n almendrado con vainilla de Java, el Bomb\u00f3n Almendrado blanco con vainilla de Java, el Bomb\u00f3n de nata y chocolate negro con Almendras de California, el Bomb\u00f3n de Mascarpone con ar\u00e1ndanos de las monta\u00f1as escandinavas y el Bomb\u00f3n Chocolate negro con ar\u00e1ndanos n\u00f3rdico.<\/p>\n<p style=\"text-align: justify;\"><em>\u00bfY t\u00fa? \u00bfQu\u00e9 variedad de NUII prefieres? Os aseguramos que son todos deliciosos!!!<\/em><\/p>\n","protected":false},"excerpt":{"rendered":"<p>VSA COMUNICACI\u00d3N\u00a0nos presenta su nuevo emplazamiento PREMIUM en la ciudad de Barcelona!! Este emplazamiento se caracteriza por estar situado en el barrio de la Barceloneta, frente a su apreciado mar, este edificio domina la zona gracias a sus dimensiones y [&hellip;]<\/p>\n","protected":false},"author":3,"featured_media":7807,"comment_status":"open","ping_status":"open","sticky":false,"template":"","format":"standard","meta":{"inline_featured_image":false,"footnotes":""},"categories":[1506,1488],"tags":[1879,1704,1516,1880,1664,1706,1701,1708,1881,1693,1694,1882,1883,1656,1609,1581,1884,1885,1565,1585,1599,1586,1886,1671],"class_list":["post-11747","post","type-post","status-publish","format-standard","has-post-thumbnail","hentry","category-barcelona-en","category-lonas-publicitarias-en","tag-cadavidacuenta-en","tag-alto-prestigio-publicitario-en","tag-barcelona-en","tag-barceloneta-en","tag-campana-publicitaria-en","tag-emplazamiento-premium-en","tag-espectacular-en","tag-formato-espectacular-en","tag-froneri-en","tag-gran-formato-en","tag-gran-notoriedad-en","tag-helados-en","tag-java-en","tag-lonas-gran-formato-en","tag-lonas-publicitarias-2-en","tag-lonas-publicitarias-barcelona-en","tag-nuii-en","tag-playa-en","tag-publicidad-ciudades-en","tag-publicidad-exterior-en","tag-publicidad-gran-formato-en","tag-publicidad-urbana-en","tag-sol-en","tag-trafico-rodado-en"],"_links":{"self":[{"href":"https:\/\/www.vsacomunicacion.com\/en\/wp-json\/wp\/v2\/posts\/11747"}],"collection":[{"href":"https:\/\/www.vsacomunicacion.com\/en\/wp-json\/wp\/v2\/posts"}],"about":[{"href":"https:\/\/www.vsacomunicacion.com\/en\/wp-json\/wp\/v2\/types\/post"}],"author":[{"embeddable":true,"href":"https:\/\/www.vsacomunicacion.com\/en\/wp-json\/wp\/v2\/users\/3"}],"replies":[{"embeddable":true,"href":"https:\/\/www.vsacomunicacion.com\/en\/wp-json\/wp\/v2\/comments?post=11747"}],"version-history":[{"count":0,"href":"https:\/\/www.vsacomunicacion.com\/en\/wp-json\/wp\/v2\/posts\/11747\/revisions"}],"wp:featuredmedia":[{"embeddable":true,"href":"https:\/\/www.vsacomunicacion.com\/en\/wp-json\/wp\/v2\/media\/7807"}],"wp:attachment":[{"href":"https:\/\/www.vsacomunicacion.com\/en\/wp-json\/wp\/v2\/media?parent=11747"}],"wp:term":[{"taxonomy":"category","embeddable":true,"href":"https:\/\/www.vsacomunicacion.com\/en\/wp-json\/wp\/v2\/categories?post=11747"},{"taxonomy":"post_tag","embeddable":true,"href":"https:\/\/www.vsacomunicacion.com\/en\/wp-json\/wp\/v2\/tags?post=11747"}],"curies":[{"name":"wp","href":"https:\/\/api.w.org\/{rel}","templated":true}]}}