{"id":11748,"date":"2019-05-01T09:21:48","date_gmt":"2019-05-01T09:21:48","guid":{"rendered":"https:\/\/www.vsacomunicacion.com\/lona-publicitaria-mitsubishi-electric-en-valencia\/"},"modified":"2019-05-01T09:21:48","modified_gmt":"2019-05-01T09:21:48","slug":"lona-publicitaria-mitsubishi-electric-en-valencia","status":"publish","type":"post","link":"https:\/\/www.vsacomunicacion.com\/en\/lona-publicitaria-mitsubishi-electric-en-valencia\/","title":{"rendered":"Lona Publicitaria MITSUBISHI ELECTRIC en Valencia"},"content":{"rendered":"<p style=\"text-align: justify;\">Inauguramos el nuevo emplazamiento de <strong>VSA COMUNICACION<\/strong> en la ciudad de <strong>Valencia<\/strong>, ubicado en una de las Avenidas m\u00e1s importantes y c\u00e9ntricas de la ciudad, la Avenida del Puerto, visible direcci\u00f3n a\u00a0la Ciudad Universitaria y al Puerto. Esta avenida es de solo un sentido con seis carriles para la circulaci\u00f3n en direcci\u00f3n a las playas de la Malvarrosa \u00a0y las Arenas. Adem\u00e1s se encuentra en una zona muy comercial, pr\u00f3ximo a varios\u00a0centros comerciales, zonas de ocio cercano\u00a0y concesionarios.<\/p>\n<p style=\"text-align: justify;\">Su ubicaci\u00f3n es perfecta para incluirla en la campa\u00f1a de publicidad exterior iniciada por MITSUBISHI ELECTRIC anunciando, a trav\u00e9s de esta fant\u00e1stica <strong>lona publicitaria<\/strong> de 1.500 m\u00b2, su gama de aires acondicionados.<\/p>\n<p style=\"text-align: justify;\"><a href=\"https:\/\/www.vsacomunicacion.com\/wp-content\/uploads\/2019\/06\/lona-publicitaria-valencia-avenida-del-puerto-87-mitsubishi-noche-vsa-comunicacion.jpg\" rel=\"attachment wp-att-4896\"><img fetchpriority=\"high\" decoding=\"async\" class=\"aligncenter size-full wp-image-4896\" src=\"https:\/\/www.vsacomunicacion.com\/wp-content\/uploads\/2019\/06\/lona-publicitaria-valencia-avenida-del-puerto-87-mitsubishi-noche-vsa-comunicacion.jpg\" alt=\"lona-publicitaria-valencia-avenida-del-puerto- 87-mitsubishi-noche-vsa-comunicacion\" width=\"884\" height=\"626\" srcset=\"https:\/\/www.vsacomunicacion.com\/wp-content\/uploads\/2019\/06\/lona-publicitaria-valencia-avenida-del-puerto-87-mitsubishi-noche-vsa-comunicacion.jpg 884w, https:\/\/www.vsacomunicacion.com\/wp-content\/uploads\/2019\/06\/lona-publicitaria-valencia-avenida-del-puerto-87-mitsubishi-noche-vsa-comunicacion-300x212.jpg 300w, https:\/\/www.vsacomunicacion.com\/wp-content\/uploads\/2019\/06\/lona-publicitaria-valencia-avenida-del-puerto-87-mitsubishi-noche-vsa-comunicacion-768x544.jpg 768w\" sizes=\"(max-width: 884px) 100vw, 884px\" \/><\/a><\/p>\n<p style=\"text-align: justify;\"><strong>MITSUBISHI ELECTRIC<\/strong>, en su campa\u00f1a de publicidad bajo el\u00a0claim <em>\u201cSiempre Contigo, Mitsubishi Electric\u201d<\/em>, busca reconocer y reforzar el v\u00ednculo con sus clientes y \u00a0consumidores y agradecer as\u00ed \u00a0la confianza depositada por ellos, es de cobertura nacional y\u00a0puede verse\u00a0tanto en punto de venta como en distintos soportes y formatos publicitarios.<\/p>\n<p style=\"text-align: justify;\"><em>\u201cComo las buenas relaciones, la nuestra contigo se basa en la confianza y durabilidad\u201d<\/em>\u00a0es el concepto desarrollado en esta nueva estrategia publicitaria que busca conectar con el consumidor, interactuar con \u00e9l mediante im\u00e1genes de situaciones reales emotivas, cercanas y reconocibles que desatacan la conexi\u00f3n con sus propias vivencias. Concretamente, la idea editorial desarrolla la importancia de la confianza y la durabilidad en la relaci\u00f3n con las personas que conf\u00edan en la firma, aliados que han permitido que MITSUBISHI ELECTRIC se haya convertido en la marca l\u00edder en ventas en el mercado de Aire Acondicionado.<\/p>\n<p style=\"text-align: justify;\"><a href=\"https:\/\/www.vsacomunicacion.com\/wp-content\/uploads\/2019\/06\/lona-publicitaria-valencia-avenida-del-puerto-87-mitsubishi-dia-vsa-comunicacion.jpg\" rel=\"attachment wp-att-4897\"><img decoding=\"async\" class=\"aligncenter size-full wp-image-4897\" src=\"https:\/\/www.vsacomunicacion.com\/wp-content\/uploads\/2019\/06\/lona-publicitaria-valencia-avenida-del-puerto-87-mitsubishi-dia-vsa-comunicacion.jpg\" alt=\"lona-publicitaria-valencia-avenida-del-puerto- 87-mitsubishi-dia-vsa-comunicacion\" width=\"884\" height=\"626\" srcset=\"https:\/\/www.vsacomunicacion.com\/wp-content\/uploads\/2019\/06\/lona-publicitaria-valencia-avenida-del-puerto-87-mitsubishi-dia-vsa-comunicacion.jpg 884w, https:\/\/www.vsacomunicacion.com\/wp-content\/uploads\/2019\/06\/lona-publicitaria-valencia-avenida-del-puerto-87-mitsubishi-dia-vsa-comunicacion-300x212.jpg 300w, https:\/\/www.vsacomunicacion.com\/wp-content\/uploads\/2019\/06\/lona-publicitaria-valencia-avenida-del-puerto-87-mitsubishi-dia-vsa-comunicacion-768x544.jpg 768w\" sizes=\"(max-width: 884px) 100vw, 884px\" \/><\/a><\/p>\n<p style=\"text-align: justify;\">Un aire acondicionado que est\u00e1 presente en el d\u00eda a d\u00eda de la vida de todos, que te acompa\u00f1a en todos los momentos:\u00a0\u201cSiempre contigo, <strong>MITSUBISHI ELECTRIC<\/strong>\u201d.<\/p>\n<p style=\"text-align: justify;\">#SiempreContigoMitsubishiElectric<\/p>\n","protected":false},"excerpt":{"rendered":"<p>Inauguramos el nuevo emplazamiento de VSA COMUNICACION en la ciudad de Valencia, ubicado en una de las Avenidas m\u00e1s importantes y c\u00e9ntricas de la ciudad, la Avenida del Puerto, visible direcci\u00f3n a\u00a0la Ciudad Universitaria y al Puerto. Esta avenida es [&hellip;]<\/p>\n","protected":false},"author":3,"featured_media":7821,"comment_status":"open","ping_status":"open","sticky":false,"template":"","format":"standard","meta":{"inline_featured_image":false,"footnotes":""},"categories":[1488,1640],"tags":[1887,1704,1664,1705,1706,1701,1708,1693,1694,1680,1656,1609,1644,1888,1565,1585,1599,1586,1889,1671,1645],"class_list":["post-11748","post","type-post","status-publish","format-standard","has-post-thumbnail","hentry","category-lonas-publicitarias-en","category-valencia-en","tag-siemprecontigomitsubishielectric-en","tag-alto-prestigio-publicitario-en","tag-campana-publicitaria-en","tag-centro-ciudad-en","tag-emplazamiento-premium-en","tag-espectacular-en","tag-formato-espectacular-en","tag-gran-formato-en","tag-gran-notoriedad-en","tag-lona-espectacular-en","tag-lonas-gran-formato-en","tag-lonas-publicitarias-2-en","tag-lonas-publicitarias-valencia-en","tag-mitsubishi-electric-en","tag-publicidad-ciudades-en","tag-publicidad-exterior-en","tag-publicidad-gran-formato-en","tag-publicidad-urbana-en","tag-siempre-contigo-en","tag-trafico-rodado-en","tag-valencia-en"],"_links":{"self":[{"href":"https:\/\/www.vsacomunicacion.com\/en\/wp-json\/wp\/v2\/posts\/11748"}],"collection":[{"href":"https:\/\/www.vsacomunicacion.com\/en\/wp-json\/wp\/v2\/posts"}],"about":[{"href":"https:\/\/www.vsacomunicacion.com\/en\/wp-json\/wp\/v2\/types\/post"}],"author":[{"embeddable":true,"href":"https:\/\/www.vsacomunicacion.com\/en\/wp-json\/wp\/v2\/users\/3"}],"replies":[{"embeddable":true,"href":"https:\/\/www.vsacomunicacion.com\/en\/wp-json\/wp\/v2\/comments?post=11748"}],"version-history":[{"count":0,"href":"https:\/\/www.vsacomunicacion.com\/en\/wp-json\/wp\/v2\/posts\/11748\/revisions"}],"wp:featuredmedia":[{"embeddable":true,"href":"https:\/\/www.vsacomunicacion.com\/en\/wp-json\/wp\/v2\/media\/7821"}],"wp:attachment":[{"href":"https:\/\/www.vsacomunicacion.com\/en\/wp-json\/wp\/v2\/media?parent=11748"}],"wp:term":[{"taxonomy":"category","embeddable":true,"href":"https:\/\/www.vsacomunicacion.com\/en\/wp-json\/wp\/v2\/categories?post=11748"},{"taxonomy":"post_tag","embeddable":true,"href":"https:\/\/www.vsacomunicacion.com\/en\/wp-json\/wp\/v2\/tags?post=11748"}],"curies":[{"name":"wp","href":"https:\/\/api.w.org\/{rel}","templated":true}]}}