{"id":11749,"date":"2019-04-30T15:17:18","date_gmt":"2019-04-30T15:17:18","guid":{"rendered":"https:\/\/www.vsacomunicacion.com\/lona-publicitaria-de-michael-kors-en-barcelona-2\/"},"modified":"2019-04-30T15:17:18","modified_gmt":"2019-04-30T15:17:18","slug":"lona-publicitaria-de-michael-kors-en-barcelona-2","status":"publish","type":"post","link":"https:\/\/www.vsacomunicacion.com\/en\/lona-publicitaria-de-michael-kors-en-barcelona-2\/","title":{"rendered":"Lona Publicitaria de MICHAEL KORS en Barcelona"},"content":{"rendered":"<p style=\"text-align: justify;\">Divertida, moderna, alegre, fashion&#8230; As\u00ed\u00a0definir\u00edamos la creatividad incluida en la campa\u00f1a de publicidad exterior, elegida para exhibirse en la espectacular <strong>lona publicitaria<\/strong> de <strong>MICHAEL KORS<\/strong> en el emplazamiento de <strong>VSA COMUNICACION<\/strong> en la Avenida Diagonal de <strong>Barcelona<\/strong>. Detr\u00e1s de la marca estadounidense\u00a0hay un dise\u00f1ador \u00fanico, con un sentido innato del glamour y un criterio infalible para reflejar el estilo chic m\u00e1s atemporal.<\/p>\n<p><a href=\"https:\/\/www.vsacomunicacion.com\/wp-content\/uploads\/2019\/04\/lona-publicitaria-barcelona-avenida-diagonal-482-michael-kors-dia-vsa-comunicacion.jpg\" rel=\"attachment wp-att-4841\"><img fetchpriority=\"high\" decoding=\"async\" class=\"aligncenter size-full wp-image-4841\" src=\"https:\/\/www.vsacomunicacion.com\/wp-content\/uploads\/2019\/04\/lona-publicitaria-barcelona-avenida-diagonal-482-michael-kors-dia-vsa-comunicacion.jpg\" alt=\"lona-publicitaria-barcelona-avenida-diagonal-482-michael-kors-dia-vsa-comunicacion\" width=\"884\" height=\"626\" srcset=\"https:\/\/www.vsacomunicacion.com\/wp-content\/uploads\/2019\/04\/lona-publicitaria-barcelona-avenida-diagonal-482-michael-kors-dia-vsa-comunicacion.jpg 884w, https:\/\/www.vsacomunicacion.com\/wp-content\/uploads\/2019\/04\/lona-publicitaria-barcelona-avenida-diagonal-482-michael-kors-dia-vsa-comunicacion-300x212.jpg 300w, https:\/\/www.vsacomunicacion.com\/wp-content\/uploads\/2019\/04\/lona-publicitaria-barcelona-avenida-diagonal-482-michael-kors-dia-vsa-comunicacion-768x544.jpg 768w\" sizes=\"(max-width: 884px) 100vw, 884px\" \/><\/a><\/p>\n<p style=\"text-align: justify;\">Michael Kors es un dise\u00f1ador de accesorios de lujo y pr\u00eat-\u00e0-porter reconocido en todo el mundo y galardonado con varios premios. Su firma hom\u00f3nima, establecida en 1981, produce actualmente una amplia gama de productos a trav\u00e9s de sus l\u00edneas Michael Kors Collection y MICHAEL Michael Kors.<\/p>\n<p style=\"text-align: justify;\">Las\u00a0tiendas\u00a0de<strong>\u00a0MCIHAEL KORS<\/strong> se gestionan de forma directa o a trav\u00e9s de socios autorizados, y est\u00e1n presentes en algunas de las ciudades m\u00e1s prestigiosas del mundo como Nueva York, Londres, Mil\u00e1n, Par\u00eds, Hong Kong\u00a0o\u00a0la cosmopolita\u00a0Barcelona, con una incre\u00edble y amplia tienda en el comercial y reconocido Paseo de Gracia, donde seguro encontrar\u00e1s lo que necesitas entre todos los productos que te ofrecen: accesorios, calzado, relojes, joyas, colecciones de moda pr\u00eat-\u00e0-porter para hombre y mujer, as\u00ed como una completa l\u00ednea de fragancias.<\/p>\n<p><a href=\"https:\/\/www.vsacomunicacion.com\/wp-content\/uploads\/2019\/04\/lona-publicitaria-barcelona-avenida-diagonal-482-michael-kors-noche-vsa-comunicacion.jpg\" rel=\"attachment wp-att-4843\"><img decoding=\"async\" class=\"aligncenter size-full wp-image-4843\" src=\"https:\/\/www.vsacomunicacion.com\/wp-content\/uploads\/2019\/04\/lona-publicitaria-barcelona-avenida-diagonal-482-michael-kors-noche-vsa-comunicacion.jpg\" alt=\"lona-publicitaria-barcelona-avenida-diagonal-482-michael-kors-noche-vsa-comunicacion\" width=\"884\" height=\"626\" srcset=\"https:\/\/www.vsacomunicacion.com\/wp-content\/uploads\/2019\/04\/lona-publicitaria-barcelona-avenida-diagonal-482-michael-kors-noche-vsa-comunicacion.jpg 884w, https:\/\/www.vsacomunicacion.com\/wp-content\/uploads\/2019\/04\/lona-publicitaria-barcelona-avenida-diagonal-482-michael-kors-noche-vsa-comunicacion-300x212.jpg 300w, https:\/\/www.vsacomunicacion.com\/wp-content\/uploads\/2019\/04\/lona-publicitaria-barcelona-avenida-diagonal-482-michael-kors-noche-vsa-comunicacion-768x544.jpg 768w\" sizes=\"(max-width: 884px) 100vw, 884px\" \/><\/a><\/p>\n<p style=\"text-align: justify;\">Recordad\u00a0que muy pronto es el d\u00eda de la madre y una apuesta segura ser\u00eda la bandolera Mercer mediana, tipo acorde\u00f3n, de piel con logotipo MICHAEL KORS, que aparece en\u00a0la lona publicitaria que os presentamos. Ha sido fabricada en piel granulada en dos tonos y se actualiza en clave deportiva con una tira tejida con logotipo.<\/p>\n<p style=\"text-align: justify;\">Este estilizado modelo incorpora asas superiores estructuradas y una tira para el hombro extra\u00edble que ofrece una mayor versatilidad, mientras que el compartimento con cremallera mediano te permite guardar los objetos m\u00e1s peque\u00f1os de forma segura.<\/p>\n<p style=\"text-align: justify;\">En<strong> MICHAEL KORS<\/strong> encontrar\u00e1s logotipos por doquier!!<\/p>\n","protected":false},"excerpt":{"rendered":"<p>Divertida, moderna, alegre, fashion&#8230; As\u00ed\u00a0definir\u00edamos la creatividad incluida en la campa\u00f1a de publicidad exterior, elegida para exhibirse en la espectacular lona publicitaria de MICHAEL KORS en el emplazamiento de VSA COMUNICACION en la Avenida Diagonal de Barcelona. Detr\u00e1s de la [&hellip;]<\/p>\n","protected":false},"author":3,"featured_media":7804,"comment_status":"open","ping_status":"open","sticky":false,"template":"","format":"standard","meta":{"inline_featured_image":false,"footnotes":""},"categories":[1506,1488],"tags":[1704,1678,1890,1516,1664,1705,1706,1701,1708,1693,1694,1891,1680,1609,1581,1892,1666,1565,1585,1599,1586,1671],"class_list":["post-11749","post","type-post","status-publish","format-standard","has-post-thumbnail","hentry","category-barcelona-en","category-lonas-publicitarias-en","tag-alto-prestigio-publicitario-en","tag-avenida-diagonal-en","tag-bandolera-mercer-en","tag-barcelona-en","tag-campana-publicitaria-en","tag-centro-ciudad-en","tag-emplazamiento-premium-en","tag-espectacular-en","tag-formato-espectacular-en","tag-gran-formato-en","tag-gran-notoriedad-en","tag-logotipo-michael-kors-en","tag-lona-espectacular-en","tag-lonas-publicitarias-2-en","tag-lonas-publicitarias-barcelona-en","tag-michael-kors-en","tag-paseo-de-gracia-en","tag-publicidad-ciudades-en","tag-publicidad-exterior-en","tag-publicidad-gran-formato-en","tag-publicidad-urbana-en","tag-trafico-rodado-en"],"_links":{"self":[{"href":"https:\/\/www.vsacomunicacion.com\/en\/wp-json\/wp\/v2\/posts\/11749"}],"collection":[{"href":"https:\/\/www.vsacomunicacion.com\/en\/wp-json\/wp\/v2\/posts"}],"about":[{"href":"https:\/\/www.vsacomunicacion.com\/en\/wp-json\/wp\/v2\/types\/post"}],"author":[{"embeddable":true,"href":"https:\/\/www.vsacomunicacion.com\/en\/wp-json\/wp\/v2\/users\/3"}],"replies":[{"embeddable":true,"href":"https:\/\/www.vsacomunicacion.com\/en\/wp-json\/wp\/v2\/comments?post=11749"}],"version-history":[{"count":0,"href":"https:\/\/www.vsacomunicacion.com\/en\/wp-json\/wp\/v2\/posts\/11749\/revisions"}],"wp:featuredmedia":[{"embeddable":true,"href":"https:\/\/www.vsacomunicacion.com\/en\/wp-json\/wp\/v2\/media\/7804"}],"wp:attachment":[{"href":"https:\/\/www.vsacomunicacion.com\/en\/wp-json\/wp\/v2\/media?parent=11749"}],"wp:term":[{"taxonomy":"category","embeddable":true,"href":"https:\/\/www.vsacomunicacion.com\/en\/wp-json\/wp\/v2\/categories?post=11749"},{"taxonomy":"post_tag","embeddable":true,"href":"https:\/\/www.vsacomunicacion.com\/en\/wp-json\/wp\/v2\/tags?post=11749"}],"curies":[{"name":"wp","href":"https:\/\/api.w.org\/{rel}","templated":true}]}}