{"id":11752,"date":"2019-04-25T08:09:25","date_gmt":"2019-04-25T08:09:25","guid":{"rendered":"https:\/\/www.vsacomunicacion.com\/lona-publicitaria-huawei-en-plaza-cataluna\/"},"modified":"2019-04-25T08:09:25","modified_gmt":"2019-04-25T08:09:25","slug":"lona-publicitaria-huawei-en-plaza-cataluna","status":"publish","type":"post","link":"https:\/\/www.vsacomunicacion.com\/en\/lona-publicitaria-huawei-en-plaza-cataluna\/","title":{"rendered":"Lona Publicitaria HUAWEI en Plaza Catalu\u00f1a"},"content":{"rendered":"<p style=\"text-align: justify;\"><strong>HUAWEI<\/strong>, una vez m\u00e1s, apuesta por los emplazamientos Premium de<strong> VSA COMUNICACION<\/strong> para dar a conocer sus \u00faltimos modelos, siempre sorprendentes y novedosos, utilizando la mejor tecnolog\u00eda punta. En esta ocasi\u00f3n, HUAWEI ha elegido\u00a0una <strong>lona publicitaria<\/strong> de formato espectacular ubicado en la Plaza Catalu\u00f1a de<strong> Barcelona<\/strong> para incluirla en la campa\u00f1a de publicidad exterior\u00a0iniciada en la presentaci\u00f3n de su modelo<strong> P30 PRO<\/strong>, el smartphone con el que podr\u00e1s reescribir las reglas de la fotograf\u00eda.<\/p>\n<p><a href=\"https:\/\/www.vsacomunicacion.com\/wp-content\/uploads\/2019\/04\/lona-publicitaria-barcelona-plaza-cataluna-23-huawei-noche-vsa-comunicacion.jpg\" rel=\"attachment wp-att-4814\"><img fetchpriority=\"high\" decoding=\"async\" class=\"aligncenter size-full wp-image-4814\" src=\"https:\/\/www.vsacomunicacion.com\/wp-content\/uploads\/2019\/04\/lona-publicitaria-barcelona-plaza-cataluna-23-huawei-noche-vsa-comunicacion.jpg\" alt=\"lona-publicitaria-barcelona-plaza-cataluna-23-huawei-noche-vsa-comunicacion\" width=\"884\" height=\"626\" srcset=\"https:\/\/www.vsacomunicacion.com\/wp-content\/uploads\/2019\/04\/lona-publicitaria-barcelona-plaza-cataluna-23-huawei-noche-vsa-comunicacion.jpg 884w, https:\/\/www.vsacomunicacion.com\/wp-content\/uploads\/2019\/04\/lona-publicitaria-barcelona-plaza-cataluna-23-huawei-noche-vsa-comunicacion-300x212.jpg 300w, https:\/\/www.vsacomunicacion.com\/wp-content\/uploads\/2019\/04\/lona-publicitaria-barcelona-plaza-cataluna-23-huawei-noche-vsa-comunicacion-768x544.jpg 768w\" sizes=\"(max-width: 884px) 100vw, 884px\" \/><\/a><\/p>\n<p style=\"text-align: justify;\">El nuevo teleobjetivo periscopio permite que m\u00e1s capacidades de zoom \u00f3ptico se coloquen en un cuerpo compacto, sin perder calidad de imagen.\u00a0La lente SuperZoom te permitir\u00e1\u00a0ver lo que nunca has visto con una gran resoluci\u00f3n y un gran detalle.<\/p>\n<p style=\"text-align: justify;\">Con la regla de detecci\u00f3n de color del nuevo <strong>P30 PRO<\/strong> de <strong>HUAWEI<\/strong> podr\u00e1s obtener m\u00e1s luz en todas tus im\u00e1genes, proporcion\u00e1ndole\u00a0claridad a tus recuerdos durante el d\u00eda o la noche. Incluso en situaciones de extrema oscuridad, podr\u00e1s capturar momentos como una cena rom\u00e1ntica a la luz de las velas o luci\u00e9rnagas volando entre los arbustos. La luz y el color se combinan en diferentes capas para enfocar perfectamente tu rostro.<\/p>\n<p style=\"text-align: justify;\">Haz que la foto de un r\u00edo o las olas del oc\u00e9ano sean tu propia obra maestra.<\/p>\n<p><a href=\"https:\/\/www.vsacomunicacion.com\/wp-content\/uploads\/2019\/04\/lona-publicitaria-barcelona-plaza-cataluna-23-huawei-vsa-comunicacion.jpg\" rel=\"attachment wp-att-4815\"><img decoding=\"async\" class=\"aligncenter size-full wp-image-4815\" src=\"https:\/\/www.vsacomunicacion.com\/wp-content\/uploads\/2019\/04\/lona-publicitaria-barcelona-plaza-cataluna-23-huawei-vsa-comunicacion.jpg\" alt=\"lona-publicitaria-barcelona-plaza-cataluna-23-huawei-vsa-comunicacion\" width=\"884\" height=\"626\" srcset=\"https:\/\/www.vsacomunicacion.com\/wp-content\/uploads\/2019\/04\/lona-publicitaria-barcelona-plaza-cataluna-23-huawei-vsa-comunicacion.jpg 884w, https:\/\/www.vsacomunicacion.com\/wp-content\/uploads\/2019\/04\/lona-publicitaria-barcelona-plaza-cataluna-23-huawei-vsa-comunicacion-300x212.jpg 300w, https:\/\/www.vsacomunicacion.com\/wp-content\/uploads\/2019\/04\/lona-publicitaria-barcelona-plaza-cataluna-23-huawei-vsa-comunicacion-768x544.jpg 768w\" sizes=\"(max-width: 884px) 100vw, 884px\" \/><\/a><\/p>\n<p style=\"text-align: justify;\">La c\u00e1mara frontal 32 MP\u00a0del<strong> HUAWEI P30 PRO<\/strong> te reconocer\u00e1 de manera inteligente para crear selfies perfectos al contornear tu rostro con brillo y nitidez. Tus selfies brillar\u00e1n con detalles, incluso con luz de fondo sobre-expuesta o durante una fiesta nocturna.<\/p>\n<p class=\"p30-h2\" style=\"text-align: justify;\">Vive la noche en todo detalle con la grabaci\u00f3n de v\u00eddeos con poca luz. HUAWEI P30 PRO utiliza un sensor SuperSpectrum para obtener m\u00e1s luz y para capturar los momentos de la noche, como una pareja bailando junto a una fogata, ni\u00f1os corriendo por la playa o una estrella fugaz que corre a trav\u00e9s del cielo estrellado. Haz que los recuerdos de la noche cobren vida a trav\u00e9s de tu tel\u00e9fono.<\/p>\n<div class=\"p30-component-description p30-darkLight-camera\">\n<p class=\"p30-h2\" style=\"text-align: justify;\">Graba v\u00eddeos familiares mientras juegas con los ni\u00f1os. OIS dual profesional Plus AIS en HUAWEI P30 Pro hace que el v\u00eddeo sea fluido y estable.<\/p>\n<p class=\"p30-p\" style=\"text-align: justify;\">Las dos c\u00e1maras traseras funcionan al mismo tiempo, lo que te permite ver la toma general y ampliar las acciones de los modelos.<\/p>\n<p class=\"p30-p\" style=\"text-align: justify;\"><em>Reescribe las reglas de la fotograf\u00eda con HUAWEI P30 PRO!!<\/em><\/p>\n<div class=\"p30-component-description-center p30-fullscreen-1 p30-section-title4\"><\/div>\n<\/div>\n","protected":false},"excerpt":{"rendered":"<p>HUAWEI, una vez m\u00e1s, apuesta por los emplazamientos Premium de VSA COMUNICACION para dar a conocer sus \u00faltimos modelos, siempre sorprendentes y novedosos, utilizando la mejor tecnolog\u00eda punta. En esta ocasi\u00f3n, HUAWEI ha elegido\u00a0una lona publicitaria de formato espectacular ubicado [&hellip;]<\/p>\n","protected":false},"author":3,"featured_media":7798,"comment_status":"open","ping_status":"open","sticky":false,"template":"","format":"standard","meta":{"inline_featured_image":false,"footnotes":""},"categories":[1506,1488],"tags":[1704,1516,1774,1664,1705,1706,1701,1708,1693,1694,1775,1806,1656,1609,1581,1893,1894,1861,1565,1585,1599,1586,1671],"class_list":["post-11752","post","type-post","status-publish","format-standard","has-post-thumbnail","hentry","category-barcelona-en","category-lonas-publicitarias-en","tag-alto-prestigio-publicitario-en","tag-barcelona-en","tag-campana-huawei-en","tag-campana-publicitaria-en","tag-centro-ciudad-en","tag-emplazamiento-premium-en","tag-espectacular-en","tag-formato-espectacular-en","tag-gran-formato-en","tag-gran-notoriedad-en","tag-huawei-en","tag-huawei-p30-pro-en","tag-lonas-gran-formato-en","tag-lonas-publicitarias-2-en","tag-lonas-publicitarias-barcelona-en","tag-p30-en","tag-p30-pro-en","tag-plaza-cataluna-en","tag-publicidad-ciudades-en","tag-publicidad-exterior-en","tag-publicidad-gran-formato-en","tag-publicidad-urbana-en","tag-trafico-rodado-en"],"_links":{"self":[{"href":"https:\/\/www.vsacomunicacion.com\/en\/wp-json\/wp\/v2\/posts\/11752"}],"collection":[{"href":"https:\/\/www.vsacomunicacion.com\/en\/wp-json\/wp\/v2\/posts"}],"about":[{"href":"https:\/\/www.vsacomunicacion.com\/en\/wp-json\/wp\/v2\/types\/post"}],"author":[{"embeddable":true,"href":"https:\/\/www.vsacomunicacion.com\/en\/wp-json\/wp\/v2\/users\/3"}],"replies":[{"embeddable":true,"href":"https:\/\/www.vsacomunicacion.com\/en\/wp-json\/wp\/v2\/comments?post=11752"}],"version-history":[{"count":0,"href":"https:\/\/www.vsacomunicacion.com\/en\/wp-json\/wp\/v2\/posts\/11752\/revisions"}],"wp:featuredmedia":[{"embeddable":true,"href":"https:\/\/www.vsacomunicacion.com\/en\/wp-json\/wp\/v2\/media\/7798"}],"wp:attachment":[{"href":"https:\/\/www.vsacomunicacion.com\/en\/wp-json\/wp\/v2\/media?parent=11752"}],"wp:term":[{"taxonomy":"category","embeddable":true,"href":"https:\/\/www.vsacomunicacion.com\/en\/wp-json\/wp\/v2\/categories?post=11752"},{"taxonomy":"post_tag","embeddable":true,"href":"https:\/\/www.vsacomunicacion.com\/en\/wp-json\/wp\/v2\/tags?post=11752"}],"curies":[{"name":"wp","href":"https:\/\/api.w.org\/{rel}","templated":true}]}}