{"id":11757,"date":"2019-04-24T18:36:36","date_gmt":"2019-04-24T18:36:36","guid":{"rendered":"https:\/\/www.vsacomunicacion.com\/lona-publicitaria-de-renault-en-la-calle-alcala\/"},"modified":"2019-04-24T18:36:36","modified_gmt":"2019-04-24T18:36:36","slug":"lona-publicitaria-de-renault-en-la-calle-alcala","status":"publish","type":"post","link":"https:\/\/www.vsacomunicacion.com\/en\/lona-publicitaria-de-renault-en-la-calle-alcala\/","title":{"rendered":"Lona Publicitaria de RENAULT en la calle Alcal\u00e1"},"content":{"rendered":"<p style=\"text-align: justify;\">La innovaci\u00f3n forma parte del ADN de RENAULT desde sus comienzos, y la marca francesa ha iniciado una campa\u00f1a de publicidad exterior para que descubras la selecci\u00f3n de veh\u00edculos el\u00e9ctricos de la gama Renault<strong> Z.E<\/strong> 100% el\u00e9ctricos y combines responsabilidad medioambiental y placer de conducci\u00f3n.<\/p>\n<p style=\"text-align: justify;\">Agradecemos que <strong>RENAULT<\/strong> haya confiado para esta campa\u00f1a en la experiencia de <strong>VSA COMUNICACION<\/strong> y en la calidad de sus emplazamientos. No os perd\u00e1is la espectacular<strong> lona publicitaria<\/strong> que podr\u00e9is ver estos d\u00edas en la calle Alcal\u00e1 de<strong> Madrid<\/strong>.<\/p>\n<p>\u00bfEst\u00e1s listo para entrar en un nuevo universo?<\/p>\n<p><a href=\"https:\/\/www.vsacomunicacion.com\/wp-content\/uploads\/2019\/04\/lona-publicitaria-madrid-alcala-43-renault-noche-vsa-comunicacion.jpg\" rel=\"attachment wp-att-4832\"><img fetchpriority=\"high\" decoding=\"async\" class=\"aligncenter size-full wp-image-4832\" src=\"https:\/\/www.vsacomunicacion.com\/wp-content\/uploads\/2019\/04\/lona-publicitaria-madrid-alcala-43-renault-noche-vsa-comunicacion.jpg\" alt=\"lona-publicitaria-madrid-alcala-43-renault-noche-vsa-comunicacion\" width=\"884\" height=\"626\" srcset=\"https:\/\/www.vsacomunicacion.com\/wp-content\/uploads\/2019\/04\/lona-publicitaria-madrid-alcala-43-renault-noche-vsa-comunicacion.jpg 884w, https:\/\/www.vsacomunicacion.com\/wp-content\/uploads\/2019\/04\/lona-publicitaria-madrid-alcala-43-renault-noche-vsa-comunicacion-300x212.jpg 300w, https:\/\/www.vsacomunicacion.com\/wp-content\/uploads\/2019\/04\/lona-publicitaria-madrid-alcala-43-renault-noche-vsa-comunicacion-768x544.jpg 768w\" sizes=\"(max-width: 884px) 100vw, 884px\" \/><\/a><\/p>\n<p style=\"text-align: justify;\">Los\u00a0veh\u00edculos el\u00e9ctricos de reinventan el concepto de la movilidad urbana y responden a las expectativas de particulares y profesionales: una camioneta con cero emisiones para realizar con \u00e9xito tus entregas, una berlina el\u00e9ctrica para tus trayectos urbanos o un coche el\u00e9ctrico de dos plazas para disfrutar de una tarde de compras responsable.<\/p>\n<p style=\"text-align: justify;\">Urbano, cami\u00f3n, biplaza, furg\u00f3n&#8230; Elige el modelo el\u00e9ctrico <strong>RENAULT\u00a0<\/strong>que m\u00e1s te conviene.<\/p>\n<p style=\"text-align: justify;\">Adem\u00e1s, podr\u00e1s\u00a0optimizar la calidad de tus trayectos y descubrir\u00a0un nuevo placer de conducir gracias a las infinitas ventajas de\u00a0sus veh\u00edculos el\u00e9ctricos: disfrutar\u00e1s de una conducci\u00f3n fluida, silenciosa y cero emisiones, sin molestias sonoras ni cambios de velocidad.<\/p>\n<p style=\"text-align: justify;\">Da un paso hacia el futuro y experimenta una nueva forma de vivir el autom\u00f3vil con RENAULT.<\/p>\n<p><a href=\"https:\/\/www.vsacomunicacion.com\/wp-content\/uploads\/2019\/04\/lona-publicitaria-madrid-alcala-43-renault-dia-vsa-comunicacion.jpg\" rel=\"attachment wp-att-4834\"><img decoding=\"async\" class=\"aligncenter size-full wp-image-4834\" src=\"https:\/\/www.vsacomunicacion.com\/wp-content\/uploads\/2019\/04\/lona-publicitaria-madrid-alcala-43-renault-dia-vsa-comunicacion.jpg\" alt=\"lona-publicitaria-madrid-alcala-43-renault-dia-vsa-comunicacion\" width=\"884\" height=\"626\" srcset=\"https:\/\/www.vsacomunicacion.com\/wp-content\/uploads\/2019\/04\/lona-publicitaria-madrid-alcala-43-renault-dia-vsa-comunicacion.jpg 884w, https:\/\/www.vsacomunicacion.com\/wp-content\/uploads\/2019\/04\/lona-publicitaria-madrid-alcala-43-renault-dia-vsa-comunicacion-300x212.jpg 300w, https:\/\/www.vsacomunicacion.com\/wp-content\/uploads\/2019\/04\/lona-publicitaria-madrid-alcala-43-renault-dia-vsa-comunicacion-768x544.jpg 768w\" sizes=\"(max-width: 884px) 100vw, 884px\" \/><\/a><\/p>\n<p style=\"text-align: justify;\">Comparte, sonr\u00ede, imagina, respira&#8230; la <strong>FeliZiudad<\/strong> la construimos entre todos. En la <a href=\"https:\/\/feliziudad.renault.es\/?ORIGIN=SEA&amp;utm_source=google&amp;utm_medium=cpc&amp;utm_campaign=ES-R-ElecCar_ZOE&amp;gclid=EAIaIQobChMItryX5vT04QIVTPlRCh3kjQ9WEAAYASAAEgJ5lvD_BwE\" target=\"_blank\" rel=\"noopener\">web<\/a> de RENAULT podr\u00e1s ver\u00a0la colecci\u00f3n de ilustraciones que ha\u00a0creado para que las compartas en tus redes sociales o, simplemente, para que te sirvan de inspiraci\u00f3n.<\/p>\n<p style=\"text-align: justify;\">No te pierdas todas las iniciativas que<strong>\u00a0RENAULT<\/strong> ha puesto en marcha desde Renaulty, la Fundaci\u00f3n Renault para la Inclusi\u00f3n y la Movilidad Sostenible.<\/p>\n<p style=\"text-align: justify;\">Es genial ver que en cada casa, en cada barrio, ya hay peque\u00f1os gestos que est\u00e1n cambiando nuestras vidas y mejoran\u00a0nuestra ciudad.\u00a0Hay mucha gente que est\u00e1 poniendo de su parte para hacer de su barrio un lugar m\u00e1s feliz.<\/p>\n<p style=\"text-align: justify;\"><em>La #Feliziudad no se encuentra, se construye!! Gama RENAULT Z.E. 100% El\u00e9ctrica<\/em><\/p>\n","protected":false},"excerpt":{"rendered":"<p>La innovaci\u00f3n forma parte del ADN de RENAULT desde sus comienzos, y la marca francesa ha iniciado una campa\u00f1a de publicidad exterior para que descubras la selecci\u00f3n de veh\u00edculos el\u00e9ctricos de la gama Renault Z.E 100% el\u00e9ctricos y combines responsabilidad [&hellip;]<\/p>\n","protected":false},"author":3,"featured_media":7802,"comment_status":"open","ping_status":"open","sticky":false,"template":"","format":"standard","meta":{"inline_featured_image":false,"footnotes":""},"categories":[1488,1489],"tags":[1895,1896,1552,1704,1664,1705,1706,1701,1708,1897,1693,1694,1609,1611,1499,1565,1585,1599,1586,1737,1671,1898],"class_list":["post-11757","post","type-post","status-publish","format-standard","has-post-thumbnail","hentry","category-lonas-publicitarias-en","category-madrid-en","tag-feliziudad-en","tag-100-eletricos-en","tag-alcala-en","tag-alto-prestigio-publicitario-en","tag-campana-publicitaria-en","tag-centro-ciudad-en","tag-emplazamiento-premium-en","tag-espectacular-en","tag-formato-espectacular-en","tag-gama-renault-z-e-en","tag-gran-formato-en","tag-gran-notoriedad-en","tag-lonas-publicitarias-2-en","tag-lonas-publicitarias-madrid-en","tag-madrid-en","tag-publicidad-ciudades-en","tag-publicidad-exterior-en","tag-publicidad-gran-formato-en","tag-publicidad-urbana-en","tag-renault-en","tag-trafico-rodado-en","tag-z-e-en"],"_links":{"self":[{"href":"https:\/\/www.vsacomunicacion.com\/en\/wp-json\/wp\/v2\/posts\/11757"}],"collection":[{"href":"https:\/\/www.vsacomunicacion.com\/en\/wp-json\/wp\/v2\/posts"}],"about":[{"href":"https:\/\/www.vsacomunicacion.com\/en\/wp-json\/wp\/v2\/types\/post"}],"author":[{"embeddable":true,"href":"https:\/\/www.vsacomunicacion.com\/en\/wp-json\/wp\/v2\/users\/3"}],"replies":[{"embeddable":true,"href":"https:\/\/www.vsacomunicacion.com\/en\/wp-json\/wp\/v2\/comments?post=11757"}],"version-history":[{"count":0,"href":"https:\/\/www.vsacomunicacion.com\/en\/wp-json\/wp\/v2\/posts\/11757\/revisions"}],"wp:featuredmedia":[{"embeddable":true,"href":"https:\/\/www.vsacomunicacion.com\/en\/wp-json\/wp\/v2\/media\/7802"}],"wp:attachment":[{"href":"https:\/\/www.vsacomunicacion.com\/en\/wp-json\/wp\/v2\/media?parent=11757"}],"wp:term":[{"taxonomy":"category","embeddable":true,"href":"https:\/\/www.vsacomunicacion.com\/en\/wp-json\/wp\/v2\/categories?post=11757"},{"taxonomy":"post_tag","embeddable":true,"href":"https:\/\/www.vsacomunicacion.com\/en\/wp-json\/wp\/v2\/tags?post=11757"}],"curies":[{"name":"wp","href":"https:\/\/api.w.org\/{rel}","templated":true}]}}