{"id":11758,"date":"2019-04-20T14:22:16","date_gmt":"2019-04-20T14:22:16","guid":{"rendered":"https:\/\/www.vsacomunicacion.com\/lona-publicitaria-de-hanna-en-el-paseo-del-prado\/"},"modified":"2019-04-20T14:22:16","modified_gmt":"2019-04-20T14:22:16","slug":"lona-publicitaria-de-hanna-en-el-paseo-del-prado","status":"publish","type":"post","link":"https:\/\/www.vsacomunicacion.com\/en\/lona-publicitaria-de-hanna-en-el-paseo-del-prado\/","title":{"rendered":"Lona Publicitaria de HANNA en el Paseo del Prado"},"content":{"rendered":"<p style=\"text-align: justify;\">Estamos absolutamente encantados de la confianza que deposita de nuevo<strong> AMAZON PRIME VIDEO<\/strong> en los soportes y\u00a0experiencia\u00a0en el out of home y el marketing espectacular de <strong>VSA COMUNICACION<\/strong>.<\/p>\n<p style=\"text-align: justify;\">Hace unos d\u00edas os<a href=\"https:\/\/www.vsacomunicacion.com\/lona-publicitaria-de-la-serie-hanna-en-madrid\/\"> anunci\u00e1bamo<\/a>s la estrena de la nueva serie de la plataforma en <em>streaming\u00a0<\/em>y la campa\u00f1a de publicidad exterior iniciada.\u00a0Hoy os presentamos una nueva e incre\u00edble <strong>lona publicitaria<\/strong> de la exitosa serie <strong>HANNA<\/strong> en el emplazamiento de <strong>VSA COMUNICACION<\/strong> en el Paseo del Prado de <strong>Madrid<\/strong>. Os garantizamos que es maravillosa!!!<\/p>\n<p style=\"text-align: justify;\"><a href=\"https:\/\/www.vsacomunicacion.com\/wp-content\/uploads\/2019\/04\/lona-publicitaria-madrid-plateria-martinez-amazon-hanna-noche-vsa-comunicacion.jpg\" rel=\"attachment wp-att-4810\"><img fetchpriority=\"high\" decoding=\"async\" class=\"aligncenter size-full wp-image-4810\" src=\"https:\/\/www.vsacomunicacion.com\/wp-content\/uploads\/2019\/04\/lona-publicitaria-madrid-plateria-martinez-amazon-hanna-noche-vsa-comunicacion.jpg\" alt=\"lona-publicitaria-madrid-plateria-martinez-amazon-hanna-noche-vsa-comunicacion\" width=\"884\" height=\"626\" srcset=\"https:\/\/www.vsacomunicacion.com\/wp-content\/uploads\/2019\/04\/lona-publicitaria-madrid-plateria-martinez-amazon-hanna-noche-vsa-comunicacion.jpg 884w, https:\/\/www.vsacomunicacion.com\/wp-content\/uploads\/2019\/04\/lona-publicitaria-madrid-plateria-martinez-amazon-hanna-noche-vsa-comunicacion-300x212.jpg 300w, https:\/\/www.vsacomunicacion.com\/wp-content\/uploads\/2019\/04\/lona-publicitaria-madrid-plateria-martinez-amazon-hanna-noche-vsa-comunicacion-768x544.jpg 768w\" sizes=\"(max-width: 884px) 100vw, 884px\" \/><\/a><\/p>\n<p style=\"text-align: justify;\"><strong>AMAZON<\/strong> decidi\u00f3 hace un a\u00f1o convertir la historia de la pel\u00edcula de 2011 <strong>HANNA<\/strong> en una serie de televisi\u00f3n. Un trepidante <em>thriller<\/em> de acci\u00f3n en el que una chica de 15 a\u00f1os llamada Hanna hab\u00eda sido criada en un bosque de Finlandia, aislada del resto del mundo y en compa\u00f1\u00eda s\u00f3lo de su padre, quien la entrenaba a diario para convertirla en una perfecta asesina y defenderse de una agente de la CIA obsesionada en encontrar a\u00a0la ni\u00f1a a cualquier precio.<\/p>\n<p style=\"text-align: justify;\"><a href=\"https:\/\/www.vsacomunicacion.com\/wp-content\/uploads\/2019\/04\/lona-publicitaria-madrid-plateria-martinez-amazon-hanna-dia-vsa-comunicacion.jpg\" rel=\"attachment wp-att-4808\"><img decoding=\"async\" class=\"aligncenter size-full wp-image-4808\" src=\"https:\/\/www.vsacomunicacion.com\/wp-content\/uploads\/2019\/04\/lona-publicitaria-madrid-plateria-martinez-amazon-hanna-dia-vsa-comunicacion.jpg\" alt=\"lona-publicitaria-madrid-plateria-martinez-amazon-hanna-dia-vsa-comunicacion\" width=\"884\" height=\"626\" srcset=\"https:\/\/www.vsacomunicacion.com\/wp-content\/uploads\/2019\/04\/lona-publicitaria-madrid-plateria-martinez-amazon-hanna-dia-vsa-comunicacion.jpg 884w, https:\/\/www.vsacomunicacion.com\/wp-content\/uploads\/2019\/04\/lona-publicitaria-madrid-plateria-martinez-amazon-hanna-dia-vsa-comunicacion-300x212.jpg 300w, https:\/\/www.vsacomunicacion.com\/wp-content\/uploads\/2019\/04\/lona-publicitaria-madrid-plateria-martinez-amazon-hanna-dia-vsa-comunicacion-768x544.jpg 768w\" sizes=\"(max-width: 884px) 100vw, 884px\" \/><\/a><\/p>\n<p style=\"text-align: justify;\">El primer tr\u00e1iler de la serie se emiti\u00f3 durante una de las pausas de la Super Bowl, con todo lo que esto conlleva: un coste elevad\u00edsimo pero, a su vez,\u00a0consiguieron que fuera\u00a0visto por millones de norteamericanos.<\/p>\n<p style=\"text-align: justify;\">Nada m\u00e1s acabar la\u00a0televisiva final del partido la plataforma en\u00a0<em>streaming\u00a0<\/em>puso a disposici\u00f3n de sus abonados, durante\u00a024 horas,\u00a0el cap\u00edtulo piloto. Con ello, Jeff Bezos, fundador de AMAZON, consigui\u00f3 su objetivo: que se hablara de la serie en todo el mundo dos meses antes de su estreno.<\/p>\n<p style=\"text-align: justify;\">Su adaptaci\u00f3n televisiva fue, como ya comentamos, el pasado 29 de marzo a trav\u00e9s de la plataforma<strong> AMAZON PRIME VIDEO<\/strong>.<\/p>\n<p style=\"text-align: justify;\"><em>HANNA, la chica a la que nadie vio venir&#8230;<\/em><\/p>\n","protected":false},"excerpt":{"rendered":"<p>Estamos absolutamente encantados de la confianza que deposita de nuevo AMAZON PRIME VIDEO en los soportes y\u00a0experiencia\u00a0en el out of home y el marketing espectacular de VSA COMUNICACION. Hace unos d\u00edas os anunci\u00e1bamos la estrena de la nueva serie de [&hellip;]<\/p>\n","protected":false},"author":3,"featured_media":7797,"comment_status":"open","ping_status":"open","sticky":false,"template":"","format":"standard","meta":{"inline_featured_image":false,"footnotes":""},"categories":[1488,1489],"tags":[1704,1668,1664,1705,1706,1701,1708,1693,1694,1860,1609,1611,1499,1899,1565,1585,1599,1586],"class_list":["post-11758","post","type-post","status-publish","format-standard","has-post-thumbnail","hentry","category-lonas-publicitarias-en","category-madrid-en","tag-alto-prestigio-publicitario-en","tag-amazon-prime-video-en","tag-campana-publicitaria-en","tag-centro-ciudad-en","tag-emplazamiento-premium-en","tag-espectacular-en","tag-formato-espectacular-en","tag-gran-formato-en","tag-gran-notoriedad-en","tag-hanna-en","tag-lonas-publicitarias-2-en","tag-lonas-publicitarias-madrid-en","tag-madrid-en","tag-paseo-del-prado-en","tag-publicidad-ciudades-en","tag-publicidad-exterior-en","tag-publicidad-gran-formato-en","tag-publicidad-urbana-en"],"_links":{"self":[{"href":"https:\/\/www.vsacomunicacion.com\/en\/wp-json\/wp\/v2\/posts\/11758"}],"collection":[{"href":"https:\/\/www.vsacomunicacion.com\/en\/wp-json\/wp\/v2\/posts"}],"about":[{"href":"https:\/\/www.vsacomunicacion.com\/en\/wp-json\/wp\/v2\/types\/post"}],"author":[{"embeddable":true,"href":"https:\/\/www.vsacomunicacion.com\/en\/wp-json\/wp\/v2\/users\/3"}],"replies":[{"embeddable":true,"href":"https:\/\/www.vsacomunicacion.com\/en\/wp-json\/wp\/v2\/comments?post=11758"}],"version-history":[{"count":0,"href":"https:\/\/www.vsacomunicacion.com\/en\/wp-json\/wp\/v2\/posts\/11758\/revisions"}],"wp:featuredmedia":[{"embeddable":true,"href":"https:\/\/www.vsacomunicacion.com\/en\/wp-json\/wp\/v2\/media\/7797"}],"wp:attachment":[{"href":"https:\/\/www.vsacomunicacion.com\/en\/wp-json\/wp\/v2\/media?parent=11758"}],"wp:term":[{"taxonomy":"category","embeddable":true,"href":"https:\/\/www.vsacomunicacion.com\/en\/wp-json\/wp\/v2\/categories?post=11758"},{"taxonomy":"post_tag","embeddable":true,"href":"https:\/\/www.vsacomunicacion.com\/en\/wp-json\/wp\/v2\/tags?post=11758"}],"curies":[{"name":"wp","href":"https:\/\/api.w.org\/{rel}","templated":true}]}}