{"id":11762,"date":"2019-04-15T10:21:36","date_gmt":"2019-04-15T10:21:36","guid":{"rendered":"https:\/\/www.vsacomunicacion.com\/lona-adidas-en-calle-preciados-de-madrid\/"},"modified":"2019-04-15T10:21:36","modified_gmt":"2019-04-15T10:21:36","slug":"lona-adidas-en-calle-preciados-de-madrid","status":"publish","type":"post","link":"https:\/\/www.vsacomunicacion.com\/en\/lona-adidas-en-calle-preciados-de-madrid\/","title":{"rendered":"Lona ADIDAS en calle Preciados de Madrid"},"content":{"rendered":"<p style=\"text-align: justify;\">Incre\u00edble <strong>lona publicitaria<\/strong> de <strong>ADIDAS<\/strong> en el c\u00e9ntrico emplazamiento de <strong>VSA COMUNICACION<\/strong> en la transitada y emblem\u00e1tica calle <strong>Preciados<\/strong> de<strong> Madrid<\/strong>, reivindicando la capacidad del running para unir a las personas y recordando que, el pr\u00f3ximo 27 de abril todos los runners pueden conseguir la mayor\u00eda absoluta, uni\u00e9ndose para recorrer las calles de Madrid con la <strong>EDP ROCK&#8217;N&#8217;ROLL MADRID MARAT\u00d3N<\/strong>.<\/p>\n<p><a href=\"https:\/\/www.vsacomunicacion.com\/wp-content\/uploads\/2019\/06\/lona-publicitaria-madrid-preciados-13-adidas-dia-vsa-comunicacion.jpg\" rel=\"attachment wp-att-4933\"><img fetchpriority=\"high\" decoding=\"async\" class=\"aligncenter size-full wp-image-4933\" src=\"https:\/\/www.vsacomunicacion.com\/wp-content\/uploads\/2019\/06\/lona-publicitaria-madrid-preciados-13-adidas-dia-vsa-comunicacion.jpg\" alt=\"lona-publicitaria-madrid-preciados-13-adidas-dia-vsa-comunicacion\" width=\"884\" height=\"626\" srcset=\"https:\/\/www.vsacomunicacion.com\/wp-content\/uploads\/2019\/06\/lona-publicitaria-madrid-preciados-13-adidas-dia-vsa-comunicacion.jpg 884w, https:\/\/www.vsacomunicacion.com\/wp-content\/uploads\/2019\/06\/lona-publicitaria-madrid-preciados-13-adidas-dia-vsa-comunicacion-300x212.jpg 300w, https:\/\/www.vsacomunicacion.com\/wp-content\/uploads\/2019\/06\/lona-publicitaria-madrid-preciados-13-adidas-dia-vsa-comunicacion-768x544.jpg 768w\" sizes=\"(max-width: 884px) 100vw, 884px\" \/><\/a><\/p>\n<p style=\"text-align: justify;\">La\u00a0EDP Rock&#8217;n&#8217;Roll Madrid Marat\u00f3n &amp; 1\/2 es una de las carreras m\u00e1s prestigiosas y emblem\u00e1ticas del Estado. Se celebrar\u00e1 el pr\u00f3ximo 27 de abril de 2019 y es el \u00fanico evento en Espa\u00f1a donde los atletas podr\u00e1n clasificarse para el Campeonato Mundial Abbott World Marathon Majors Wanda Age Group cuyo broche final ser\u00e1 el Marat\u00f3n Virgin Money de Londres en 2020.<\/p>\n<p style=\"text-align: justify;\">Los corredores del<strong> EDP Rock&#8217;n&#8217;Roll Madrid Marat\u00f3n<\/strong> vivir\u00e1n una experiencia \u00fanica en la hist\u00f3rica capital de Espa\u00f1a, donde correr\u00e1n y se emocionar\u00e1n con el ferviente apoyo de los miles de madrile\u00f1os que ese d\u00eda salen a la calle a vivir y animar la fiesta del Marat\u00f3n. Los atletas atravesar\u00e1n los lugares m\u00e1s emblem\u00e1ticos de Madrid, como la Puerta del Sol, la Gran V\u00eda y el Palacio Real, mientras vibran con la m\u00fasica en un ambiente realmente emotivo.<\/p>\n<p><a href=\"https:\/\/www.vsacomunicacion.com\/wp-content\/uploads\/2019\/06\/lona-publicitaria-madrid-preciados-13-adidas-noche-vsa-comunicacion.jpg\" rel=\"attachment wp-att-4934\"><img decoding=\"async\" class=\"aligncenter size-full wp-image-4934\" src=\"https:\/\/www.vsacomunicacion.com\/wp-content\/uploads\/2019\/06\/lona-publicitaria-madrid-preciados-13-adidas-noche-vsa-comunicacion.jpg\" alt=\"lona-publicitaria-madrid-preciados-13-adidas-noche-vsa-comunicacion\" width=\"884\" height=\"626\" srcset=\"https:\/\/www.vsacomunicacion.com\/wp-content\/uploads\/2019\/06\/lona-publicitaria-madrid-preciados-13-adidas-noche-vsa-comunicacion.jpg 884w, https:\/\/www.vsacomunicacion.com\/wp-content\/uploads\/2019\/06\/lona-publicitaria-madrid-preciados-13-adidas-noche-vsa-comunicacion-300x212.jpg 300w, https:\/\/www.vsacomunicacion.com\/wp-content\/uploads\/2019\/06\/lona-publicitaria-madrid-preciados-13-adidas-noche-vsa-comunicacion-768x544.jpg 768w\" sizes=\"(max-width: 884px) 100vw, 884px\" \/><\/a><\/p>\n<p style=\"text-align: justify;\"><strong>ADIDAS <\/strong>da hoy el pistoletazo de salida a una serie de eventos que tendr\u00e1n lugar en la capital en los pr\u00f3ximos d\u00edas para celebrar el poder transformador de este deporte con esta espectacular lona publicitaria en el centro de Madrid.<\/p>\n<p style=\"text-align: justify;\">Para ayudarles a dar lo mejor de s\u00ed mismos en la jornada del s\u00e1bado,\u00a0ADIDAS pone a su disposici\u00f3n una serie de entrenamientos para preparar la carrera a los que se podr\u00e1n unir corredores de todas partes a trav\u00e9s de la aplicaci\u00f3n\u00a0<a href=\"https:\/\/www.runtastic.com\/es\/\" target=\"_blank\" rel=\"noopener\">Runtastic<\/a>.<\/p>\n<p style=\"text-align: justify;\">Todos los participantes que se acerquen a la\u00a0tienda de\u00a0<strong>ADIDAS <\/strong>de <strong>Gran V\u00eda<\/strong>\u00a0los d\u00edas 27 y 28 de abril\u00a0tendr\u00e1n la oportunidad de conseguir unas\u00a0<a href=\"https:\/\/www.adidas.es\/ultraboost\" target=\"_blank\" rel=\"noopener\">adidas Ultraboost <\/a>19\u00a0si entregan el flyer con el c\u00f3digo QR que encontrar\u00e1n en su bolsa del corredor, adem\u00e1s de tener la oportunidad de serigrafiar su camiseta. Y si van del 27 de abril al 3 mayo, tambi\u00e9n podr\u00e1n conseguir un\u00a0descuento del 20 % en su compra.<\/p>\n<p style=\"text-align: justify;\">Adem\u00e1s, para celebrar la nueva era del running en adidas, el s\u00e1bado 27 por la tarde se estrenar\u00e1 el documental Creators of Madrid, creado por miembros de la comunidad de adidas runners Madrid, y que tendr\u00e1 lugar en el Film Festival, en el Espacio LOOM, c\/Huertas 11 de 18 a 20 horas.<\/p>\n<p><em>#ULTRABOOST 19 #EDPRNRMADRID #ADIDASRUNNERSMADRID<\/em><\/p>\n","protected":false},"excerpt":{"rendered":"<p>Incre\u00edble lona publicitaria de ADIDAS en el c\u00e9ntrico emplazamiento de VSA COMUNICACION en la transitada y emblem\u00e1tica calle Preciados de Madrid, reivindicando la capacidad del running para unir a las personas y recordando que, el pr\u00f3ximo 27 de abril todos [&hellip;]<\/p>\n","protected":false},"author":3,"featured_media":7832,"comment_status":"open","ping_status":"open","sticky":false,"template":"","format":"standard","meta":{"inline_featured_image":false,"footnotes":""},"categories":[1488,1489],"tags":[1900,1901,1902,1689,1704,1664,1705,1903,1706,1701,1708,1693,1694,1680,1609,1611,1499,1769,1565,1585,1599,1586,1671],"class_list":["post-11762","post","type-post","status-publish","format-standard","has-post-thumbnail","hentry","category-lonas-publicitarias-en","category-madrid-en","tag-adidasrunnersmadrid-en","tag-edprnrmadrid-en","tag-ultraboost19-en","tag-adidas-en","tag-alto-prestigio-publicitario-en","tag-campana-publicitaria-en","tag-centro-ciudad-en","tag-edp-rocknroll-madrid-maraton-en","tag-emplazamiento-premium-en","tag-espectacular-en","tag-formato-espectacular-en","tag-gran-formato-en","tag-gran-notoriedad-en","tag-lona-espectacular-en","tag-lonas-publicitarias-2-en","tag-lonas-publicitarias-madrid-en","tag-madrid-en","tag-preciados-en","tag-publicidad-ciudades-en","tag-publicidad-exterior-en","tag-publicidad-gran-formato-en","tag-publicidad-urbana-en","tag-trafico-rodado-en"],"_links":{"self":[{"href":"https:\/\/www.vsacomunicacion.com\/en\/wp-json\/wp\/v2\/posts\/11762"}],"collection":[{"href":"https:\/\/www.vsacomunicacion.com\/en\/wp-json\/wp\/v2\/posts"}],"about":[{"href":"https:\/\/www.vsacomunicacion.com\/en\/wp-json\/wp\/v2\/types\/post"}],"author":[{"embeddable":true,"href":"https:\/\/www.vsacomunicacion.com\/en\/wp-json\/wp\/v2\/users\/3"}],"replies":[{"embeddable":true,"href":"https:\/\/www.vsacomunicacion.com\/en\/wp-json\/wp\/v2\/comments?post=11762"}],"version-history":[{"count":0,"href":"https:\/\/www.vsacomunicacion.com\/en\/wp-json\/wp\/v2\/posts\/11762\/revisions"}],"wp:featuredmedia":[{"embeddable":true,"href":"https:\/\/www.vsacomunicacion.com\/en\/wp-json\/wp\/v2\/media\/7832"}],"wp:attachment":[{"href":"https:\/\/www.vsacomunicacion.com\/en\/wp-json\/wp\/v2\/media?parent=11762"}],"wp:term":[{"taxonomy":"category","embeddable":true,"href":"https:\/\/www.vsacomunicacion.com\/en\/wp-json\/wp\/v2\/categories?post=11762"},{"taxonomy":"post_tag","embeddable":true,"href":"https:\/\/www.vsacomunicacion.com\/en\/wp-json\/wp\/v2\/tags?post=11762"}],"curies":[{"name":"wp","href":"https:\/\/api.w.org\/{rel}","templated":true}]}}