{"id":11774,"date":"2019-04-02T21:30:04","date_gmt":"2019-04-02T21:30:04","guid":{"rendered":"https:\/\/www.vsacomunicacion.com\/lona-publicitaria-de-carlos-rivera-en-madrid\/"},"modified":"2019-04-02T21:30:04","modified_gmt":"2019-04-02T21:30:04","slug":"lona-publicitaria-de-carlos-rivera-en-madrid","status":"publish","type":"post","link":"https:\/\/www.vsacomunicacion.com\/en\/lona-publicitaria-de-carlos-rivera-en-madrid\/","title":{"rendered":"Lona Publicitaria de CARLOS RIVERA en Madrid"},"content":{"rendered":"<p style=\"text-align: justify;\">El cantante y compositor mexicano <strong>CARLOS RIVERA<\/strong>\u00a0ha iniciado su gira mundial y, c\u00f3mo no, estamos encantados de que\u00a0Espa\u00f1a est\u00e9 entre los pa\u00edses elegidos para presentar su nuevo disco\u00a0con nada m\u00e1s y nada menos que once\u00a0conciertos programados en\u00a0las\u00a0principales ciudades del pa\u00eds.<\/p>\n<p style=\"text-align: justify;\">Esta incre\u00edble<strong> lona publicitaria<\/strong>, junto a<strong> VSA COMUNICACION<\/strong> y su emplazamiento Premium ubicado en la concurrida y conocida calle Alcal\u00e1,\u00a0ha sido la elegida para su campa\u00f1a de publicidad exterior e informar del \u00faltimo concierto de esta gira en nuestro pa\u00eds, que se celebrar\u00e1 en la ciudad de <strong>Madrid<\/strong> el pr\u00f3ximo d\u00eda 11.<\/p>\n<p><a href=\"https:\/\/www.vsacomunicacion.com\/wp-content\/uploads\/2019\/04\/lona-publicitaria-madrid-alcala-75-carlos-rivera-noche-vsa-comunicacion.jpg\" rel=\"attachment wp-att-4746\"><img fetchpriority=\"high\" decoding=\"async\" class=\"aligncenter size-full wp-image-4746\" src=\"https:\/\/www.vsacomunicacion.com\/wp-content\/uploads\/2019\/04\/lona-publicitaria-madrid-alcala-75-carlos-rivera-noche-vsa-comunicacion.jpg\" alt=\"lona-publicitaria-madrid-alcala-75-carlos-rivera-noche-vsa-comunicacion\" width=\"884\" height=\"626\" srcset=\"https:\/\/www.vsacomunicacion.com\/wp-content\/uploads\/2019\/04\/lona-publicitaria-madrid-alcala-75-carlos-rivera-noche-vsa-comunicacion.jpg 884w, https:\/\/www.vsacomunicacion.com\/wp-content\/uploads\/2019\/04\/lona-publicitaria-madrid-alcala-75-carlos-rivera-noche-vsa-comunicacion-300x212.jpg 300w, https:\/\/www.vsacomunicacion.com\/wp-content\/uploads\/2019\/04\/lona-publicitaria-madrid-alcala-75-carlos-rivera-noche-vsa-comunicacion-768x544.jpg 768w\" sizes=\"(max-width: 884px) 100vw, 884px\" \/><\/a><\/p>\n<p class=\"field-wrapper field field-node--field-intro field-name-field-intro field-type-text-long field-label-hidden\" style=\"text-align: justify;\">El Palacio de Deportes de la Comunidad de Madrid, <strong>WiZink Center<\/strong>, es el recinto elegido por el cantante y artista mexicano,\u00a0CARLOS RIVERA, un pabell\u00f3n multiusos situado en el barrio de Salamanca.<\/p>\n<div class=\"field-wrapper body field field-node--body field-name-body field-type-text-with-summary field-label-hidden\">\n<div class=\"field-items\">\n<div class=\"field-item\">\n<p style=\"text-align: justify;\">Todos los conciertos que <strong>CARLOS RIVERA<\/strong> dar\u00e1 en Espa\u00f1a forman parte del &#8220;Guerra Tour&#8221;, una gira que lleva el nombre del \u00faltimo disco del artista y\u00a0nos habla de\u00a0su lucha diaria\u00a0 por convertir sus sue\u00f1os en realidad, cuyo esfuerzo se percibe en las canciones del disco.<\/p>\n<p style=\"text-align: justify;\">Sobre este disco declara: \u201cCuando uno cree en algo y lo defiende a capa y espada, termina valiendo la pena\u201d.<\/p>\n<\/div>\n<p><a href=\"https:\/\/www.vsacomunicacion.com\/wp-content\/uploads\/2019\/04\/lona-publicitaria-madrid-alcala-75-carlos-rivera-dia-vsa-comunicacion.jpg\" rel=\"attachment wp-att-4747\"><img decoding=\"async\" class=\"aligncenter size-full wp-image-4747\" src=\"https:\/\/www.vsacomunicacion.com\/wp-content\/uploads\/2019\/04\/lona-publicitaria-madrid-alcala-75-carlos-rivera-dia-vsa-comunicacion.jpg\" alt=\"lona-publicitaria-madrid-alcala-75-carlos-rivera-dia-vsa-comunicacion\" width=\"884\" height=\"626\" srcset=\"https:\/\/www.vsacomunicacion.com\/wp-content\/uploads\/2019\/04\/lona-publicitaria-madrid-alcala-75-carlos-rivera-dia-vsa-comunicacion.jpg 884w, https:\/\/www.vsacomunicacion.com\/wp-content\/uploads\/2019\/04\/lona-publicitaria-madrid-alcala-75-carlos-rivera-dia-vsa-comunicacion-300x212.jpg 300w, https:\/\/www.vsacomunicacion.com\/wp-content\/uploads\/2019\/04\/lona-publicitaria-madrid-alcala-75-carlos-rivera-dia-vsa-comunicacion-768x544.jpg 768w\" sizes=\"(max-width: 884px) 100vw, 884px\" \/><\/a><\/p>\n<\/div>\n<\/div>\n<p style=\"text-align: justify;\"><strong>CARLOS RIVERA<\/strong>\u00a0particip\u00f3 en el televisivo programa &#8220;<em>La Academia&#8221;<\/em> en M\u00e9xico, un concurso musical donde se dio a conocer en su pa\u00eds. En el a\u00f1o 2006 repiti\u00f3 experiencia en un segundo programa &#8220;<em>Desaf\u00edo de estrellas&#8221;.\u00a0<\/em><\/p>\n<p style=\"text-align: justify;\">No podemos olvidar su faceta art\u00edstica en el campo de la interpretaci\u00f3n debutando como actor de teatro para el musical\u00a0<em>&#8220;B\u00e9same Mucho&#8221; <\/em>y\u00a0formando parte, tambi\u00e9n, de\u00a0los musicales <em>&#8220;El Rey Le\u00f3n&#8221;<\/em>\u00a0y <em>&#8220;Mamma Mia!&#8221; <\/em>entre otros.\u00a0En\u00a02011 lleg\u00f3 el momento de debutar\u00a0en Espa\u00f1a interpretando el personaje Simba en <em>&#8220;El Rey Le\u00f3n&#8221;<\/em> y colaborando como ayudante de Mal\u00fa en el programa <em>&#8220;La Voz&#8221;<\/em>.<\/p>\n<p style=\"text-align: justify;\">Recuerda&#8230; El pr\u00f3ximo 11 de abril, en el Pabell\u00f3n de Deportes\u00a0WiZink Center de Madrid, tienes una cita con <strong>CARLOS RIVERA<\/strong>!!<\/p>\n","protected":false},"excerpt":{"rendered":"<p>El cantante y compositor mexicano CARLOS RIVERA\u00a0ha iniciado su gira mundial y, c\u00f3mo no, estamos encantados de que\u00a0Espa\u00f1a est\u00e9 entre los pa\u00edses elegidos para presentar su nuevo disco\u00a0con nada m\u00e1s y nada menos que once\u00a0conciertos programados en\u00a0las\u00a0principales ciudades del pa\u00eds. [&hellip;]<\/p>\n","protected":false},"author":3,"featured_media":7780,"comment_status":"open","ping_status":"open","sticky":false,"template":"","format":"standard","meta":{"inline_featured_image":false,"footnotes":""},"categories":[1488,1489],"tags":[1552,1704,1910,1664,1911,1705,1706,1708,1693,1694,1912,1579,1609,1611,1499,1565,1585,1599,1586,1671,1913],"class_list":["post-11774","post","type-post","status-publish","format-standard","has-post-thumbnail","hentry","category-lonas-publicitarias-en","category-madrid-en","tag-alcala-en","tag-alto-prestigio-publicitario-en","tag-barrio-de-salamanca-en","tag-campana-publicitaria-en","tag-carlos-rivera-en","tag-centro-ciudad-en","tag-emplazamiento-premium-en","tag-formato-espectacular-en","tag-gran-formato-en","tag-gran-notoriedad-en","tag-guerra-tour-en","tag-lona-gran-formato-en","tag-lonas-publicitarias-2-en","tag-lonas-publicitarias-madrid-en","tag-madrid-en","tag-publicidad-ciudades-en","tag-publicidad-exterior-en","tag-publicidad-gran-formato-en","tag-publicidad-urbana-en","tag-trafico-rodado-en","tag-wizink-center-en"],"_links":{"self":[{"href":"https:\/\/www.vsacomunicacion.com\/en\/wp-json\/wp\/v2\/posts\/11774"}],"collection":[{"href":"https:\/\/www.vsacomunicacion.com\/en\/wp-json\/wp\/v2\/posts"}],"about":[{"href":"https:\/\/www.vsacomunicacion.com\/en\/wp-json\/wp\/v2\/types\/post"}],"author":[{"embeddable":true,"href":"https:\/\/www.vsacomunicacion.com\/en\/wp-json\/wp\/v2\/users\/3"}],"replies":[{"embeddable":true,"href":"https:\/\/www.vsacomunicacion.com\/en\/wp-json\/wp\/v2\/comments?post=11774"}],"version-history":[{"count":0,"href":"https:\/\/www.vsacomunicacion.com\/en\/wp-json\/wp\/v2\/posts\/11774\/revisions"}],"wp:featuredmedia":[{"embeddable":true,"href":"https:\/\/www.vsacomunicacion.com\/en\/wp-json\/wp\/v2\/media\/7780"}],"wp:attachment":[{"href":"https:\/\/www.vsacomunicacion.com\/en\/wp-json\/wp\/v2\/media?parent=11774"}],"wp:term":[{"taxonomy":"category","embeddable":true,"href":"https:\/\/www.vsacomunicacion.com\/en\/wp-json\/wp\/v2\/categories?post=11774"},{"taxonomy":"post_tag","embeddable":true,"href":"https:\/\/www.vsacomunicacion.com\/en\/wp-json\/wp\/v2\/tags?post=11774"}],"curies":[{"name":"wp","href":"https:\/\/api.w.org\/{rel}","templated":true}]}}