{"id":11775,"date":"2019-04-02T00:01:32","date_gmt":"2019-04-02T00:01:32","guid":{"rendered":"https:\/\/www.vsacomunicacion.com\/circuito-de-pyms-en-barcelona-del-festival-de-cap-roig\/"},"modified":"2019-04-02T00:01:32","modified_gmt":"2019-04-02T00:01:32","slug":"circuito-de-pyms-en-barcelona-del-festival-de-cap-roig","status":"publish","type":"post","link":"https:\/\/www.vsacomunicacion.com\/en\/circuito-de-pyms-en-barcelona-del-festival-de-cap-roig\/","title":{"rendered":"Circuito de PYM&#8217;s en Barcelona del FESTIVAL DE CAP ROIG"},"content":{"rendered":"<p style=\"text-align: justify;\">Encantados y orgullosos de que a\u00f1o tras a\u00f1o el <strong>FESTIVAL DE CAP ROIG<\/strong> y <strong>CLIPPER&#8217;S LIVE<\/strong> conf\u00eden en VSA COMUNICACION, su experiencia y sus emplazamientos para anunciar\u00a0qui\u00e9nes son los elegidos incluidos en\u00a0la cartelera del Festival que, a\u00f1o tras a\u00f1o, incorpora los mejores artistas, para todas las edades y preferencias.<\/p>\n<p style=\"text-align: justify;\">El<strong> Circuito de PYM&#8217;s<\/strong> de <strong>VSA COMUNICACION<\/strong> en <strong>Barcelona<\/strong> estos d\u00edas est\u00e1 de fiesta!!<\/p>\n<p><a href=\"https:\/\/www.vsacomunicacion.com\/wp-content\/uploads\/2019\/04\/pym-barcelona-plaza-bonanova-3-festival-cap-roig-vsa-comunicacion.jpg\" rel=\"attachment wp-att-4782\"><img fetchpriority=\"high\" decoding=\"async\" class=\"aligncenter size-full wp-image-4782\" src=\"https:\/\/www.vsacomunicacion.com\/wp-content\/uploads\/2019\/04\/pym-barcelona-plaza-bonanova-3-festival-cap-roig-vsa-comunicacion.jpg\" alt=\"pym-barcelona-plaza-bonanova-3-festival-cap-roig-vsa-comunicacion\" width=\"884\" height=\"626\" srcset=\"https:\/\/www.vsacomunicacion.com\/wp-content\/uploads\/2019\/04\/pym-barcelona-plaza-bonanova-3-festival-cap-roig-vsa-comunicacion.jpg 884w, https:\/\/www.vsacomunicacion.com\/wp-content\/uploads\/2019\/04\/pym-barcelona-plaza-bonanova-3-festival-cap-roig-vsa-comunicacion-300x212.jpg 300w, https:\/\/www.vsacomunicacion.com\/wp-content\/uploads\/2019\/04\/pym-barcelona-plaza-bonanova-3-festival-cap-roig-vsa-comunicacion-768x544.jpg 768w\" sizes=\"(max-width: 884px) 100vw, 884px\" \/><\/a><\/p>\n<p style=\"text-align: justify;\">Es inevitable relacionar el <strong>Festival de Cap Roig<\/strong> con el verano. Los apasionados de la m\u00fasica y la danza anhelamos cada a\u00f1o descubrir qu\u00e9 artistas nacionales e internacionales estar\u00e1n presentes ese a\u00f1o en la cartelera\u00a0del Festival, que lleva celebr\u00e1ndose cada verano desde el 2001 en la Costa Brava, concretamente en los Jardines de Cap Roig en Calella de Palafrugell.<\/p>\n<p><a href=\"https:\/\/www.vsacomunicacion.com\/wp-content\/uploads\/2019\/04\/pym-barcelona-avinguda-josep-tarradellas-58-festival-cap-roig-vsa-comunicacion.jpg\" rel=\"attachment wp-att-4783\"><img decoding=\"async\" class=\"aligncenter size-full wp-image-4783\" src=\"https:\/\/www.vsacomunicacion.com\/wp-content\/uploads\/2019\/04\/pym-barcelona-avinguda-josep-tarradellas-58-festival-cap-roig-vsa-comunicacion.jpg\" alt=\"pym-barcelona-avinguda-josep-tarradellas-58-festival-cap-roig-vsa-comunicacion\" width=\"884\" height=\"626\" srcset=\"https:\/\/www.vsacomunicacion.com\/wp-content\/uploads\/2019\/04\/pym-barcelona-avinguda-josep-tarradellas-58-festival-cap-roig-vsa-comunicacion.jpg 884w, https:\/\/www.vsacomunicacion.com\/wp-content\/uploads\/2019\/04\/pym-barcelona-avinguda-josep-tarradellas-58-festival-cap-roig-vsa-comunicacion-300x212.jpg 300w, https:\/\/www.vsacomunicacion.com\/wp-content\/uploads\/2019\/04\/pym-barcelona-avinguda-josep-tarradellas-58-festival-cap-roig-vsa-comunicacion-768x544.jpg 768w\" sizes=\"(max-width: 884px) 100vw, 884px\" \/><\/a><\/p>\n<p style=\"text-align: justify;\">El festival se celebra en un escenario al aire libre con una capacidad para\u00a0m\u00e1s de dos mil espectadores, reuniendo los artistas en un paraje natural de 17 hect\u00e1reas de superficie frente al mar, junto a los jardines.\u200b<\/p>\n<p style=\"text-align: justify;\">El entorno natural formado por el Castillo de Cap Roig (<em>El Castell de Cap Roig<\/em>) y su jard\u00edn bot\u00e1nico son el escenario perfecto para acoger el Festival dirigido por la promotora Clipper&#8217;s Live y con el patrocinio principal de la Fundaci\u00f3n Bancaria <em>LaCaixa.<\/em><\/p>\n<p><a href=\"https:\/\/www.vsacomunicacion.com\/wp-content\/uploads\/2019\/04\/pym-barcelona-balmes-292-festival-cap-roig-vsa-comunicacion.jpg\" rel=\"attachment wp-att-4784\"><img decoding=\"async\" class=\"aligncenter size-full wp-image-4784\" src=\"https:\/\/www.vsacomunicacion.com\/wp-content\/uploads\/2019\/04\/pym-barcelona-balmes-292-festival-cap-roig-vsa-comunicacion.jpg\" alt=\"pym-barcelona-balmes-292-festival-cap-roig-vsa-comunicacion\" width=\"884\" height=\"626\" srcset=\"https:\/\/www.vsacomunicacion.com\/wp-content\/uploads\/2019\/04\/pym-barcelona-balmes-292-festival-cap-roig-vsa-comunicacion.jpg 884w, https:\/\/www.vsacomunicacion.com\/wp-content\/uploads\/2019\/04\/pym-barcelona-balmes-292-festival-cap-roig-vsa-comunicacion-300x212.jpg 300w, https:\/\/www.vsacomunicacion.com\/wp-content\/uploads\/2019\/04\/pym-barcelona-balmes-292-festival-cap-roig-vsa-comunicacion-768x544.jpg 768w\" sizes=\"(max-width: 884px) 100vw, 884px\" \/><\/a><\/p>\n<p style=\"text-align: justify;\">El Festival se inicia este a\u00f1o el 12 de julio\u00a0del joven cantante colombiano\u00a0Maluma, seguido de artistas internaciones tan consolidados como Sting, Diana krall, Liam Gallagher, Ainhoa Arteta, incluso David Bisbal, Luis Fonsi, la fant\u00e1stica Vanesa Mart\u00edn o Aitana, y grupos tales como Taburete o Morat entre much\u00edsimos m\u00e1s.<\/p>\n<p style=\"text-align: justify;\">Os invitamos a mirar la cartelera en su p\u00e1gina <a href=\"http:\/\/www.caproigfestival.com\/es\/programa\/\" target=\"_blank\" rel=\"noopener\">web<\/a>, estamos convencidos que\u00a0os apetecer\u00e1\u00a0ir a m\u00e1s de uno de los fabulosos conciertos de los artistas elegidos para formar parte del\u00a0<strong>Festival de Cap Roig<\/strong> de este 2019.<\/p>\n<p style=\"text-align: justify;\"><em>Nos vemos all\u00ed!!!<\/em><\/p>\n","protected":false},"excerpt":{"rendered":"<p>Encantados y orgullosos de que a\u00f1o tras a\u00f1o el FESTIVAL DE CAP ROIG y CLIPPER&#8217;S LIVE conf\u00eden en VSA COMUNICACION, su experiencia y sus emplazamientos para anunciar\u00a0qui\u00e9nes son los elegidos incluidos en\u00a0la cartelera del Festival que, a\u00f1o tras a\u00f1o, incorpora [&hellip;]<\/p>\n","protected":false},"author":3,"featured_media":7790,"comment_status":"open","ping_status":"open","sticky":false,"template":"","format":"standard","meta":{"inline_featured_image":false,"footnotes":""},"categories":[1506,1593],"tags":[1704,1516,1914,1664,1915,1705,1781,1916,1917,1706,1918,1693,1694,1919,1920,1565,1585,1599,1586,1676,1702,1921,1671],"class_list":["post-11775","post","type-post","status-publish","format-standard","has-post-thumbnail","hentry","category-barcelona-en","category-pyms-en","tag-alto-prestigio-publicitario-en","tag-barcelona-en","tag-calella-de-palafrugell-en","tag-campana-publicitaria-en","tag-cap-roig-en","tag-centro-ciudad-en","tag-circuito-urbano-en","tag-david-bisbal-en","tag-diana-krall-en","tag-emplazamiento-premium-en","tag-festival-de-cap-roig-en","tag-gran-formato-en","tag-gran-notoriedad-en","tag-liam-gallagher-en","tag-luis-fonsi-en","tag-publicidad-ciudades-en","tag-publicidad-exterior-en","tag-publicidad-gran-formato-en","tag-publicidad-urbana-en","tag-pyms-2-en","tag-pyms-barcelona-en","tag-sting-en","tag-trafico-rodado-en"],"_links":{"self":[{"href":"https:\/\/www.vsacomunicacion.com\/en\/wp-json\/wp\/v2\/posts\/11775"}],"collection":[{"href":"https:\/\/www.vsacomunicacion.com\/en\/wp-json\/wp\/v2\/posts"}],"about":[{"href":"https:\/\/www.vsacomunicacion.com\/en\/wp-json\/wp\/v2\/types\/post"}],"author":[{"embeddable":true,"href":"https:\/\/www.vsacomunicacion.com\/en\/wp-json\/wp\/v2\/users\/3"}],"replies":[{"embeddable":true,"href":"https:\/\/www.vsacomunicacion.com\/en\/wp-json\/wp\/v2\/comments?post=11775"}],"version-history":[{"count":0,"href":"https:\/\/www.vsacomunicacion.com\/en\/wp-json\/wp\/v2\/posts\/11775\/revisions"}],"wp:featuredmedia":[{"embeddable":true,"href":"https:\/\/www.vsacomunicacion.com\/en\/wp-json\/wp\/v2\/media\/7790"}],"wp:attachment":[{"href":"https:\/\/www.vsacomunicacion.com\/en\/wp-json\/wp\/v2\/media?parent=11775"}],"wp:term":[{"taxonomy":"category","embeddable":true,"href":"https:\/\/www.vsacomunicacion.com\/en\/wp-json\/wp\/v2\/categories?post=11775"},{"taxonomy":"post_tag","embeddable":true,"href":"https:\/\/www.vsacomunicacion.com\/en\/wp-json\/wp\/v2\/tags?post=11775"}],"curies":[{"name":"wp","href":"https:\/\/api.w.org\/{rel}","templated":true}]}}