{"id":11778,"date":"2019-04-01T14:05:26","date_gmt":"2019-04-01T14:05:26","guid":{"rendered":"https:\/\/www.vsacomunicacion.com\/lona-publicitaria-de-pepe-jeans-en-barcelona\/"},"modified":"2019-04-01T14:05:26","modified_gmt":"2019-04-01T14:05:26","slug":"lona-publicitaria-de-pepe-jeans-en-barcelona","status":"publish","type":"post","link":"https:\/\/www.vsacomunicacion.com\/en\/lona-publicitaria-de-pepe-jeans-en-barcelona\/","title":{"rendered":"Lona Publicitaria de PEPE JEANS en Barcelona"},"content":{"rendered":"<p style=\"text-align: justify;\">Os presentamos, este mes de abril, la nueva campa\u00f1a de publicidad exterior de la conocida marca de moda londinense<strong>\u00a0PEPE JEANS\u00a0<\/strong>para\u00a0su colecci\u00f3n Primavera-Verano\u201919, con una espectacular <strong>lona publicitaria<\/strong> en el emplazamiento PREMIUM de <strong>VSA COMUNICACI\u00d3N<\/strong>, ubicado en el Paseo de Gracia de <strong>Barcelona<\/strong>, la calle m\u00e1s prestigiosa y comercial por excelencia de la ciudad.<\/p>\n<p style=\"text-align: justify;\"><a href=\"https:\/\/www.vsacomunicacion.com\/wp-content\/uploads\/2019\/04\/lona-publicitaria-barcelona-paseo-de-gracia-17-pepe-jeans-noche-2-vsa-comunicacion.jpg\" rel=\"attachment wp-att-4738\"><img fetchpriority=\"high\" decoding=\"async\" class=\"aligncenter size-full wp-image-4738\" src=\"https:\/\/www.vsacomunicacion.com\/wp-content\/uploads\/2019\/04\/lona-publicitaria-barcelona-paseo-de-gracia-17-pepe-jeans-noche-2-vsa-comunicacion.jpg\" alt=\"lona-publicitaria-barcelona-paseo-de-gracia-17-pepe-jeans-noche-2-vsa-comunicacion\" width=\"884\" height=\"626\" srcset=\"https:\/\/www.vsacomunicacion.com\/wp-content\/uploads\/2019\/04\/lona-publicitaria-barcelona-paseo-de-gracia-17-pepe-jeans-noche-2-vsa-comunicacion.jpg 884w, https:\/\/www.vsacomunicacion.com\/wp-content\/uploads\/2019\/04\/lona-publicitaria-barcelona-paseo-de-gracia-17-pepe-jeans-noche-2-vsa-comunicacion-300x212.jpg 300w, https:\/\/www.vsacomunicacion.com\/wp-content\/uploads\/2019\/04\/lona-publicitaria-barcelona-paseo-de-gracia-17-pepe-jeans-noche-2-vsa-comunicacion-768x544.jpg 768w\" sizes=\"(max-width: 884px) 100vw, 884px\" \/><\/a><\/p>\n<p style=\"text-align: justify;\">La\u00a0ic\u00f3nica marca de moda<strong> PEPE JEANS LONDON<\/strong> es reconocida por ser pioneros de denim, han reinventado constantemente la definici\u00f3n denim para mantener el mundo al d\u00eda de las tendencias, se caracterizan por llevar la creatividad al l\u00edmite en sus prendas y ellos mismo afirman que sus prendas brindan a sus clientes las bases para transmitir confianza en uno mismo, singularidad y autenticidad.<\/p>\n<p style=\"text-align: justify;\"><a href=\"https:\/\/www.vsacomunicacion.com\/wp-content\/uploads\/2019\/04\/lona-publicitaria-barcelona-paseo-de-gracia-17-pepe-jeans-dia-2-vsa-comunicacion.jpg\" rel=\"attachment wp-att-4741\"><img decoding=\"async\" class=\"aligncenter size-full wp-image-4741\" src=\"https:\/\/www.vsacomunicacion.com\/wp-content\/uploads\/2019\/04\/lona-publicitaria-barcelona-paseo-de-gracia-17-pepe-jeans-dia-2-vsa-comunicacion.jpg\" alt=\"lona-publicitaria-barcelona-paseo-de-gracia-17-pepe-jeans-dia-2-vsa-comunicacion\" width=\"884\" height=\"626\" srcset=\"https:\/\/www.vsacomunicacion.com\/wp-content\/uploads\/2019\/04\/lona-publicitaria-barcelona-paseo-de-gracia-17-pepe-jeans-dia-2-vsa-comunicacion.jpg 884w, https:\/\/www.vsacomunicacion.com\/wp-content\/uploads\/2019\/04\/lona-publicitaria-barcelona-paseo-de-gracia-17-pepe-jeans-dia-2-vsa-comunicacion-300x212.jpg 300w, https:\/\/www.vsacomunicacion.com\/wp-content\/uploads\/2019\/04\/lona-publicitaria-barcelona-paseo-de-gracia-17-pepe-jeans-dia-2-vsa-comunicacion-768x544.jpg 768w\" sizes=\"(max-width: 884px) 100vw, 884px\" \/><\/a><\/p>\n<p style=\"text-align: justify;\">Con esta espectacular lona publicitaria la marca denim <strong>PEPE JEANS LONDON<\/strong> anuncia su nueva colaboraci\u00f3n con la artista Dua Lipa,\u00a0una de las artistas musicales con m\u00e1s \u00e9xito en el panorama musical actual, que ha optado por adentrarse, junto a la marca,\u00a0en el mundo de la moda como nueva embajadora e imagen de la firma protagonizando la campa\u00f1a internacional de primavera- verano\u201919.<\/p>\n<p style=\"text-align: justify;\">No te pierdas la nueva colecci\u00f3n primavera- verano de PEPE JEANS con colaboraci\u00f3n de Dua Lipa <em>#DUAFORPEPE<\/em>. \u00a1Desc\u00fabrela ya en <a href=\"http:\/\/www.pepejeans.com\" target=\"_blank\" rel=\"noopener\">www.pepejeans.com<\/a>!<\/p>\n","protected":false},"excerpt":{"rendered":"<p>Os presentamos, este mes de abril, la nueva campa\u00f1a de publicidad exterior de la conocida marca de moda londinense\u00a0PEPE JEANS\u00a0para\u00a0su colecci\u00f3n Primavera-Verano\u201919, con una espectacular lona publicitaria en el emplazamiento PREMIUM de VSA COMUNICACI\u00d3N, ubicado en el Paseo de Gracia [&hellip;]<\/p>\n","protected":false},"author":3,"featured_media":7778,"comment_status":"open","ping_status":"open","sticky":false,"template":"","format":"standard","meta":{"inline_featured_image":false,"footnotes":""},"categories":[1506,1488],"tags":[1867,1704,1516,1664,1705,1868,1706,1701,1693,1694,1680,1609,1581,1869,1870,1565,1585,1599,1586,1671],"class_list":["post-11778","post","type-post","status-publish","format-standard","has-post-thumbnail","hentry","category-barcelona-en","category-lonas-publicitarias-en","tag-duaforpepe-en","tag-alto-prestigio-publicitario-en","tag-barcelona-en","tag-campana-publicitaria-en","tag-centro-ciudad-en","tag-dua-lipa-en","tag-emplazamiento-premium-en","tag-espectacular-en","tag-gran-formato-en","tag-gran-notoriedad-en","tag-lona-espectacular-en","tag-lonas-publicitarias-2-en","tag-lonas-publicitarias-barcelona-en","tag-pepe-jeans-en","tag-pepe-jeans-london-en","tag-publicidad-ciudades-en","tag-publicidad-exterior-en","tag-publicidad-gran-formato-en","tag-publicidad-urbana-en","tag-trafico-rodado-en"],"_links":{"self":[{"href":"https:\/\/www.vsacomunicacion.com\/en\/wp-json\/wp\/v2\/posts\/11778"}],"collection":[{"href":"https:\/\/www.vsacomunicacion.com\/en\/wp-json\/wp\/v2\/posts"}],"about":[{"href":"https:\/\/www.vsacomunicacion.com\/en\/wp-json\/wp\/v2\/types\/post"}],"author":[{"embeddable":true,"href":"https:\/\/www.vsacomunicacion.com\/en\/wp-json\/wp\/v2\/users\/3"}],"replies":[{"embeddable":true,"href":"https:\/\/www.vsacomunicacion.com\/en\/wp-json\/wp\/v2\/comments?post=11778"}],"version-history":[{"count":0,"href":"https:\/\/www.vsacomunicacion.com\/en\/wp-json\/wp\/v2\/posts\/11778\/revisions"}],"wp:featuredmedia":[{"embeddable":true,"href":"https:\/\/www.vsacomunicacion.com\/en\/wp-json\/wp\/v2\/media\/7778"}],"wp:attachment":[{"href":"https:\/\/www.vsacomunicacion.com\/en\/wp-json\/wp\/v2\/media?parent=11778"}],"wp:term":[{"taxonomy":"category","embeddable":true,"href":"https:\/\/www.vsacomunicacion.com\/en\/wp-json\/wp\/v2\/categories?post=11778"},{"taxonomy":"post_tag","embeddable":true,"href":"https:\/\/www.vsacomunicacion.com\/en\/wp-json\/wp\/v2\/tags?post=11778"}],"curies":[{"name":"wp","href":"https:\/\/api.w.org\/{rel}","templated":true}]}}