{"id":11783,"date":"2019-03-25T11:33:22","date_gmt":"2019-03-25T11:33:22","guid":{"rendered":"https:\/\/www.vsacomunicacion.com\/lona-publicitaria-de-la-serie-hanna-en-madrid\/"},"modified":"2019-03-25T11:33:22","modified_gmt":"2019-03-25T11:33:22","slug":"lona-publicitaria-de-la-serie-hanna-en-madrid","status":"publish","type":"post","link":"https:\/\/www.vsacomunicacion.com\/en\/lona-publicitaria-de-la-serie-hanna-en-madrid\/","title":{"rendered":"Lona Publicitaria de la serie HANNA en Madrid"},"content":{"rendered":"<p style=\"text-align: justify;\">En <strong>AMAZON PRIME VIDEO<\/strong> vuelven a estar de estreno&#8230;.\u00a0Hace s\u00f3lo unas semanas\u00a0os habl\u00e1bamos del estreno de la segunda temporada de <a href=\"https:\/\/www.vsacomunicacion.com\/lona-publicitaria-de-amazon-en-madrid\/\">AMERICAN GODS<\/a> en su plataforma, y hoy os anunciamos el estreno de su nueva serie <strong>HANNA<\/strong>, la chica a la que nadie vio venir, a trav\u00e9s de esta espectacular <strong>lona publicitaria<\/strong> en el emplazamiento de<strong> VSA COMUNICACION<\/strong> en la c\u00e9ntrica Avenida General Pardi\u00f1as de <strong>Madrid<\/strong>, incluida en su campa\u00f1a de publicidad exterior de repercusi\u00f3n nacional.<\/p>\n<p style=\"text-align: justify;\"><a href=\"https:\/\/www.vsacomunicacion.com\/wp-content\/uploads\/2019\/04\/lona-publicitaria-madrid-general-pardinas-107-amazon-hanna-abril-noche-vsa-comunicacion.jpg\" rel=\"attachment wp-att-4774\"><img fetchpriority=\"high\" decoding=\"async\" class=\"aligncenter size-full wp-image-4774\" src=\"https:\/\/www.vsacomunicacion.com\/wp-content\/uploads\/2019\/04\/lona-publicitaria-madrid-general-pardinas-107-amazon-hanna-abril-noche-vsa-comunicacion.jpg\" alt=\"lona-publicitaria-madrid-general-pardinas-107-amazon-hanna-abril-noche-vsa-comunicacion\" width=\"884\" height=\"626\" srcset=\"https:\/\/www.vsacomunicacion.com\/wp-content\/uploads\/2019\/04\/lona-publicitaria-madrid-general-pardinas-107-amazon-hanna-abril-noche-vsa-comunicacion.jpg 884w, https:\/\/www.vsacomunicacion.com\/wp-content\/uploads\/2019\/04\/lona-publicitaria-madrid-general-pardinas-107-amazon-hanna-abril-noche-vsa-comunicacion-300x212.jpg 300w, https:\/\/www.vsacomunicacion.com\/wp-content\/uploads\/2019\/04\/lona-publicitaria-madrid-general-pardinas-107-amazon-hanna-abril-noche-vsa-comunicacion-768x544.jpg 768w\" sizes=\"(max-width: 884px) 100vw, 884px\" \/><\/a><\/p>\n<p style=\"text-align: justify;\">El pr\u00f3ximo 29 de marzo\u00a0llega\u00a0el turno del estreno de la nueve serie\u00a0en<strong> AMAZON PRIME VIDEO<\/strong> de <strong>HANNA<\/strong>, serie protagonizada por Esme Creed-Miles y basada en la pel\u00edcula de 2011 que lleva el mismo nombre.<\/p>\n<p style=\"text-align: justify;\">Su primera temporada, escrita y producida por David Farr,\u00a0est\u00e1 formada por ocho episodios y su\u00a0rodaje se llev\u00f3 acabo en Hungr\u00eda, Eslovaquia, Espa\u00f1a y el Reino Unido.<\/p>\n<p style=\"text-align: justify;\"><a href=\"https:\/\/www.vsacomunicacion.com\/wp-content\/uploads\/2019\/04\/lona-publicitaria-madrid-general-pardinas-107-amazon-hanna-abril-dia-vsa-comunicacion.jpg\" rel=\"attachment wp-att-4775\"><img decoding=\"async\" class=\"aligncenter size-full wp-image-4775\" src=\"https:\/\/www.vsacomunicacion.com\/wp-content\/uploads\/2019\/04\/lona-publicitaria-madrid-general-pardinas-107-amazon-hanna-abril-dia-vsa-comunicacion.jpg\" alt=\"lona-publicitaria-madrid-general-pardinas-107-amazon-hanna-abril-dia-vsa-comunicacion\" width=\"884\" height=\"626\" srcset=\"https:\/\/www.vsacomunicacion.com\/wp-content\/uploads\/2019\/04\/lona-publicitaria-madrid-general-pardinas-107-amazon-hanna-abril-dia-vsa-comunicacion.jpg 884w, https:\/\/www.vsacomunicacion.com\/wp-content\/uploads\/2019\/04\/lona-publicitaria-madrid-general-pardinas-107-amazon-hanna-abril-dia-vsa-comunicacion-300x212.jpg 300w, https:\/\/www.vsacomunicacion.com\/wp-content\/uploads\/2019\/04\/lona-publicitaria-madrid-general-pardinas-107-amazon-hanna-abril-dia-vsa-comunicacion-768x544.jpg 768w\" sizes=\"(max-width: 884px) 100vw, 884px\" \/><\/a><\/p>\n<p style=\"text-align: justify;\"><strong>HANNA<\/strong>\u00a0narra la historia de una asesina,\u00a0criada\u00a0y entrenada en los bosques de Europa del este\u00a0por su padre, un mercenario,\u00a0con el fin de luchar contra aquellos que quieran capturarlos tanto ella como a su progenitor.<\/p>\n<p style=\"text-align: justify;\">Cuando finalmente son descubiertos por una\u00a0agente de la CIA y su equipo, Hanna y su padre deben separarse y ella se embarca en un viaje por todo el continente con el objetivo de derribar a sus perseguidores.<\/p>\n<p style=\"text-align: justify;\"><em>HANNA es&#8230; La chica a la que nadie vio venir<\/em><\/p>\n","protected":false},"excerpt":{"rendered":"<p>En AMAZON PRIME VIDEO vuelven a estar de estreno&#8230;.\u00a0Hace s\u00f3lo unas semanas\u00a0os habl\u00e1bamos del estreno de la segunda temporada de AMERICAN GODS en su plataforma, y hoy os anunciamos el estreno de su nueva serie HANNA, la chica a la [&hellip;]<\/p>\n","protected":false},"author":3,"featured_media":7789,"comment_status":"open","ping_status":"open","sticky":false,"template":"","format":"standard","meta":{"inline_featured_image":false,"footnotes":""},"categories":[1488],"tags":[1704,1668,1664,1705,1706,1701,1708,1693,1694,1860,1609,1611,1499,1922,1565,1585,1599,1586,1671],"class_list":["post-11783","post","type-post","status-publish","format-standard","has-post-thumbnail","hentry","category-lonas-publicitarias-en","tag-alto-prestigio-publicitario-en","tag-amazon-prime-video-en","tag-campana-publicitaria-en","tag-centro-ciudad-en","tag-emplazamiento-premium-en","tag-espectacular-en","tag-formato-espectacular-en","tag-gran-formato-en","tag-gran-notoriedad-en","tag-hanna-en","tag-lonas-publicitarias-2-en","tag-lonas-publicitarias-madrid-en","tag-madrid-en","tag-prime-original-en","tag-publicidad-ciudades-en","tag-publicidad-exterior-en","tag-publicidad-gran-formato-en","tag-publicidad-urbana-en","tag-trafico-rodado-en"],"_links":{"self":[{"href":"https:\/\/www.vsacomunicacion.com\/en\/wp-json\/wp\/v2\/posts\/11783"}],"collection":[{"href":"https:\/\/www.vsacomunicacion.com\/en\/wp-json\/wp\/v2\/posts"}],"about":[{"href":"https:\/\/www.vsacomunicacion.com\/en\/wp-json\/wp\/v2\/types\/post"}],"author":[{"embeddable":true,"href":"https:\/\/www.vsacomunicacion.com\/en\/wp-json\/wp\/v2\/users\/3"}],"replies":[{"embeddable":true,"href":"https:\/\/www.vsacomunicacion.com\/en\/wp-json\/wp\/v2\/comments?post=11783"}],"version-history":[{"count":0,"href":"https:\/\/www.vsacomunicacion.com\/en\/wp-json\/wp\/v2\/posts\/11783\/revisions"}],"wp:featuredmedia":[{"embeddable":true,"href":"https:\/\/www.vsacomunicacion.com\/en\/wp-json\/wp\/v2\/media\/7789"}],"wp:attachment":[{"href":"https:\/\/www.vsacomunicacion.com\/en\/wp-json\/wp\/v2\/media?parent=11783"}],"wp:term":[{"taxonomy":"category","embeddable":true,"href":"https:\/\/www.vsacomunicacion.com\/en\/wp-json\/wp\/v2\/categories?post=11783"},{"taxonomy":"post_tag","embeddable":true,"href":"https:\/\/www.vsacomunicacion.com\/en\/wp-json\/wp\/v2\/tags?post=11783"}],"curies":[{"name":"wp","href":"https:\/\/api.w.org\/{rel}","templated":true}]}}