{"id":11784,"date":"2019-03-19T00:17:53","date_gmt":"2019-03-19T00:17:53","guid":{"rendered":"https:\/\/www.vsacomunicacion.com\/lona-publicitaria-de-mango-en-barcelona\/"},"modified":"2019-03-19T00:17:53","modified_gmt":"2019-03-19T00:17:53","slug":"lona-publicitaria-de-mango-en-barcelona","status":"publish","type":"post","link":"https:\/\/www.vsacomunicacion.com\/en\/lona-publicitaria-de-mango-en-barcelona\/","title":{"rendered":"Lona Publicitaria de MANGO en Barcelona"},"content":{"rendered":"<p style=\"text-align: justify;\">Os presentamos la nueva campa\u00f1a de publicidad exterior en la ciudad de <strong>Barcelona<\/strong> de la reconocida marca de moda <strong>MANGO<\/strong>. En esta ocasi\u00f3n, el emplazamiento de <strong>VSA COMUNICACI\u00d3N<\/strong> ubicado en una de las calles m\u00e1s comerciales y tur\u00edsticas de la ciudad, el Paseo de Gracia, ha sido la elegida para presentar la nueva campa\u00f1a Primavera- Verano 2019 <strong>\u201cNEW VOICES\u201d, <\/strong>de la que ya os hablamos en un anterior <em><a href=\"https:\/\/www.vsacomunicacion.com\/lona-publicitaria-de-mango-en-la-gran-via\/\">post<\/a><\/em>.<\/p>\n<p style=\"text-align: justify;\">Con esta espectacular lona publicitaria MANGO nos presenta un estilo fresco y contempor\u00e1neo. La propuesta de esta temporada est\u00e1n muy presentes los colores pastel como el rosa palo, el azul cielo o el color lima.<\/p>\n<p><a href=\"https:\/\/www.vsacomunicacion.com\/wp-content\/uploads\/2019\/03\/lona-publicitaria-barcelona-paseo-de-gracia-17-mango-dia-vsa-comunicacion.jpg\" rel=\"attachment wp-att-4693\"><img fetchpriority=\"high\" decoding=\"async\" class=\"aligncenter size-full wp-image-4693\" src=\"https:\/\/www.vsacomunicacion.com\/wp-content\/uploads\/2019\/03\/lona-publicitaria-barcelona-paseo-de-gracia-17-mango-dia-vsa-comunicacion.jpg\" alt=\"lona-publicitaria-barcelona-paseo-de-gracia-17-mango-dia-vsa-comunicacion\" width=\"884\" height=\"626\" srcset=\"https:\/\/www.vsacomunicacion.com\/wp-content\/uploads\/2019\/03\/lona-publicitaria-barcelona-paseo-de-gracia-17-mango-dia-vsa-comunicacion.jpg 884w, https:\/\/www.vsacomunicacion.com\/wp-content\/uploads\/2019\/03\/lona-publicitaria-barcelona-paseo-de-gracia-17-mango-dia-vsa-comunicacion-300x212.jpg 300w, https:\/\/www.vsacomunicacion.com\/wp-content\/uploads\/2019\/03\/lona-publicitaria-barcelona-paseo-de-gracia-17-mango-dia-vsa-comunicacion-768x544.jpg 768w\" sizes=\"(max-width: 884px) 100vw, 884px\" \/><\/a><\/p>\n<p style=\"text-align: justify;\">Tras dejar atr\u00e1s las Navidades, nuestra mirada se centra en la\u00a0nueva temporada Primavera-Verano para renovar nuestro armario. Qu\u00e9 mejor soluci\u00f3n para alejarnos del fr\u00edo que\u00a0tomar nota de la nueva colecci\u00f3n de <strong><em>#mangonewvoices<\/em><\/strong>, en la que\u00a0encontraremos\u00a0nuevas tendencias arrasadoras para estos pr\u00f3ximos meses y dise\u00f1os clave para lucir este verano.<\/p>\n<p style=\"text-align: justify;\">El\u00a0regreso de las perlas, los tejidos semitransparentes en\u00a0blusas y vestidos,\u00a0estampaci\u00f3n\u00a0<em>tie-dye<\/em>\u00a0en camisas<em>\u00a0maxi, <\/em>o<em>\u00a0<\/em>prendas atemporales como el <em>trench<\/em>, conviviendo con dise\u00f1os rompedores con un toque estival aportando fluidez en los tejidos, son un <em>must<\/em> para esta nueva temporada.<\/p>\n<p><a href=\"https:\/\/www.vsacomunicacion.com\/wp-content\/uploads\/2019\/03\/lona-publicitaria-barcelona-paseo-de-gracia-17-mango-noche-vsa-comunicacion.jpg\" rel=\"attachment wp-att-4695\"><img decoding=\"async\" class=\"aligncenter size-full wp-image-4695\" src=\"https:\/\/www.vsacomunicacion.com\/wp-content\/uploads\/2019\/03\/lona-publicitaria-barcelona-paseo-de-gracia-17-mango-noche-vsa-comunicacion.jpg\" alt=\"lona-publicitaria-barcelona-paseo-de-gracia-17-mango-noche-vsa-comunicacion\" width=\"884\" height=\"626\" srcset=\"https:\/\/www.vsacomunicacion.com\/wp-content\/uploads\/2019\/03\/lona-publicitaria-barcelona-paseo-de-gracia-17-mango-noche-vsa-comunicacion.jpg 884w, https:\/\/www.vsacomunicacion.com\/wp-content\/uploads\/2019\/03\/lona-publicitaria-barcelona-paseo-de-gracia-17-mango-noche-vsa-comunicacion-300x212.jpg 300w, https:\/\/www.vsacomunicacion.com\/wp-content\/uploads\/2019\/03\/lona-publicitaria-barcelona-paseo-de-gracia-17-mango-noche-vsa-comunicacion-768x544.jpg 768w\" sizes=\"(max-width: 884px) 100vw, 884px\" \/><\/a><\/p>\n<p style=\"text-align: justify;\">Adwoa, Sasha, Patrick, Luna y Jolie son los cinco protagonistas de la campa\u00f1a de MANGO Primavera-Verano 2019 y tienen algo en com\u00fan: han convertido sus pasiones en un modo de expresarse m\u00e1s all\u00e1 del mundo de la moda.<\/p>\n<p style=\"text-align: justify;\">En esta ocasi\u00f3n, las protagonistas de la creatividad que podemos ver en la lona publicitaria de <strong>MANGO<\/strong>, son Jolie Alien y Sasha Pivovarova, ambas artistas, rodeadas de\u00a0paletas, lienzos y pinceles, muestran la campa\u00f1a para la nueva temporada.<\/p>\n<p style=\"text-align: justify;\"><strong>\u201c<em>Let\u2019s build the future, together<\/em>\u201d<\/strong> con <em>#mangonewvoices. <\/em>Descubre m\u00e1s en su p\u00e1gina <a href=\"https:\/\/shop.mango.com\/es\" target=\"_blank\" rel=\"noopener\">web<\/a>.<\/p>\n","protected":false},"excerpt":{"rendered":"<p>Os presentamos la nueva campa\u00f1a de publicidad exterior en la ciudad de Barcelona de la reconocida marca de moda MANGO. En esta ocasi\u00f3n, el emplazamiento de VSA COMUNICACI\u00d3N ubicado en una de las calles m\u00e1s comerciales y tur\u00edsticas de la [&hellip;]<\/p>\n","protected":false},"author":3,"featured_media":7764,"comment_status":"open","ping_status":"open","sticky":false,"template":"","format":"standard","meta":{"inline_featured_image":false,"footnotes":""},"categories":[1506,1488],"tags":[1560,1704,1516,1664,1705,1706,1701,1708,1693,1694,1923,1680,1656,1609,1581,1811,1924,1666,1565,1585,1671,1925],"class_list":["post-11784","post","type-post","status-publish","format-standard","has-post-thumbnail","hentry","category-barcelona-en","category-lonas-publicitarias-en","tag-mangonewvoices-en","tag-alto-prestigio-publicitario-en","tag-barcelona-en","tag-campana-publicitaria-en","tag-centro-ciudad-en","tag-emplazamiento-premium-en","tag-espectacular-en","tag-formato-espectacular-en","tag-gran-formato-en","tag-gran-notoriedad-en","tag-lets-build-the-future-en","tag-lona-espectacular-en","tag-lonas-gran-formato-en","tag-lonas-publicitarias-2-en","tag-lonas-publicitarias-barcelona-en","tag-mango-en","tag-our-dreams-will-inspire-culture-en","tag-paseo-de-gracia-en","tag-publicidad-ciudades-en","tag-publicidad-exterior-en","tag-trafico-rodado-en","tag-we-believe-in-the-power-of-community-en"],"_links":{"self":[{"href":"https:\/\/www.vsacomunicacion.com\/en\/wp-json\/wp\/v2\/posts\/11784"}],"collection":[{"href":"https:\/\/www.vsacomunicacion.com\/en\/wp-json\/wp\/v2\/posts"}],"about":[{"href":"https:\/\/www.vsacomunicacion.com\/en\/wp-json\/wp\/v2\/types\/post"}],"author":[{"embeddable":true,"href":"https:\/\/www.vsacomunicacion.com\/en\/wp-json\/wp\/v2\/users\/3"}],"replies":[{"embeddable":true,"href":"https:\/\/www.vsacomunicacion.com\/en\/wp-json\/wp\/v2\/comments?post=11784"}],"version-history":[{"count":0,"href":"https:\/\/www.vsacomunicacion.com\/en\/wp-json\/wp\/v2\/posts\/11784\/revisions"}],"wp:featuredmedia":[{"embeddable":true,"href":"https:\/\/www.vsacomunicacion.com\/en\/wp-json\/wp\/v2\/media\/7764"}],"wp:attachment":[{"href":"https:\/\/www.vsacomunicacion.com\/en\/wp-json\/wp\/v2\/media?parent=11784"}],"wp:term":[{"taxonomy":"category","embeddable":true,"href":"https:\/\/www.vsacomunicacion.com\/en\/wp-json\/wp\/v2\/categories?post=11784"},{"taxonomy":"post_tag","embeddable":true,"href":"https:\/\/www.vsacomunicacion.com\/en\/wp-json\/wp\/v2\/tags?post=11784"}],"curies":[{"name":"wp","href":"https:\/\/api.w.org\/{rel}","templated":true}]}}