{"id":11788,"date":"2019-03-15T17:39:19","date_gmt":"2019-03-15T17:39:19","guid":{"rendered":"https:\/\/www.vsacomunicacion.com\/lona-publicitaria-toyota-en-la-calle-alcala-de-madrid\/"},"modified":"2019-03-15T17:39:19","modified_gmt":"2019-03-15T17:39:19","slug":"lona-publicitaria-toyota-en-la-calle-alcala-de-madrid","status":"publish","type":"post","link":"https:\/\/www.vsacomunicacion.com\/en\/lona-publicitaria-toyota-en-la-calle-alcala-de-madrid\/","title":{"rendered":"Lona Publicitaria TOYOTA en la calle Alcal\u00e1 de Madrid"},"content":{"rendered":"<p style=\"text-align: justify;\">Este mes de marzo, <strong>VSA COMUNICACION<\/strong> tiene\u00a0el gran\u00a0placer de volver a colaborar con la reconocida marca automovil\u00edstica TOYOTA.<\/p>\n<p style=\"text-align: justify;\">En esta ocasi\u00f3n con una lona publicitar\u00eda en el emplazamiento ubicado junto a la Puerta de Alcal\u00e1 de <strong>Madrid<\/strong>, y como continuaci\u00f3n de la campa\u00f1a de publicidad exterior para el lanzamiento del nuevo <strong>TOYOTA COROLLA HYBRID<\/strong> con la que renovar\u00e1s el placer de conducir, como ya os avanzamos hace unos d\u00edas en la lona\u00a0con la que colaboramos\u00a0en la ciudad de Barcelona.<\/p>\n<p><a href=\"https:\/\/www.vsacomunicacion.com\/wp-content\/uploads\/2019\/03\/lona-publicitaria-madrid-alcala-75-toyota-noche-vsa-comunicacion.jpg\" rel=\"attachment wp-att-4706\"><img fetchpriority=\"high\" decoding=\"async\" class=\"aligncenter size-full wp-image-4706\" src=\"https:\/\/www.vsacomunicacion.com\/wp-content\/uploads\/2019\/03\/lona-publicitaria-madrid-alcala-75-toyota-noche-vsa-comunicacion.jpg\" alt=\"lona-publicitaria-madrid-alcala-75-toyota-noche-vsa-comunicacion\" width=\"884\" height=\"626\" srcset=\"https:\/\/www.vsacomunicacion.com\/wp-content\/uploads\/2019\/03\/lona-publicitaria-madrid-alcala-75-toyota-noche-vsa-comunicacion.jpg 884w, https:\/\/www.vsacomunicacion.com\/wp-content\/uploads\/2019\/03\/lona-publicitaria-madrid-alcala-75-toyota-noche-vsa-comunicacion-300x212.jpg 300w, https:\/\/www.vsacomunicacion.com\/wp-content\/uploads\/2019\/03\/lona-publicitaria-madrid-alcala-75-toyota-noche-vsa-comunicacion-768x544.jpg 768w\" sizes=\"(max-width: 884px) 100vw, 884px\" \/><\/a><\/p>\n<p style=\"text-align: justify;\">En esta campa\u00f1a la marca japonesa nos presenta la nueva generaci\u00f3n de veh\u00edculos h\u00edbridos. El nuevo <strong>COROLLA HYBRID<\/strong> ofrece una conducci\u00f3n en\u00e9rgica con un innovador sistema h\u00edbrido auto recargable,\u00a0con\u00a0un planteamiento de dise\u00f1o y t\u00e9cnico totalmente nuevo,\u00a0siendo el veh\u00edculo m\u00e1s vendido del mundo.<\/p>\n<p style=\"text-align: justify;\">El nuevo <strong>TOYOTA<\/strong> COROLLA HYBRID se caracteriza por tener un nuevo y estilizado exterior, un interior completamente renovado y una serie de tecnolog\u00edas superiores con prestaciones de seguridad mejoradas.<\/p>\n<p style=\"text-align: justify;\"><a href=\"https:\/\/www.vsacomunicacion.com\/wp-content\/uploads\/2019\/03\/lona-publicitaria-madrid-alcala-75-toyota-dia-vsa-comunicacion.jpg\" rel=\"attachment wp-att-4707\"><img decoding=\"async\" class=\"aligncenter size-full wp-image-4707\" src=\"https:\/\/www.vsacomunicacion.com\/wp-content\/uploads\/2019\/03\/lona-publicitaria-madrid-alcala-75-toyota-dia-vsa-comunicacion.jpg\" alt=\"lona-publicitaria-madrid-alcala-75-toyota-dia-vsa-comunicacion\" width=\"884\" height=\"626\" srcset=\"https:\/\/www.vsacomunicacion.com\/wp-content\/uploads\/2019\/03\/lona-publicitaria-madrid-alcala-75-toyota-dia-vsa-comunicacion.jpg 884w, https:\/\/www.vsacomunicacion.com\/wp-content\/uploads\/2019\/03\/lona-publicitaria-madrid-alcala-75-toyota-dia-vsa-comunicacion-300x212.jpg 300w, https:\/\/www.vsacomunicacion.com\/wp-content\/uploads\/2019\/03\/lona-publicitaria-madrid-alcala-75-toyota-dia-vsa-comunicacion-768x544.jpg 768w\" sizes=\"(max-width: 884px) 100vw, 884px\" \/><\/a><\/p>\n<p style=\"text-align: justify;\"><strong>TOYOTA<\/strong> ha realizado una campa\u00f1a con una creatividad que transmite ganas de conducir y consigue despertar la atenci\u00f3n del p\u00fablico. T<em>OYOTA COROLLA HA VUELTO, Y ES MEJOR QUE NUNCA!!<\/em><\/p>\n<p>Descubre muchos m\u00e1s detalles en su p\u00e1gina<a href=\"https:\/\/www.toyota.es\/world-of-toyota\/articles-news-events\/2018\/corolla-2019\" target=\"_blank\" rel=\"noopener\"> web<\/a>.<\/p>\n","protected":false},"excerpt":{"rendered":"<p>Este mes de marzo, VSA COMUNICACION tiene\u00a0el gran\u00a0placer de volver a colaborar con la reconocida marca automovil\u00edstica TOYOTA. En esta ocasi\u00f3n con una lona publicitar\u00eda en el emplazamiento ubicado junto a la Puerta de Alcal\u00e1 de Madrid, y como continuaci\u00f3n [&hellip;]<\/p>\n","protected":false},"author":3,"featured_media":7769,"comment_status":"open","ping_status":"open","sticky":false,"template":"","format":"standard","meta":{"inline_featured_image":false,"footnotes":""},"categories":[1488,1489],"tags":[1552,1704,1664,1705,1927,1706,1701,1708,1693,1694,1609,1611,1499,1565,1585,1599,1586,1928,1929,1671],"class_list":["post-11788","post","type-post","status-publish","format-standard","has-post-thumbnail","hentry","category-lonas-publicitarias-en","category-madrid-en","tag-alcala-en","tag-alto-prestigio-publicitario-en","tag-campana-publicitaria-en","tag-centro-ciudad-en","tag-corolla-hybrid-en","tag-emplazamiento-premium-en","tag-espectacular-en","tag-formato-espectacular-en","tag-gran-formato-en","tag-gran-notoriedad-en","tag-lonas-publicitarias-2-en","tag-lonas-publicitarias-madrid-en","tag-madrid-en","tag-publicidad-ciudades-en","tag-publicidad-exterior-en","tag-publicidad-gran-formato-en","tag-publicidad-urbana-en","tag-toyota-en","tag-toyota-corolla-hybrid-en","tag-trafico-rodado-en"],"_links":{"self":[{"href":"https:\/\/www.vsacomunicacion.com\/en\/wp-json\/wp\/v2\/posts\/11788"}],"collection":[{"href":"https:\/\/www.vsacomunicacion.com\/en\/wp-json\/wp\/v2\/posts"}],"about":[{"href":"https:\/\/www.vsacomunicacion.com\/en\/wp-json\/wp\/v2\/types\/post"}],"author":[{"embeddable":true,"href":"https:\/\/www.vsacomunicacion.com\/en\/wp-json\/wp\/v2\/users\/3"}],"replies":[{"embeddable":true,"href":"https:\/\/www.vsacomunicacion.com\/en\/wp-json\/wp\/v2\/comments?post=11788"}],"version-history":[{"count":0,"href":"https:\/\/www.vsacomunicacion.com\/en\/wp-json\/wp\/v2\/posts\/11788\/revisions"}],"wp:featuredmedia":[{"embeddable":true,"href":"https:\/\/www.vsacomunicacion.com\/en\/wp-json\/wp\/v2\/media\/7769"}],"wp:attachment":[{"href":"https:\/\/www.vsacomunicacion.com\/en\/wp-json\/wp\/v2\/media?parent=11788"}],"wp:term":[{"taxonomy":"category","embeddable":true,"href":"https:\/\/www.vsacomunicacion.com\/en\/wp-json\/wp\/v2\/categories?post=11788"},{"taxonomy":"post_tag","embeddable":true,"href":"https:\/\/www.vsacomunicacion.com\/en\/wp-json\/wp\/v2\/tags?post=11788"}],"curies":[{"name":"wp","href":"https:\/\/api.w.org\/{rel}","templated":true}]}}