{"id":11798,"date":"2019-03-12T17:12:22","date_gmt":"2019-03-12T17:12:22","guid":{"rendered":"https:\/\/www.vsacomunicacion.com\/lona-publicitaria-reebok-en-barcelona\/"},"modified":"2019-03-12T17:12:22","modified_gmt":"2019-03-12T17:12:22","slug":"lona-publicitaria-reebok-en-barcelona","status":"publish","type":"post","link":"https:\/\/www.vsacomunicacion.com\/en\/lona-publicitaria-reebok-en-barcelona\/","title":{"rendered":"Lona Publicitaria REEBOK en Barcelona"},"content":{"rendered":"<p style=\"text-align: justify;\">En <strong>VSA COMUNICACION<\/strong> estamos encantados de haber podido\u00a0colaborar con la exitosa marca de moda y calzado <strong>REBOOK<\/strong> con una espectacular y juvenil\u00a0<strong>lona publicitaria<\/strong> en el c\u00e9ntrico emplazamiento localizado en el Barrio G\u00f3tico de <strong>Barcelona<\/strong>, concretamente en la\u00a0Avenida Puerta del \u00c1ngel.<\/p>\n<p style=\"text-align: justify;\">Con\u00a0esta campa\u00f1a de publicidad exterior os presentamos las zapatillas deportivas CARDIO B X <strong>AZTREK<\/strong>, la herencia m\u00e1s ic\u00f3nica del running vuelve a las calles.<\/p>\n<p style=\"text-align: justify;\"><a href=\"https:\/\/www.vsacomunicacion.com\/wp-content\/uploads\/2019\/03\/lona-publicitaria-barcelona-puerta-del-angel-rebook-noche-vsa-comunicacion.jpg\" rel=\"attachment wp-att-4723\"><img fetchpriority=\"high\" decoding=\"async\" class=\"aligncenter size-full wp-image-4723\" src=\"https:\/\/www.vsacomunicacion.com\/wp-content\/uploads\/2019\/03\/lona-publicitaria-barcelona-puerta-del-angel-rebook-noche-vsa-comunicacion.jpg\" alt=\"lona-publicitaria-barcelona-puerta-del-angel-rebook-noche-vsa-comunicacion\" width=\"884\" height=\"626\" srcset=\"https:\/\/www.vsacomunicacion.com\/wp-content\/uploads\/2019\/03\/lona-publicitaria-barcelona-puerta-del-angel-rebook-noche-vsa-comunicacion.jpg 884w, https:\/\/www.vsacomunicacion.com\/wp-content\/uploads\/2019\/03\/lona-publicitaria-barcelona-puerta-del-angel-rebook-noche-vsa-comunicacion-300x212.jpg 300w, https:\/\/www.vsacomunicacion.com\/wp-content\/uploads\/2019\/03\/lona-publicitaria-barcelona-puerta-del-angel-rebook-noche-vsa-comunicacion-768x544.jpg 768w\" sizes=\"(max-width: 884px) 100vw, 884px\" \/><\/a><\/p>\n<p style=\"text-align: justify;\">El modelo AZTREK de<strong> REEBOK<\/strong> fue lanzada por primera vez en 1993 como un modelo todoterreno. Su\u00a0combinaci\u00f3n de colores aporta un aut\u00e9ntico estilo vintage.<\/p>\n<p style=\"text-align: justify;\">Con <strong>AZTREK<\/strong> lucir\u00e1s en tus pies el aire retro de los a\u00f1os 90, con una silueta \u00fanica y funcional.\u00a0Estas zapatillas incorporan tecnolog\u00eda Hexalite para ofrecerte amortiguaci\u00f3n y suavizar el impacto de la pisada, y cuentan con una suela exterior de goma de alta a brasi\u00f3n para que pises cualquier superficie con comodidad y estilo.<\/p>\n<p style=\"text-align: justify;\"><a href=\"https:\/\/www.vsacomunicacion.com\/wp-content\/uploads\/2019\/03\/lona-publicitaria-barcelona-puerta-del-angel-2-reebok-dia-vsa-comunicacion.jpg\" rel=\"attachment wp-att-4724\"><img decoding=\"async\" class=\"aligncenter size-full wp-image-4724\" src=\"https:\/\/www.vsacomunicacion.com\/wp-content\/uploads\/2019\/03\/lona-publicitaria-barcelona-puerta-del-angel-2-reebok-dia-vsa-comunicacion.jpg\" alt=\"lona-publicitaria-barcelona-puerta-del-angel-2-reebok-dia-vsa-comunicacion\" width=\"884\" height=\"626\" srcset=\"https:\/\/www.vsacomunicacion.com\/wp-content\/uploads\/2019\/03\/lona-publicitaria-barcelona-puerta-del-angel-2-reebok-dia-vsa-comunicacion.jpg 884w, https:\/\/www.vsacomunicacion.com\/wp-content\/uploads\/2019\/03\/lona-publicitaria-barcelona-puerta-del-angel-2-reebok-dia-vsa-comunicacion-300x212.jpg 300w, https:\/\/www.vsacomunicacion.com\/wp-content\/uploads\/2019\/03\/lona-publicitaria-barcelona-puerta-del-angel-2-reebok-dia-vsa-comunicacion-768x544.jpg 768w\" sizes=\"(max-width: 884px) 100vw, 884px\" \/><\/a><\/p>\n<p style=\"text-align: justify;\">Y si te apetece saber qu\u00e9 se siente siendo modelo o instagramer por un d\u00eda&#8230; Te informamos que hay un espacio esper\u00e1ndote!!<\/p>\n<p style=\"text-align: justify;\">S\u00f3lo tienes que compartir una foto de tu look con tus zapatillas <strong>REEBOK<\/strong> y aparecer\u00e1 publicada en su web. Eso s\u00ed, aseg\u00farate de etiquetar a #Reebok.<\/p>\n<p style=\"text-align: justify;\"><em>REEBOK, saying sorry!!<\/em><\/p>\n","protected":false},"excerpt":{"rendered":"<p>En VSA COMUNICACION estamos encantados de haber podido\u00a0colaborar con la exitosa marca de moda y calzado REBOOK con una espectacular y juvenil\u00a0lona publicitaria en el c\u00e9ntrico emplazamiento localizado en el Barrio G\u00f3tico de Barcelona, concretamente en la\u00a0Avenida Puerta del \u00c1ngel. [&hellip;]<\/p>\n","protected":false},"author":3,"featured_media":7775,"comment_status":"open","ping_status":"open","sticky":false,"template":"","format":"standard","meta":{"inline_featured_image":false,"footnotes":""},"categories":[1506,1488],"tags":[1935,1704,1936,1516,1664,1705,1706,1701,1708,1693,1694,1937,1609,1581,1565,1585,1599,1586,1671],"class_list":["post-11798","post","type-post","status-publish","format-standard","has-post-thumbnail","hentry","category-barcelona-en","category-lonas-publicitarias-en","tag-reebok-en","tag-alto-prestigio-publicitario-en","tag-aztrek-en","tag-barcelona-en","tag-campana-publicitaria-en","tag-centro-ciudad-en","tag-emplazamiento-premium-en","tag-espectacular-en","tag-formato-espectacular-en","tag-gran-formato-en","tag-gran-notoriedad-en","tag-hexalite-en","tag-lonas-publicitarias-2-en","tag-lonas-publicitarias-barcelona-en","tag-publicidad-ciudades-en","tag-publicidad-exterior-en","tag-publicidad-gran-formato-en","tag-publicidad-urbana-en","tag-trafico-rodado-en"],"_links":{"self":[{"href":"https:\/\/www.vsacomunicacion.com\/en\/wp-json\/wp\/v2\/posts\/11798"}],"collection":[{"href":"https:\/\/www.vsacomunicacion.com\/en\/wp-json\/wp\/v2\/posts"}],"about":[{"href":"https:\/\/www.vsacomunicacion.com\/en\/wp-json\/wp\/v2\/types\/post"}],"author":[{"embeddable":true,"href":"https:\/\/www.vsacomunicacion.com\/en\/wp-json\/wp\/v2\/users\/3"}],"replies":[{"embeddable":true,"href":"https:\/\/www.vsacomunicacion.com\/en\/wp-json\/wp\/v2\/comments?post=11798"}],"version-history":[{"count":0,"href":"https:\/\/www.vsacomunicacion.com\/en\/wp-json\/wp\/v2\/posts\/11798\/revisions"}],"wp:featuredmedia":[{"embeddable":true,"href":"https:\/\/www.vsacomunicacion.com\/en\/wp-json\/wp\/v2\/media\/7775"}],"wp:attachment":[{"href":"https:\/\/www.vsacomunicacion.com\/en\/wp-json\/wp\/v2\/media?parent=11798"}],"wp:term":[{"taxonomy":"category","embeddable":true,"href":"https:\/\/www.vsacomunicacion.com\/en\/wp-json\/wp\/v2\/categories?post=11798"},{"taxonomy":"post_tag","embeddable":true,"href":"https:\/\/www.vsacomunicacion.com\/en\/wp-json\/wp\/v2\/tags?post=11798"}],"curies":[{"name":"wp","href":"https:\/\/api.w.org\/{rel}","templated":true}]}}