{"id":11803,"date":"2019-03-04T19:38:50","date_gmt":"2019-03-04T19:38:50","guid":{"rendered":"https:\/\/www.vsacomunicacion.com\/lona-publicitaria-de-amazon-en-madrid\/"},"modified":"2019-03-04T19:38:50","modified_gmt":"2019-03-04T19:38:50","slug":"lona-publicitaria-de-amazon-en-madrid","status":"publish","type":"post","link":"https:\/\/www.vsacomunicacion.com\/en\/lona-publicitaria-de-amazon-en-madrid\/","title":{"rendered":"Lona Publicitaria de AMERICAN GODS en Madrid"},"content":{"rendered":"<p style=\"text-align: justify;\">Tras el \u00e9xito conseguido con la primera temporada de la serie <strong>AMERICAN GODS<\/strong>, os anunciamos el estreno de su segunda temporada el pr\u00f3ximo lunes 11 de marzo\u00a0a trav\u00e9s de esta fant\u00e1stica lona publicitaria de <strong>AMAZON PRIME VIDEO<\/strong> en el emplazamiento de<strong> VSA COMUNICACION<\/strong>\u00a0de la c\u00e9ntrica calle del General Pardi\u00f1as de <strong>Madrid<\/strong>.<\/p>\n<p style=\"text-align: justify;\">La serie, que est\u00e1 disponible en exclusiva en m\u00e1s de 200 pa\u00edses y territorios fuera de los EEUU en AMAZON PRIME VIDEO, est\u00e1 basada en <em>bestseller<\/em> hom\u00f3nimo del galardonado autor Neil Gaiman, con nuevos episodios disponible semanalmente.<\/p>\n<p style=\"text-align: justify;\"><a href=\"https:\/\/www.vsacomunicacion.com\/wp-content\/uploads\/2019\/03\/lona-publicitaria-madrid-general-pardinas-107-amazon-noche-vsa-comunicacion.jpg\" rel=\"attachment wp-att-4729\"><img fetchpriority=\"high\" decoding=\"async\" class=\"aligncenter size-full wp-image-4729\" src=\"https:\/\/www.vsacomunicacion.com\/wp-content\/uploads\/2019\/03\/lona-publicitaria-madrid-general-pardinas-107-amazon-noche-vsa-comunicacion.jpg\" alt=\"lona-publicitaria-madrid-general-pardinas-107-amazon-noche-vsa-comunicacion\" width=\"884\" height=\"626\" srcset=\"https:\/\/www.vsacomunicacion.com\/wp-content\/uploads\/2019\/03\/lona-publicitaria-madrid-general-pardinas-107-amazon-noche-vsa-comunicacion.jpg 884w, https:\/\/www.vsacomunicacion.com\/wp-content\/uploads\/2019\/03\/lona-publicitaria-madrid-general-pardinas-107-amazon-noche-vsa-comunicacion-300x212.jpg 300w, https:\/\/www.vsacomunicacion.com\/wp-content\/uploads\/2019\/03\/lona-publicitaria-madrid-general-pardinas-107-amazon-noche-vsa-comunicacion-768x544.jpg 768w\" sizes=\"(max-width: 884px) 100vw, 884px\" \/><\/a><\/p>\n<p style=\"text-align: justify;\">En la serie<strong> AMERICAN GODS<\/strong>\u00a0nos veremos inmersos en una guerra que se gesta entre los dioses antiguos y los nuevos: los dioses tradicionales de ra\u00edces mitol\u00f3gicas de todo el mundo pierden creyentes constantemente en beneficio de un pante\u00f3n de nuevos dioses que reflejan el amor de la sociedad por el\u00a0dinero, la tecnolog\u00eda, los medios de comunicaci\u00f3n, los famosos y las drogas.<\/p>\n<p style=\"text-align: justify;\">En esta segunda temporada, la batalla entre dioses nuevos y antiguos contin\u00faa gest\u00e1ndose mientras nos unimos al Sr. Mi\u00e9rcoles <em>(Ian McShane)<\/em> pocas horas despu\u00e9s de su\u00a0declaraci\u00f3n de guerra y la batalla \u00e9pica producida en la fiesta de Pascua. Mientras el Sr. Mundo planea su venganza como respuesta al ataque del Sr. Mi\u00e9rcoles, \u00e9ste contin\u00faa su b\u00fasqueda para ganar la batalla a los dioses antiguos junto a Shadow <em>(Ricky Whitlle)<\/em>, Laura y Mad Sweeney. Pero cuando las cosas no suceden como se planearon, todos ellos se encontrar\u00e1n de nuevo de camino a Cairo, Illinois.<\/p>\n<p style=\"text-align: justify;\"><a href=\"https:\/\/www.vsacomunicacion.com\/wp-content\/uploads\/2019\/03\/lona-publicitaria-madrid-general-pardinas-107-amazon-dia-vsa-comunicacion.jpg\" rel=\"attachment wp-att-4730\"><img decoding=\"async\" class=\"aligncenter size-full wp-image-4730\" src=\"https:\/\/www.vsacomunicacion.com\/wp-content\/uploads\/2019\/03\/lona-publicitaria-madrid-general-pardinas-107-amazon-dia-vsa-comunicacion.jpg\" alt=\"lona-publicitaria-madrid-general-pardinas-107-amazon-dia-vsa-comunicacion\" width=\"884\" height=\"626\" srcset=\"https:\/\/www.vsacomunicacion.com\/wp-content\/uploads\/2019\/03\/lona-publicitaria-madrid-general-pardinas-107-amazon-dia-vsa-comunicacion.jpg 884w, https:\/\/www.vsacomunicacion.com\/wp-content\/uploads\/2019\/03\/lona-publicitaria-madrid-general-pardinas-107-amazon-dia-vsa-comunicacion-300x212.jpg 300w, https:\/\/www.vsacomunicacion.com\/wp-content\/uploads\/2019\/03\/lona-publicitaria-madrid-general-pardinas-107-amazon-dia-vsa-comunicacion-768x544.jpg 768w\" sizes=\"(max-width: 884px) 100vw, 884px\" \/><\/a><\/p>\n<p style=\"text-align: justify;\">Y tenemos buenas noticias para los m\u00e1s fan\u00e1ticos de AMERICAN GODS: <strong>AMAZON PRIME VIDEO<\/strong> ha renovado por una tercera temporada tras los \u00e9xitos logrados con la primera y segunda temporada.<\/p>\n<p style=\"text-align: justify;\">&#8220;Estoy encantado de que AMERICAN GODS haya sido renovada por una tercera temporada, y a\u00fan m\u00e1s emocionado de poder trabajar con Chic Eglee&#8221;, dijo Neil Gaiman, autor del libro. &#8220;Chic es el mejor compa\u00f1ero. Llevamos semanas trabajando en la forma de la temporada y estoy encantado de que pueda llevar la antorcha de American Gods a la gloria. Gracias a Fremantle, Starz y Amazon por tener fe en la serie, a Bryan, Michael y Jesse por llevarla tan lejos, a todos los actores y el equipo y, sobre todo, a los espectadores. Su amor por los personajes es lo que nos llev\u00f3 a este punto y nos llevar\u00e1 al siguiente cap\u00edtulo&#8221;.<\/p>\n<p style=\"text-align: justify;\"><em>AMERICAN GODS:\u00a0Empieza la batalla!!<\/em><\/p>\n","protected":false},"excerpt":{"rendered":"<p>Tras el \u00e9xito conseguido con la primera temporada de la serie AMERICAN GODS, os anunciamos el estreno de su segunda temporada el pr\u00f3ximo lunes 11 de marzo\u00a0a trav\u00e9s de esta fant\u00e1stica lona publicitaria de AMAZON PRIME VIDEO en el emplazamiento [&hellip;]<\/p>\n","protected":false},"author":3,"featured_media":7777,"comment_status":"open","ping_status":"open","sticky":false,"template":"","format":"standard","meta":{"inline_featured_image":false,"footnotes":""},"categories":[1488,1489],"tags":[1704,1668,1940,1664,1705,1706,1701,1708,1693,1694,1656,1609,1611,1499,1565,1585,1599,1586,1671],"class_list":["post-11803","post","type-post","status-publish","format-standard","has-post-thumbnail","hentry","category-lonas-publicitarias-en","category-madrid-en","tag-alto-prestigio-publicitario-en","tag-amazon-prime-video-en","tag-american-gods-en","tag-campana-publicitaria-en","tag-centro-ciudad-en","tag-emplazamiento-premium-en","tag-espectacular-en","tag-formato-espectacular-en","tag-gran-formato-en","tag-gran-notoriedad-en","tag-lonas-gran-formato-en","tag-lonas-publicitarias-2-en","tag-lonas-publicitarias-madrid-en","tag-madrid-en","tag-publicidad-ciudades-en","tag-publicidad-exterior-en","tag-publicidad-gran-formato-en","tag-publicidad-urbana-en","tag-trafico-rodado-en"],"_links":{"self":[{"href":"https:\/\/www.vsacomunicacion.com\/en\/wp-json\/wp\/v2\/posts\/11803"}],"collection":[{"href":"https:\/\/www.vsacomunicacion.com\/en\/wp-json\/wp\/v2\/posts"}],"about":[{"href":"https:\/\/www.vsacomunicacion.com\/en\/wp-json\/wp\/v2\/types\/post"}],"author":[{"embeddable":true,"href":"https:\/\/www.vsacomunicacion.com\/en\/wp-json\/wp\/v2\/users\/3"}],"replies":[{"embeddable":true,"href":"https:\/\/www.vsacomunicacion.com\/en\/wp-json\/wp\/v2\/comments?post=11803"}],"version-history":[{"count":0,"href":"https:\/\/www.vsacomunicacion.com\/en\/wp-json\/wp\/v2\/posts\/11803\/revisions"}],"wp:featuredmedia":[{"embeddable":true,"href":"https:\/\/www.vsacomunicacion.com\/en\/wp-json\/wp\/v2\/media\/7777"}],"wp:attachment":[{"href":"https:\/\/www.vsacomunicacion.com\/en\/wp-json\/wp\/v2\/media?parent=11803"}],"wp:term":[{"taxonomy":"category","embeddable":true,"href":"https:\/\/www.vsacomunicacion.com\/en\/wp-json\/wp\/v2\/categories?post=11803"},{"taxonomy":"post_tag","embeddable":true,"href":"https:\/\/www.vsacomunicacion.com\/en\/wp-json\/wp\/v2\/tags?post=11803"}],"curies":[{"name":"wp","href":"https:\/\/api.w.org\/{rel}","templated":true}]}}