{"id":11809,"date":"2019-03-02T23:07:02","date_gmt":"2019-03-02T23:07:02","guid":{"rendered":"https:\/\/www.vsacomunicacion.com\/lona-publicitaria-de-mango-en-la-gran-via\/"},"modified":"2019-03-02T23:07:02","modified_gmt":"2019-03-02T23:07:02","slug":"lona-publicitaria-de-mango-en-la-gran-via","status":"publish","type":"post","link":"https:\/\/www.vsacomunicacion.com\/en\/lona-publicitaria-de-mango-en-la-gran-via\/","title":{"rendered":"Lona Publicitaria de MANGO en la Gran V\u00eda"},"content":{"rendered":"<p style=\"text-align: justify;\">Espectacular campa\u00f1a de publicidad exterior de la multinacional de moda<strong> MANGO<\/strong> con una incre\u00edble <strong>lona publicitaria<\/strong> en el emplazamiento Premium de <strong>VSA COMUNICACION<\/strong> en\u00a0plena\u00a0Gran V\u00eda de<strong> Madrid<\/strong>.<\/p>\n<p style=\"text-align: justify;\">Mediante esta acci\u00f3n publicitaria\u00a0MANGO nos presenta\u00a0su nueva Colecci\u00f3n Primavera-Verano 2019<strong> &#8220;NEW VOICES&#8221;<\/strong> en la que apuestan por destacar el poder de la cultura en comunidad de las manos del fot\u00f3grafo de referencia Alasdair McLellan retratando a Adwoa Aboah, Jolie Alien, Luna Bijl, Sasha Pivovarova y Patrick Schwarzenegger.<\/p>\n<p><a href=\"https:\/\/www.vsacomunicacion.com\/wp-content\/uploads\/2019\/03\/lona-publicitaria-madrid-gran-via-26-mango-noche-vsa-comunicacion.jpg\" rel=\"attachment wp-att-4687\"><img fetchpriority=\"high\" decoding=\"async\" class=\"aligncenter size-full wp-image-4687\" src=\"https:\/\/www.vsacomunicacion.com\/wp-content\/uploads\/2019\/03\/lona-publicitaria-madrid-gran-via-26-mango-noche-vsa-comunicacion.jpg\" alt=\"lona-publicitaria-madrid-gran-via-26-mango-noche-vsa-comunicacion\" width=\"884\" height=\"626\" srcset=\"https:\/\/www.vsacomunicacion.com\/wp-content\/uploads\/2019\/03\/lona-publicitaria-madrid-gran-via-26-mango-noche-vsa-comunicacion.jpg 884w, https:\/\/www.vsacomunicacion.com\/wp-content\/uploads\/2019\/03\/lona-publicitaria-madrid-gran-via-26-mango-noche-vsa-comunicacion-300x212.jpg 300w, https:\/\/www.vsacomunicacion.com\/wp-content\/uploads\/2019\/03\/lona-publicitaria-madrid-gran-via-26-mango-noche-vsa-comunicacion-768x544.jpg 768w\" sizes=\"(max-width: 884px) 100vw, 884px\" \/><\/a><\/p>\n<div class=\"article_summary\">\n<p style=\"text-align: justify;\">El\u00a0mensaje de MANGO permanecer\u00e1 a lo largo de la temporada a trav\u00e9s de distintas acciones y colaboraciones que dar\u00e1n voz a otros impulsores del panorama cultural emergente y que se desvelar\u00e1n en todas las plataformas de MANGO con el hashtag\u00a0<em>#MangoNewVoices<\/em>.<\/p>\n<p style=\"text-align: justify;\">A trav\u00e9s de lemas como \u201c<em>Let\u2019s build the future, together<\/em>\u201d, elegido en esta ocasi\u00f3n para la creatividad de nuestra lona publicitaria,\u00a0u otros como \u201c<em>Our dreams will inspire culture<\/em>\u201d y \u201c<em>We believe in the power of community<\/em>\u201d, <strong>MANGO<\/strong> pretende dar relieve otros talentos creativos de sus protagonistas, todos ellos como representaci\u00f3n de la importancia de la cultura en comunidad.<\/p>\n<\/div>\n<div class=\"article_body\">\n<p><a href=\"https:\/\/www.vsacomunicacion.com\/wp-content\/uploads\/2019\/03\/lona-publicitaria-madrid-gran-via-26-mango-noche-2-vsa-comunicacion.jpg\" rel=\"attachment wp-att-4688\"><img decoding=\"async\" class=\"aligncenter size-full wp-image-4688\" src=\"https:\/\/www.vsacomunicacion.com\/wp-content\/uploads\/2019\/03\/lona-publicitaria-madrid-gran-via-26-mango-noche-2-vsa-comunicacion.jpg\" alt=\"lona-publicitaria-madrid-gran-via-26-mango-noche-2-vsa-comunicacion\" width=\"884\" height=\"626\" srcset=\"https:\/\/www.vsacomunicacion.com\/wp-content\/uploads\/2019\/03\/lona-publicitaria-madrid-gran-via-26-mango-noche-2-vsa-comunicacion.jpg 884w, https:\/\/www.vsacomunicacion.com\/wp-content\/uploads\/2019\/03\/lona-publicitaria-madrid-gran-via-26-mango-noche-2-vsa-comunicacion-300x212.jpg 300w, https:\/\/www.vsacomunicacion.com\/wp-content\/uploads\/2019\/03\/lona-publicitaria-madrid-gran-via-26-mango-noche-2-vsa-comunicacion-768x544.jpg 768w\" sizes=\"(max-width: 884px) 100vw, 884px\" \/><\/a><\/p>\n<p style=\"text-align: justify;\">\u00bfBuscas renovar tu armario tras el paso del invierno? <strong>MANGO<\/strong> es\u00a0la soluci\u00f3n!! Toma nota de las pr\u00f3ximas tendencias!!<\/p>\n<p style=\"text-align: justify;\">En su <a href=\"https:\/\/shop.mango.com\/es\" target=\"_blank\" rel=\"noopener\">web <\/a>encontrar\u00e1s\u00a0los\u00a0vestidos que tanto gustan, as\u00ed como tops, camisas, faldas y pantalones que cuentan con las \u00faltimas tendencias en moda. Su nueva colecci\u00f3n no te dejar\u00e1 indiferente.<\/p>\n<p style=\"text-align: justify;\">\u00bfEst\u00e1s preparada enamorarte de cada prenda?<\/p>\n<\/div>\n","protected":false},"excerpt":{"rendered":"<p>Espectacular campa\u00f1a de publicidad exterior de la multinacional de moda MANGO con una incre\u00edble lona publicitaria en el emplazamiento Premium de VSA COMUNICACION en\u00a0plena\u00a0Gran V\u00eda de Madrid. Mediante esta acci\u00f3n publicitaria\u00a0MANGO nos presenta\u00a0su nueva Colecci\u00f3n Primavera-Verano 2019 &#8220;NEW VOICES&#8221; en [&hellip;]<\/p>\n","protected":false},"author":3,"featured_media":7762,"comment_status":"open","ping_status":"open","sticky":false,"template":"","format":"standard","meta":{"inline_featured_image":false,"footnotes":""},"categories":[1506,1488],"tags":[1560,1704,1664,1705,1942,1706,1701,1708,1693,1694,1619,1923,1609,1611,1499,1811,1924,1565,1585,1599,1586,1943,1671,1925],"class_list":["post-11809","post","type-post","status-publish","format-standard","has-post-thumbnail","hentry","category-barcelona-en","category-lonas-publicitarias-en","tag-mangonewvoices-en","tag-alto-prestigio-publicitario-en","tag-campana-publicitaria-en","tag-centro-ciudad-en","tag-elegido-en-esta-ocasion-para-la-creatividad-de-nuestra-lona-publicitaria-en","tag-emplazamiento-premium-en","tag-espectacular-en","tag-formato-espectacular-en","tag-gran-formato-en","tag-gran-notoriedad-en","tag-gran-via-en","tag-lets-build-the-future-en","tag-lonas-publicitarias-2-en","tag-lonas-publicitarias-madrid-en","tag-madrid-en","tag-mango-en","tag-our-dreams-will-inspire-culture-en","tag-publicidad-ciudades-en","tag-publicidad-exterior-en","tag-publicidad-gran-formato-en","tag-publicidad-urbana-en","tag-together-en","tag-trafico-rodado-en","tag-we-believe-in-the-power-of-community-en"],"_links":{"self":[{"href":"https:\/\/www.vsacomunicacion.com\/en\/wp-json\/wp\/v2\/posts\/11809"}],"collection":[{"href":"https:\/\/www.vsacomunicacion.com\/en\/wp-json\/wp\/v2\/posts"}],"about":[{"href":"https:\/\/www.vsacomunicacion.com\/en\/wp-json\/wp\/v2\/types\/post"}],"author":[{"embeddable":true,"href":"https:\/\/www.vsacomunicacion.com\/en\/wp-json\/wp\/v2\/users\/3"}],"replies":[{"embeddable":true,"href":"https:\/\/www.vsacomunicacion.com\/en\/wp-json\/wp\/v2\/comments?post=11809"}],"version-history":[{"count":0,"href":"https:\/\/www.vsacomunicacion.com\/en\/wp-json\/wp\/v2\/posts\/11809\/revisions"}],"wp:featuredmedia":[{"embeddable":true,"href":"https:\/\/www.vsacomunicacion.com\/en\/wp-json\/wp\/v2\/media\/7762"}],"wp:attachment":[{"href":"https:\/\/www.vsacomunicacion.com\/en\/wp-json\/wp\/v2\/media?parent=11809"}],"wp:term":[{"taxonomy":"category","embeddable":true,"href":"https:\/\/www.vsacomunicacion.com\/en\/wp-json\/wp\/v2\/categories?post=11809"},{"taxonomy":"post_tag","embeddable":true,"href":"https:\/\/www.vsacomunicacion.com\/en\/wp-json\/wp\/v2\/tags?post=11809"}],"curies":[{"name":"wp","href":"https:\/\/api.w.org\/{rel}","templated":true}]}}