{"id":11816,"date":"2019-02-10T16:11:17","date_gmt":"2019-02-10T16:11:17","guid":{"rendered":"https:\/\/www.vsacomunicacion.com\/lona-publicitaria-del-nuevo-renault-kadjar-en-madrid\/"},"modified":"2019-02-10T16:11:17","modified_gmt":"2019-02-10T16:11:17","slug":"lona-publicitaria-del-nuevo-renault-kadjar-en-madrid","status":"publish","type":"post","link":"https:\/\/www.vsacomunicacion.com\/en\/lona-publicitaria-del-nuevo-renault-kadjar-en-madrid\/","title":{"rendered":"Lona Publicitaria del nuevo RENAULT KADJAR en Madrid"},"content":{"rendered":"<p style=\"text-align: justify;\"><strong>VSA COMUNICACION<\/strong> est\u00e1 de estreno en <strong>Madrid<\/strong>!! Nos hace mucha ilusi\u00f3n inaugurar este nuevo emplazamiento ubicado en la Avenida General Pardi\u00f1as con\u00a0esta espectacular <strong>lona publicitaria<\/strong> de <strong>RENAULT KADJAR<\/strong>, incluida en la campa\u00f1a de publicidad exterior que han iniciado con motivo de la presentaci\u00f3n de su nuevo SUV, como ya os\u00a0adelantamos hace unos d\u00edas. Aprovechamos\u00a0la ocasi\u00f3n para agradecer\u00a0la confianza que la marca francesa ha depositado, una vez m\u00e1s, en VSA COMUNICACION y sus soportes publicitarios.<\/p>\n<p style=\"text-align: justify;\"><a href=\"https:\/\/www.vsacomunicacion.com\/wp-content\/uploads\/2019\/02\/lona-publicitaria-madrid-general-pardinas-107-renault-kadjar-noche-vsa-comunicacion.jpg\" rel=\"attachment wp-att-4599\"><img fetchpriority=\"high\" decoding=\"async\" class=\"aligncenter size-full wp-image-4599\" src=\"https:\/\/www.vsacomunicacion.com\/wp-content\/uploads\/2019\/02\/lona-publicitaria-madrid-general-pardinas-107-renault-kadjar-noche-vsa-comunicacion.jpg\" alt=\"lona-publicitaria-madrid-general-pardinas-107-renault-kadjar-noche-vsa-comunicacion\" width=\"884\" height=\"626\" srcset=\"https:\/\/www.vsacomunicacion.com\/wp-content\/uploads\/2019\/02\/lona-publicitaria-madrid-general-pardinas-107-renault-kadjar-noche-vsa-comunicacion.jpg 884w, https:\/\/www.vsacomunicacion.com\/wp-content\/uploads\/2019\/02\/lona-publicitaria-madrid-general-pardinas-107-renault-kadjar-noche-vsa-comunicacion-300x212.jpg 300w, https:\/\/www.vsacomunicacion.com\/wp-content\/uploads\/2019\/02\/lona-publicitaria-madrid-general-pardinas-107-renault-kadjar-noche-vsa-comunicacion-768x544.jpg 768w\" sizes=\"(max-width: 884px) 100vw, 884px\" \/><\/a><\/p>\n<p style=\"text-align: justify;\">El nuevo emplazamiento de VSA COMUNICACI\u00d3N est\u00e1 situado en uno de los edificios m\u00e1s populares de Madrid (Edificio Luminoso Iberia), en una de\u00a0 las v\u00edas principales de acceso a Madrid por Mar\u00eda de Molina en cruce con Francisco Silvela y Avenida Am\u00e9rica, direcci\u00f3n aeropuerto Madrid-Barajas.<\/p>\n<p style=\"text-align: justify;\">Importante y de elevado tr\u00e1fico rodado, con m\u00e1s de 120.000 veh\u00edculos<b> <\/b>de intensidad media diaria <em>(Fuente: Ayuntamiento de Madrid)<\/em>, adem\u00e1s del numeroso tr\u00e1fico peatonal que\u00a0 existe en dicho nudo o cruce de sus calles\u00a0y el notable incremento que supone la utilizaci\u00f3n del intercambiador de Avenida\u00a0Am\u00e9rica, situado frente al emplazamiento.<\/p>\n<p style=\"text-align: justify;\"><a href=\"https:\/\/www.vsacomunicacion.com\/wp-content\/uploads\/2019\/02\/lona-publicitaria-madrid-general-pardinas-107-renault-kadjar-dia-vsa-comunicacion.jpg\" rel=\"attachment wp-att-4601\"><img decoding=\"async\" class=\"aligncenter size-full wp-image-4601\" src=\"https:\/\/www.vsacomunicacion.com\/wp-content\/uploads\/2019\/02\/lona-publicitaria-madrid-general-pardinas-107-renault-kadjar-dia-vsa-comunicacion.jpg\" alt=\"lona-publicitaria-madrid-general-pardinas-107-renault-kadjar-dia-vsa-comunicacion\" width=\"884\" height=\"626\" srcset=\"https:\/\/www.vsacomunicacion.com\/wp-content\/uploads\/2019\/02\/lona-publicitaria-madrid-general-pardinas-107-renault-kadjar-dia-vsa-comunicacion.jpg 884w, https:\/\/www.vsacomunicacion.com\/wp-content\/uploads\/2019\/02\/lona-publicitaria-madrid-general-pardinas-107-renault-kadjar-dia-vsa-comunicacion-300x212.jpg 300w, https:\/\/www.vsacomunicacion.com\/wp-content\/uploads\/2019\/02\/lona-publicitaria-madrid-general-pardinas-107-renault-kadjar-dia-vsa-comunicacion-768x544.jpg 768w\" sizes=\"(max-width: 884px) 100vw, 884px\" \/><\/a><\/p>\n<p style=\"text-align: justify;\">El nuevo <strong>RENAULT KADJAR<\/strong> est\u00e9ticamente no muestra un cambio desorbitado pero s\u00ed renueva parachoques, parrilla, y \u00f3pticas con nueva teconolog\u00eda led.<\/p>\n<p style=\"text-align: justify;\">Sus interiores se renuevan con los mejores materialidad, m\u00e1s caldiad, un redise\u00f1o del ambiente con nuevas salidas de ventilaci\u00f3n y el nuevo sistema multimedia R-Link 2.<\/p>\n<p style=\"text-align: justify;\">La gama del nuevo KADJAR presentada en Espa\u00f1a llega al mercado con cinco niveles de acabado (Life, Limited, Business, Zen y S-Edition) y,\u00a0de momento,\u00a0disponible con tres motores (dos de gasolina y uno diesel).<\/p>\n","protected":false},"excerpt":{"rendered":"<p>VSA COMUNICACION est\u00e1 de estreno en Madrid!! Nos hace mucha ilusi\u00f3n inaugurar este nuevo emplazamiento ubicado en la Avenida General Pardi\u00f1as con\u00a0esta espectacular lona publicitaria de RENAULT KADJAR, incluida en la campa\u00f1a de publicidad exterior que han iniciado con motivo [&hellip;]<\/p>\n","protected":false},"author":3,"featured_media":7742,"comment_status":"open","ping_status":"open","sticky":false,"template":"","format":"standard","meta":{"inline_featured_image":false,"footnotes":""},"categories":[1488,1489],"tags":[1704,1664,1705,1706,1701,1708,1693,1694,1579,1609,1611,1499,1565,1585,1599,1586,1737,1948,1745,1671],"class_list":["post-11816","post","type-post","status-publish","format-standard","has-post-thumbnail","hentry","category-lonas-publicitarias-en","category-madrid-en","tag-alto-prestigio-publicitario-en","tag-campana-publicitaria-en","tag-centro-ciudad-en","tag-emplazamiento-premium-en","tag-espectacular-en","tag-formato-espectacular-en","tag-gran-formato-en","tag-gran-notoriedad-en","tag-lona-gran-formato-en","tag-lonas-publicitarias-2-en","tag-lonas-publicitarias-madrid-en","tag-madrid-en","tag-publicidad-ciudades-en","tag-publicidad-exterior-en","tag-publicidad-gran-formato-en","tag-publicidad-urbana-en","tag-renault-en","tag-renault-kadjar-en","tag-suv-en","tag-trafico-rodado-en"],"_links":{"self":[{"href":"https:\/\/www.vsacomunicacion.com\/en\/wp-json\/wp\/v2\/posts\/11816"}],"collection":[{"href":"https:\/\/www.vsacomunicacion.com\/en\/wp-json\/wp\/v2\/posts"}],"about":[{"href":"https:\/\/www.vsacomunicacion.com\/en\/wp-json\/wp\/v2\/types\/post"}],"author":[{"embeddable":true,"href":"https:\/\/www.vsacomunicacion.com\/en\/wp-json\/wp\/v2\/users\/3"}],"replies":[{"embeddable":true,"href":"https:\/\/www.vsacomunicacion.com\/en\/wp-json\/wp\/v2\/comments?post=11816"}],"version-history":[{"count":0,"href":"https:\/\/www.vsacomunicacion.com\/en\/wp-json\/wp\/v2\/posts\/11816\/revisions"}],"wp:featuredmedia":[{"embeddable":true,"href":"https:\/\/www.vsacomunicacion.com\/en\/wp-json\/wp\/v2\/media\/7742"}],"wp:attachment":[{"href":"https:\/\/www.vsacomunicacion.com\/en\/wp-json\/wp\/v2\/media?parent=11816"}],"wp:term":[{"taxonomy":"category","embeddable":true,"href":"https:\/\/www.vsacomunicacion.com\/en\/wp-json\/wp\/v2\/categories?post=11816"},{"taxonomy":"post_tag","embeddable":true,"href":"https:\/\/www.vsacomunicacion.com\/en\/wp-json\/wp\/v2\/tags?post=11816"}],"curies":[{"name":"wp","href":"https:\/\/api.w.org\/{rel}","templated":true}]}}