{"id":11822,"date":"2019-02-07T09:12:57","date_gmt":"2019-02-07T09:12:57","guid":{"rendered":"https:\/\/www.vsacomunicacion.com\/lona-publicitaria-del-cirque-du-soleil-en-el-paseo-de-gracia\/"},"modified":"2019-02-07T09:12:57","modified_gmt":"2019-02-07T09:12:57","slug":"lona-publicitaria-del-cirque-du-soleil-en-el-paseo-de-gracia","status":"publish","type":"post","link":"https:\/\/www.vsacomunicacion.com\/en\/lona-publicitaria-del-cirque-du-soleil-en-el-paseo-de-gracia\/","title":{"rendered":"Lona Publicitaria del CIRQUE DU SOLEIL en el Paseo de Gracia"},"content":{"rendered":"<p style=\"text-align: justify;\">Fant\u00e1stica <strong>lona publicitaria<\/strong> en el emplazamiento premium de <strong>VSA COMUNICACION<\/strong> en el prestigioso Paseo de Gracia de <strong>Barcelona<\/strong> para la campa\u00f1a de publicidad exterior que nos anuncia el nuevo y espectacular show que CIRQUE DU SOLEIL nos ha preparado:\u00a0<strong>MESSI 10 by CIRQUE DU SOLEIL<\/strong>, una experiencia alucinante e inspiradora para los fans en la que traducir\u00e1 acrob\u00e1ticamente el atletismo, la devoci\u00f3n y la superaci\u00f3n que combinan al mundo del f\u00fatbol con el del circo, celebrando al mejor f\u00fatbol de nuestro tiempo.<a href=\"https:\/\/www.vsacomunicacion.com\/wp-content\/uploads\/2019\/02\/lona-publicitaria-barcelona-paseo-de-gracia-17-cirque-du-soleil-messi-dia-vsa-comunicacion.jpg\" rel=\"attachment wp-att-4655\"><br \/>\n<\/a><\/p>\n<p><a href=\"https:\/\/www.vsacomunicacion.com\/wp-content\/uploads\/2019\/02\/lona-publicitaria-barcelona-paseo-de-gracia-17-cirque-du-soleil-messi-noche-vsa-comunicacion.jpg\" rel=\"attachment wp-att-4656\"><img fetchpriority=\"high\" decoding=\"async\" class=\"aligncenter size-full wp-image-4656\" src=\"https:\/\/www.vsacomunicacion.com\/wp-content\/uploads\/2019\/02\/lona-publicitaria-barcelona-paseo-de-gracia-17-cirque-du-soleil-messi-noche-vsa-comunicacion.jpg\" alt=\"lona-publicitaria-barcelona-paseo-de-gracia-17-cirque-du-soleil-messi-noche-vsa-comunicacion\" width=\"884\" height=\"626\" srcset=\"https:\/\/www.vsacomunicacion.com\/wp-content\/uploads\/2019\/02\/lona-publicitaria-barcelona-paseo-de-gracia-17-cirque-du-soleil-messi-noche-vsa-comunicacion.jpg 884w, https:\/\/www.vsacomunicacion.com\/wp-content\/uploads\/2019\/02\/lona-publicitaria-barcelona-paseo-de-gracia-17-cirque-du-soleil-messi-noche-vsa-comunicacion-300x212.jpg 300w, https:\/\/www.vsacomunicacion.com\/wp-content\/uploads\/2019\/02\/lona-publicitaria-barcelona-paseo-de-gracia-17-cirque-du-soleil-messi-noche-vsa-comunicacion-768x544.jpg 768w\" sizes=\"(max-width: 884px) 100vw, 884px\" \/><\/a><\/p>\n<p style=\"text-align: justify;\">El show<strong> MESSI\u00a010 by CIRQUE DU SOLEIL<\/strong> cuenta la historia de un joven con la incansable ambici\u00f3n de superar cualquier obst\u00e1culo para llegar a ser el mejor n\u00famero 10 del mundo. El show explora todos los elementos de su \u00e9xito para crear un universo en el que la grandeza se alcanza cada vez que uno se cae y se levanta en el camino de lo imposible.<\/p>\n<p style=\"text-align: justify;\">Un elenco de 46 artistas guiar\u00e1 al p\u00fablico y los fans en un recorrido vertiginoso de 90 minutos de adrenalina que combina una performance f\u00edsica deslumbrante con una sorpresa po\u00e9tica impensada, y una banda sonora vibrante como tel\u00f3n de fondo.<\/p>\n<p style=\"text-align: justify;\">El <a href=\"https:\/\/www.messicirque.com\/es\/index.php\" target=\"_blank\" rel=\"noopener\">espect\u00e1culo<\/a> se estrenar\u00e1 en el Parc del F\u00f2rum de Barcelona el 10 de octubre de 2019, siendo la \u00fanica ciudad de Espa\u00f1a donde se presentar\u00e1, e iniciar\u00e1 una gira mundial a partir de 2020.<\/p>\n<p style=\"text-align: justify;\"><a href=\"https:\/\/www.vsacomunicacion.com\/wp-content\/uploads\/2019\/02\/lona-publicitaria-barcelona-paseo-de-gracia-17-cirque-du-soleil-messi-dia-vsa-comunicacion.jpg\" rel=\"attachment wp-att-4655\"><img decoding=\"async\" class=\"aligncenter size-full wp-image-4655\" src=\"https:\/\/www.vsacomunicacion.com\/wp-content\/uploads\/2019\/02\/lona-publicitaria-barcelona-paseo-de-gracia-17-cirque-du-soleil-messi-dia-vsa-comunicacion.jpg\" alt=\"lona-publicitaria-barcelona-paseo-de-gracia-17-cirque-du-soleil-messi-dia-vsa-comunicacion\" width=\"884\" height=\"626\" srcset=\"https:\/\/www.vsacomunicacion.com\/wp-content\/uploads\/2019\/02\/lona-publicitaria-barcelona-paseo-de-gracia-17-cirque-du-soleil-messi-dia-vsa-comunicacion.jpg 884w, https:\/\/www.vsacomunicacion.com\/wp-content\/uploads\/2019\/02\/lona-publicitaria-barcelona-paseo-de-gracia-17-cirque-du-soleil-messi-dia-vsa-comunicacion-300x212.jpg 300w, https:\/\/www.vsacomunicacion.com\/wp-content\/uploads\/2019\/02\/lona-publicitaria-barcelona-paseo-de-gracia-17-cirque-du-soleil-messi-dia-vsa-comunicacion-768x544.jpg 768w\" sizes=\"(max-width: 884px) 100vw, 884px\" \/><\/a><\/p>\n<p style=\"text-align: justify;\">Para todos aquello que sue\u00f1an con sentirse Messi por un d\u00eda, habr\u00e1 una atracci\u00f3n adicional, el <em>Messi10 Challenge<\/em>: Leo Messi\u00a0es el jugador que todos los fans queremos en nuestro equipo, a quien queremos imitar, y\u00a0el Messi10 Challenge acerca este sue\u00f1o a los fans, creando una zona tem\u00e1tica de experiencias, que le dar\u00e1 la oportunidad a los asistentes de <strong>MESSI\u00a010 by CIRQUE DU SOLEIL\u00a0<\/strong>de ponerse en el lugar de Leo, intentar hacer un gol como s\u00f3lo lo hace el \u00eddolo y responder acerca de aspectos poco conocidos de su carrera.<\/p>\n<p style=\"text-align: justify;\">\n<p style=\"text-align: justify;\">El parque tem\u00e1tico de unos 2.500 m\u00b2 se desarrollar\u00e1 en un espacio contiguo a la carpa de Messi10 by Cirque du Soleil, y abrir\u00e1 sus puertas desde 3 horas antes del comienzo del espect\u00e1culo. Los fans del \u00eddolo podr\u00e1n participar all\u00ed de 5 diferentes desaf\u00edos con el objetivo de acumular la mayor cantidad de puntos posibles.<\/p>\n<p style=\"text-align: justify;\">Al final del recorrido, el participante que m\u00e1s puntos acumule en la jornada ser\u00e1 coronado como el \u201cMessi del d\u00eda\u201d y vivir\u00e1 una experiencia exclusiva durante el show.<\/p>\n","protected":false},"excerpt":{"rendered":"<p>Fant\u00e1stica lona publicitaria en el emplazamiento premium de VSA COMUNICACION en el prestigioso Paseo de Gracia de Barcelona para la campa\u00f1a de publicidad exterior que nos anuncia el nuevo y espectacular show que CIRQUE DU SOLEIL nos ha preparado:\u00a0MESSI 10 [&hellip;]<\/p>\n","protected":false},"author":3,"featured_media":7753,"comment_status":"open","ping_status":"open","sticky":false,"template":"","format":"standard","meta":{"inline_featured_image":false,"footnotes":""},"categories":[1506,1488],"tags":[1704,1516,1664,1705,1951,1706,1701,1708,1693,1694,1665,1656,1609,1581,1952,1666,1565,1585,1599,1586,1671],"class_list":["post-11822","post","type-post","status-publish","format-standard","has-post-thumbnail","hentry","category-barcelona-en","category-lonas-publicitarias-en","tag-alto-prestigio-publicitario-en","tag-barcelona-en","tag-campana-publicitaria-en","tag-centro-ciudad-en","tag-cirque-du-soleil-en","tag-emplazamiento-premium-en","tag-espectacular-en","tag-formato-espectacular-en","tag-gran-formato-en","tag-gran-notoriedad-en","tag-leo-messi-en","tag-lonas-gran-formato-en","tag-lonas-publicitarias-2-en","tag-lonas-publicitarias-barcelona-en","tag-messi-10-by-cirque-du-soleil-en","tag-paseo-de-gracia-en","tag-publicidad-ciudades-en","tag-publicidad-exterior-en","tag-publicidad-gran-formato-en","tag-publicidad-urbana-en","tag-trafico-rodado-en"],"_links":{"self":[{"href":"https:\/\/www.vsacomunicacion.com\/en\/wp-json\/wp\/v2\/posts\/11822"}],"collection":[{"href":"https:\/\/www.vsacomunicacion.com\/en\/wp-json\/wp\/v2\/posts"}],"about":[{"href":"https:\/\/www.vsacomunicacion.com\/en\/wp-json\/wp\/v2\/types\/post"}],"author":[{"embeddable":true,"href":"https:\/\/www.vsacomunicacion.com\/en\/wp-json\/wp\/v2\/users\/3"}],"replies":[{"embeddable":true,"href":"https:\/\/www.vsacomunicacion.com\/en\/wp-json\/wp\/v2\/comments?post=11822"}],"version-history":[{"count":0,"href":"https:\/\/www.vsacomunicacion.com\/en\/wp-json\/wp\/v2\/posts\/11822\/revisions"}],"wp:featuredmedia":[{"embeddable":true,"href":"https:\/\/www.vsacomunicacion.com\/en\/wp-json\/wp\/v2\/media\/7753"}],"wp:attachment":[{"href":"https:\/\/www.vsacomunicacion.com\/en\/wp-json\/wp\/v2\/media?parent=11822"}],"wp:term":[{"taxonomy":"category","embeddable":true,"href":"https:\/\/www.vsacomunicacion.com\/en\/wp-json\/wp\/v2\/categories?post=11822"},{"taxonomy":"post_tag","embeddable":true,"href":"https:\/\/www.vsacomunicacion.com\/en\/wp-json\/wp\/v2\/tags?post=11822"}],"curies":[{"name":"wp","href":"https:\/\/api.w.org\/{rel}","templated":true}]}}