{"id":11825,"date":"2019-02-01T15:14:26","date_gmt":"2019-02-01T15:14:26","guid":{"rendered":"https:\/\/www.vsacomunicacion.com\/lona-publicitaria-renault-en-barcelona\/"},"modified":"2019-02-01T15:14:26","modified_gmt":"2019-02-01T15:14:26","slug":"lona-publicitaria-renault-en-barcelona","status":"publish","type":"post","link":"https:\/\/www.vsacomunicacion.com\/en\/lona-publicitaria-renault-en-barcelona\/","title":{"rendered":"Lona Publicitaria del RENAULT KADJAR en Barcelona"},"content":{"rendered":"<p style=\"text-align: justify;\">Ya ha llegado al mercado el nuevo <strong>RENAULT KADJAR<\/strong> despu\u00e9s de la gran acogida que tuvo en su presentaci\u00f3n en el Sal\u00f3n de Par\u00eds meses atr\u00e1s. Y no vemos mejor manera de mostrar al &#8220;mundo&#8221;\u00a0el restyling de este incre\u00edble SUV\u00a0que con esta espectacular <strong>lona publicitaria<\/strong> en el emplazamiento de <strong>VSA COMUNICACION<\/strong> ubicado en la Gran V\u00eda de <strong>Barcelona<\/strong>.<\/p>\n<p style=\"text-align: justify;\"><a href=\"https:\/\/www.vsacomunicacion.com\/wp-content\/uploads\/2019\/02\/lona-publicitaria-barcelona-gran-via-635-renault-kadjar-noche-3-vsa-comunicacion.jpg\" rel=\"attachment wp-att-4590\"><img fetchpriority=\"high\" decoding=\"async\" class=\"aligncenter size-full wp-image-4590\" src=\"https:\/\/www.vsacomunicacion.com\/wp-content\/uploads\/2019\/02\/lona-publicitaria-barcelona-gran-via-635-renault-kadjar-noche-3-vsa-comunicacion.jpg\" alt=\"lona-publicitaria-barcelona-gran-via-635-renault-kadjar-noche-3-vsa-comunicacion\" width=\"884\" height=\"626\" srcset=\"https:\/\/www.vsacomunicacion.com\/wp-content\/uploads\/2019\/02\/lona-publicitaria-barcelona-gran-via-635-renault-kadjar-noche-3-vsa-comunicacion.jpg 884w, https:\/\/www.vsacomunicacion.com\/wp-content\/uploads\/2019\/02\/lona-publicitaria-barcelona-gran-via-635-renault-kadjar-noche-3-vsa-comunicacion-300x212.jpg 300w, https:\/\/www.vsacomunicacion.com\/wp-content\/uploads\/2019\/02\/lona-publicitaria-barcelona-gran-via-635-renault-kadjar-noche-3-vsa-comunicacion-768x544.jpg 768w\" sizes=\"(max-width: 884px) 100vw, 884px\" \/><\/a><\/p>\n<p style=\"text-align: justify;\">El nuevo<strong> RENAULT KADJAR<\/strong> es un todo terreno de 5 plazas que, sin duda, te seducir\u00e1 con su facilidad de conducci\u00f3n.<\/p>\n<p style=\"text-align: justify;\">Podr\u00e1s ajustar\u00a0f\u00e1cilmente la longitud del asiento para conducir de forma segura y c\u00f3moda. El reposabrazos delantero central es deslizable y te ofrece un volumen de almacenamiento adicional.<\/p>\n<div class=\"wideText rte\">\n<div class=\"text\">\n<div class=\"wideText rte\">\n<div class=\"text\">\n<p style=\"text-align: justify;\">Reconocimiento de voz, regulador\/limitador de velocidad, tel\u00e9fono, cuadro de mando&#8230; Acariciando un simple bot\u00f3n del volante empezar\u00e1s a disfrutar del conjunto de funciones de\u00a0este todoterreno.<\/p>\n<p style=\"text-align: justify;\"><a href=\"https:\/\/www.vsacomunicacion.com\/wp-content\/uploads\/2019\/02\/lona-publicitaria-barcelona-gran-via-635-renault-kadjar-dia-vsa-comunicacion.jpg\" rel=\"attachment wp-att-4591\"><img decoding=\"async\" class=\"aligncenter size-full wp-image-4591\" src=\"https:\/\/www.vsacomunicacion.com\/wp-content\/uploads\/2019\/02\/lona-publicitaria-barcelona-gran-via-635-renault-kadjar-dia-vsa-comunicacion.jpg\" alt=\"lona-publicitaria-barcelona-gran-via-635-renault-kadjar-dia-vsa-comunicacion\" width=\"884\" height=\"626\" srcset=\"https:\/\/www.vsacomunicacion.com\/wp-content\/uploads\/2019\/02\/lona-publicitaria-barcelona-gran-via-635-renault-kadjar-dia-vsa-comunicacion.jpg 884w, https:\/\/www.vsacomunicacion.com\/wp-content\/uploads\/2019\/02\/lona-publicitaria-barcelona-gran-via-635-renault-kadjar-dia-vsa-comunicacion-300x212.jpg 300w, https:\/\/www.vsacomunicacion.com\/wp-content\/uploads\/2019\/02\/lona-publicitaria-barcelona-gran-via-635-renault-kadjar-dia-vsa-comunicacion-768x544.jpg 768w\" sizes=\"(max-width: 884px) 100vw, 884px\" \/><\/a><\/p>\n<\/div>\n<p style=\"text-align: justify;\">Adem\u00e1s, podr\u00e1s disfrutar de un extraordinario confort t\u00e9rmico gracias a una climatizaci\u00f3n eficaz que se adapta a tus necesidades. Con el nuevo <strong>RENAULT KADJAR<\/strong> podr\u00e1s arrancar\u00a0con total seguridad,\u00a0su ayuda de arranque en pendiente mantiene la presi\u00f3n de los frenos durante varios segundos para que tengas tiempo suficiente de retomar la marcha con tranquilidad.<\/p>\n<\/div>\n<\/div>\n<\/div>\n<p style=\"text-align: justify;\"><a href=\"https:\/\/www.vsacomunicacion.com\/wp-content\/uploads\/2019\/02\/lona-publicitaria-barcelona-gran-via-635-renault-kadjar-noche-2-vsa-comunicacion.jpg\" rel=\"attachment wp-att-4589\"><img decoding=\"async\" class=\"aligncenter size-full wp-image-4589\" src=\"https:\/\/www.vsacomunicacion.com\/wp-content\/uploads\/2019\/02\/lona-publicitaria-barcelona-gran-via-635-renault-kadjar-noche-2-vsa-comunicacion.jpg\" alt=\"lona-publicitaria-barcelona-gran-via-635-renault-kadjar-noche-2-vsa-comunicacion\" width=\"884\" height=\"626\" srcset=\"https:\/\/www.vsacomunicacion.com\/wp-content\/uploads\/2019\/02\/lona-publicitaria-barcelona-gran-via-635-renault-kadjar-noche-2-vsa-comunicacion.jpg 884w, https:\/\/www.vsacomunicacion.com\/wp-content\/uploads\/2019\/02\/lona-publicitaria-barcelona-gran-via-635-renault-kadjar-noche-2-vsa-comunicacion-300x212.jpg 300w, https:\/\/www.vsacomunicacion.com\/wp-content\/uploads\/2019\/02\/lona-publicitaria-barcelona-gran-via-635-renault-kadjar-noche-2-vsa-comunicacion-768x544.jpg 768w\" sizes=\"(max-width: 884px) 100vw, 884px\" \/><\/a><\/p>\n<p style=\"text-align: justify;\">Graves profundos, ritmos estructurados, agudos n\u00edtidos&#8230; El sonido es preciso y de calidad tanto en la parte delantera como en la trasera. Con el Nuevo KADJAR, la aventura tambi\u00e9n es musical gracias a su sistema de audio Bose.<\/p>\n<p style=\"text-align: justify;\">Descubre el nuevo <strong>RENAULT KADJAR<\/strong> en su<a href=\"https:\/\/www.renault.es\/gama-renault\/renault-vehiculos-turismos\/gama-kadjar\/renault-kadjar\/\" target=\"_blank\" rel=\"noopener\"> web<\/a>, config\u00faralo a tu medida, pide una prueba o, si lo prefieres, ac\u00e9rcate a tu concesionario m\u00e1s cercano y&#8230; <em>Esc\u00e1pate de la realidad!!!<\/em><\/p>\n","protected":false},"excerpt":{"rendered":"<p>Ya ha llegado al mercado el nuevo RENAULT KADJAR despu\u00e9s de la gran acogida que tuvo en su presentaci\u00f3n en el Sal\u00f3n de Par\u00eds meses atr\u00e1s. Y no vemos mejor manera de mostrar al &#8220;mundo&#8221;\u00a0el restyling de este incre\u00edble SUV\u00a0que [&hellip;]<\/p>\n","protected":false},"author":3,"featured_media":7739,"comment_status":"open","ping_status":"open","sticky":false,"template":"","format":"standard","meta":{"inline_featured_image":false,"footnotes":""},"categories":[1506,1488],"tags":[1704,1516,1664,1705,1706,1701,1708,1694,1619,1680,1609,1581,1565,1585,1599,1586,1737,1948,1745,1671],"class_list":["post-11825","post","type-post","status-publish","format-standard","has-post-thumbnail","hentry","category-barcelona-en","category-lonas-publicitarias-en","tag-alto-prestigio-publicitario-en","tag-barcelona-en","tag-campana-publicitaria-en","tag-centro-ciudad-en","tag-emplazamiento-premium-en","tag-espectacular-en","tag-formato-espectacular-en","tag-gran-notoriedad-en","tag-gran-via-en","tag-lona-espectacular-en","tag-lonas-publicitarias-2-en","tag-lonas-publicitarias-barcelona-en","tag-publicidad-ciudades-en","tag-publicidad-exterior-en","tag-publicidad-gran-formato-en","tag-publicidad-urbana-en","tag-renault-en","tag-renault-kadjar-en","tag-suv-en","tag-trafico-rodado-en"],"_links":{"self":[{"href":"https:\/\/www.vsacomunicacion.com\/en\/wp-json\/wp\/v2\/posts\/11825"}],"collection":[{"href":"https:\/\/www.vsacomunicacion.com\/en\/wp-json\/wp\/v2\/posts"}],"about":[{"href":"https:\/\/www.vsacomunicacion.com\/en\/wp-json\/wp\/v2\/types\/post"}],"author":[{"embeddable":true,"href":"https:\/\/www.vsacomunicacion.com\/en\/wp-json\/wp\/v2\/users\/3"}],"replies":[{"embeddable":true,"href":"https:\/\/www.vsacomunicacion.com\/en\/wp-json\/wp\/v2\/comments?post=11825"}],"version-history":[{"count":0,"href":"https:\/\/www.vsacomunicacion.com\/en\/wp-json\/wp\/v2\/posts\/11825\/revisions"}],"wp:featuredmedia":[{"embeddable":true,"href":"https:\/\/www.vsacomunicacion.com\/en\/wp-json\/wp\/v2\/media\/7739"}],"wp:attachment":[{"href":"https:\/\/www.vsacomunicacion.com\/en\/wp-json\/wp\/v2\/media?parent=11825"}],"wp:term":[{"taxonomy":"category","embeddable":true,"href":"https:\/\/www.vsacomunicacion.com\/en\/wp-json\/wp\/v2\/categories?post=11825"},{"taxonomy":"post_tag","embeddable":true,"href":"https:\/\/www.vsacomunicacion.com\/en\/wp-json\/wp\/v2\/tags?post=11825"}],"curies":[{"name":"wp","href":"https:\/\/api.w.org\/{rel}","templated":true}]}}