{"id":11826,"date":"2019-01-30T11:09:31","date_gmt":"2019-01-30T11:09:31","guid":{"rendered":"https:\/\/www.vsacomunicacion.com\/lona-publicitaria-de-adidas-en-barcelona-2\/"},"modified":"2019-01-30T11:09:31","modified_gmt":"2019-01-30T11:09:31","slug":"lona-publicitaria-de-adidas-en-barcelona-2","status":"publish","type":"post","link":"https:\/\/www.vsacomunicacion.com\/en\/lona-publicitaria-de-adidas-en-barcelona-2\/","title":{"rendered":"Lona Publicitaria de ADIDAS en Barcelona"},"content":{"rendered":"<p style=\"text-align: justify;\">Empezamos este a\u00f1o con mucha energ\u00eda\u00a0e ilusi\u00f3n\u00a0por iniciar nuevos proyectos con nuestros clientes.<\/p>\n<p style=\"text-align: justify;\">La marca alemana de calzado y ropa deportiva\u00a0<strong>ADIDAS <\/strong>ha elegido el emplazamiento de <strong>VSA COMUNICACION<\/strong> ubicado en la Avenida Puerta del \u00c1ngel de <strong>Barcelona <\/strong>para presentar su modelo de deportivas <strong>CONTINENTAL 80<\/strong> a trav\u00e9s de nuestra <strong>lona publicitaria<\/strong>, con una creatividad muy &#8220;a la \u00faltima&#8221; y moderna, con la que <em>los 80 vuelven con fuerza<\/em>.<a href=\"https:\/\/www.vsacomunicacion.com\/wp-content\/uploads\/2019\/01\/lona-publicitaria-barcelona-puerta-del-angel-adidas-dia-2-vsa-comunicacion.jpg\" rel=\"attachment wp-att-4575\"><img fetchpriority=\"high\" decoding=\"async\" class=\"aligncenter size-full wp-image-4575\" src=\"https:\/\/www.vsacomunicacion.com\/wp-content\/uploads\/2019\/01\/lona-publicitaria-barcelona-puerta-del-angel-adidas-dia-2-vsa-comunicacion.jpg\" alt=\"lona-publicitaria-barcelona-puerta-del-angel-adidas-dia-2-vsa-comunicacion\" width=\"884\" height=\"626\" srcset=\"https:\/\/www.vsacomunicacion.com\/wp-content\/uploads\/2019\/01\/lona-publicitaria-barcelona-puerta-del-angel-adidas-dia-2-vsa-comunicacion.jpg 884w, https:\/\/www.vsacomunicacion.com\/wp-content\/uploads\/2019\/01\/lona-publicitaria-barcelona-puerta-del-angel-adidas-dia-2-vsa-comunicacion-300x212.jpg 300w, https:\/\/www.vsacomunicacion.com\/wp-content\/uploads\/2019\/01\/lona-publicitaria-barcelona-puerta-del-angel-adidas-dia-2-vsa-comunicacion-768x544.jpg 768w\" sizes=\"(max-width: 884px) 100vw, 884px\" \/><\/a><\/p>\n<p style=\"text-align: justify;\">Este\u00a0emplazamiento de <strong>VSA COMUNICACION<\/strong> se caracteriza por estar situado en una v\u00eda peatonal altamente concurrida, tur\u00edstica y comercial, en la que encontraremos\u00a0numerosos\u00a0establecimientos comerciales, muy cerca, adem\u00e1s, de la Plaza Catalu\u00f1a y la calle Pelayo. Su\u00a0ubicaci\u00f3n es, precisamente, lo que\u00a0origina que \u00e9ste sea un emplazamiento ideal para anunciar productos y complementos de moda, generando un\u00a0gran n\u00famero de\u00a0impactos y notoriedad.<\/p>\n<p style=\"text-align: justify;\"><a href=\"https:\/\/www.vsacomunicacion.com\/wp-content\/uploads\/2019\/01\/lona-publicitaria-barcelona-puerta-del-angel-adidas-noche-vsa-comunicacion.jpg\" rel=\"attachment wp-att-4571\"><img decoding=\"async\" class=\"aligncenter size-full wp-image-4571\" src=\"https:\/\/www.vsacomunicacion.com\/wp-content\/uploads\/2019\/01\/lona-publicitaria-barcelona-puerta-del-angel-adidas-noche-vsa-comunicacion.jpg\" alt=\"lona-publicitaria-barcelona-puerta-del-angel-adidas-noche-vsa-comunicacion\" width=\"884\" height=\"626\" srcset=\"https:\/\/www.vsacomunicacion.com\/wp-content\/uploads\/2019\/01\/lona-publicitaria-barcelona-puerta-del-angel-adidas-noche-vsa-comunicacion.jpg 884w, https:\/\/www.vsacomunicacion.com\/wp-content\/uploads\/2019\/01\/lona-publicitaria-barcelona-puerta-del-angel-adidas-noche-vsa-comunicacion-300x212.jpg 300w, https:\/\/www.vsacomunicacion.com\/wp-content\/uploads\/2019\/01\/lona-publicitaria-barcelona-puerta-del-angel-adidas-noche-vsa-comunicacion-768x544.jpg 768w\" sizes=\"(max-width: 884px) 100vw, 884px\" \/><\/a><\/p>\n<p style=\"text-align: justify;\">Con el modelo <strong>CONTINENTAL 80<\/strong> de <strong>ADIDAS<\/strong> se recupera el estilo retro de los 80!! Una zapatilla de piel y ca\u00f1a baja atemporal que presenta un dise\u00f1o cl\u00e1sico con suela de goma y un ribete en contraste en el lateral.<\/p>\n<p style=\"text-align: justify;\">La inserci\u00f3n textil con el nombre de la zapatilla junto a los ojales y el forro de rizo son un gui\u00f1o a la moda ochentera. Y la suela de goma con dibujo independiente en la zona del antepi\u00e9 y el tal\u00f3n incorpora una inserci\u00f3n de EVA que te proporciona una pisada m\u00e1s c\u00f3moda.<\/p>\n<p style=\"text-align: justify;\">Con CONTINENTAL 80 de ADIDAS,\u00a0<em>los 80 vuelven con fuerza!!<\/em><\/p>\n<p style=\"text-align: justify;\">Ah!! Y si\u00a0eres atrevido y te apetece compartir tu\u00a0<em>outfit,\u00a0<\/em>cuelga\u00a0una foto de tu ropa, accesorio o zapatillas favoritas de\u00a0ADIDAS y\u00a0podr\u00e1s aparecer en su &#8220;<em>showcase<\/em>&#8220;. Es importante que\u00a0etiquetes la imagen con @adidas.<\/p>\n","protected":false},"excerpt":{"rendered":"<p>Empezamos este a\u00f1o con mucha energ\u00eda\u00a0e ilusi\u00f3n\u00a0por iniciar nuevos proyectos con nuestros clientes. La marca alemana de calzado y ropa deportiva\u00a0ADIDAS ha elegido el emplazamiento de VSA COMUNICACION ubicado en la Avenida Puerta del \u00c1ngel de Barcelona para presentar su [&hellip;]<\/p>\n","protected":false},"author":3,"featured_media":7736,"comment_status":"open","ping_status":"open","sticky":false,"template":"","format":"standard","meta":{"inline_featured_image":false,"footnotes":""},"categories":[1506,1488],"tags":[1689,1704,1516,1692,1664,1705,1953,1706,1708,1693,1694,1609,1581,1861,1565,1585,1599,1586,1907,1671],"class_list":["post-11826","post","type-post","status-publish","format-standard","has-post-thumbnail","hentry","category-barcelona-en","category-lonas-publicitarias-en","tag-adidas-en","tag-alto-prestigio-publicitario-en","tag-barcelona-en","tag-campana-adidas-en","tag-campana-publicitaria-en","tag-centro-ciudad-en","tag-continental-80-en","tag-emplazamiento-premium-en","tag-formato-espectacular-en","tag-gran-formato-en","tag-gran-notoriedad-en","tag-lonas-publicitarias-2-en","tag-lonas-publicitarias-barcelona-en","tag-plaza-cataluna-en","tag-publicidad-ciudades-en","tag-publicidad-exterior-en","tag-publicidad-gran-formato-en","tag-publicidad-urbana-en","tag-puerta-del-angel-en","tag-trafico-rodado-en"],"_links":{"self":[{"href":"https:\/\/www.vsacomunicacion.com\/en\/wp-json\/wp\/v2\/posts\/11826"}],"collection":[{"href":"https:\/\/www.vsacomunicacion.com\/en\/wp-json\/wp\/v2\/posts"}],"about":[{"href":"https:\/\/www.vsacomunicacion.com\/en\/wp-json\/wp\/v2\/types\/post"}],"author":[{"embeddable":true,"href":"https:\/\/www.vsacomunicacion.com\/en\/wp-json\/wp\/v2\/users\/3"}],"replies":[{"embeddable":true,"href":"https:\/\/www.vsacomunicacion.com\/en\/wp-json\/wp\/v2\/comments?post=11826"}],"version-history":[{"count":0,"href":"https:\/\/www.vsacomunicacion.com\/en\/wp-json\/wp\/v2\/posts\/11826\/revisions"}],"wp:featuredmedia":[{"embeddable":true,"href":"https:\/\/www.vsacomunicacion.com\/en\/wp-json\/wp\/v2\/media\/7736"}],"wp:attachment":[{"href":"https:\/\/www.vsacomunicacion.com\/en\/wp-json\/wp\/v2\/media?parent=11826"}],"wp:term":[{"taxonomy":"category","embeddable":true,"href":"https:\/\/www.vsacomunicacion.com\/en\/wp-json\/wp\/v2\/categories?post=11826"},{"taxonomy":"post_tag","embeddable":true,"href":"https:\/\/www.vsacomunicacion.com\/en\/wp-json\/wp\/v2\/tags?post=11826"}],"curies":[{"name":"wp","href":"https:\/\/api.w.org\/{rel}","templated":true}]}}