{"id":11828,"date":"2019-01-25T12:37:37","date_gmt":"2019-01-25T12:37:37","guid":{"rendered":"https:\/\/www.vsacomunicacion.com\/pym-de-autoval-concesionario-volkswagen-en-valencia\/"},"modified":"2019-01-25T12:37:37","modified_gmt":"2019-01-25T12:37:37","slug":"pym-de-autoval-concesionario-volkswagen-en-valencia","status":"publish","type":"post","link":"https:\/\/www.vsacomunicacion.com\/en\/pym-de-autoval-concesionario-volkswagen-en-valencia\/","title":{"rendered":"Pym de AUTOVAL concesionario VOLKSWAGEN en Valencia"},"content":{"rendered":"<p style=\"text-align: justify;\"><strong>AUTOVAL<\/strong>, tu concesionario <strong>VOLKSWAGEN<\/strong> oficial en <strong>Valencia<\/strong>, se encuentra a escasos 200 metros de la <strong>pym<\/strong> de VSA COMUNICACION ubicada en la Avenida del Puerto, 120 de Valencia. La proximidad entre ambos puntos hace de este emplazamiento \u00fanico y perfecto para, a trav\u00e9s del medio de publicidad exterior, informar a los transe\u00fantes de la\u00a0localizaci\u00f3n\u00a0del concesionario.<\/p>\n<p><a href=\"https:\/\/www.vsacomunicacion.com\/wp-content\/uploads\/2019\/02\/pym-valencia-avenida-del-puerto-120-volkswagen-autoval-cerca-vsa-comunicacion.jpg\" rel=\"attachment wp-att-4659\"><img fetchpriority=\"high\" decoding=\"async\" class=\"aligncenter size-full wp-image-4659\" src=\"https:\/\/www.vsacomunicacion.com\/wp-content\/uploads\/2019\/02\/pym-valencia-avenida-del-puerto-120-volkswagen-autoval-cerca-vsa-comunicacion.jpg\" alt=\"pym-valencia-avenida-del-puerto-120-volkswagen-autoval-cerca-vsa-comunicacion\" width=\"884\" height=\"626\" srcset=\"https:\/\/www.vsacomunicacion.com\/wp-content\/uploads\/2019\/02\/pym-valencia-avenida-del-puerto-120-volkswagen-autoval-cerca-vsa-comunicacion.jpg 884w, https:\/\/www.vsacomunicacion.com\/wp-content\/uploads\/2019\/02\/pym-valencia-avenida-del-puerto-120-volkswagen-autoval-cerca-vsa-comunicacion-300x212.jpg 300w, https:\/\/www.vsacomunicacion.com\/wp-content\/uploads\/2019\/02\/pym-valencia-avenida-del-puerto-120-volkswagen-autoval-cerca-vsa-comunicacion-768x544.jpg 768w\" sizes=\"(max-width: 884px) 100vw, 884px\" \/><\/a><\/p>\n<p style=\"text-align: justify;\"><strong>AUTOVAL<\/strong> forma parte del grupo VOLKSWAGEN GROUP RETAIL SPAIN\u00a0realizando actividades de comercializaci\u00f3n de productos y servicios de la marca VOLKSWAGEN para la ciudad de Valencia y su entorno geogr\u00e1fico.<\/p>\n<p style=\"text-align: justify;\">La calidad de sus productos y servicios, en continua evoluci\u00f3n junto a la marca, y la satisfacci\u00f3n de sus clientes, constituye para la empresa su objetivo prioritario.<\/p>\n<p style=\"text-align: justify;\"><a href=\"https:\/\/www.vsacomunicacion.com\/wp-content\/uploads\/2019\/02\/pym-valencia-avenida-del-puerto-120-volkswagen-autoval-lejos-vsa-comunicacion.jpg\" rel=\"attachment wp-att-4660\"><img decoding=\"async\" class=\"aligncenter size-full wp-image-4660\" src=\"https:\/\/www.vsacomunicacion.com\/wp-content\/uploads\/2019\/02\/pym-valencia-avenida-del-puerto-120-volkswagen-autoval-lejos-vsa-comunicacion.jpg\" alt=\"pym-valencia-avenida-del-puerto-120-volkswagen-autoval-lejos-vsa-comunicacion\" width=\"884\" height=\"626\" srcset=\"https:\/\/www.vsacomunicacion.com\/wp-content\/uploads\/2019\/02\/pym-valencia-avenida-del-puerto-120-volkswagen-autoval-lejos-vsa-comunicacion.jpg 884w, https:\/\/www.vsacomunicacion.com\/wp-content\/uploads\/2019\/02\/pym-valencia-avenida-del-puerto-120-volkswagen-autoval-lejos-vsa-comunicacion-300x212.jpg 300w, https:\/\/www.vsacomunicacion.com\/wp-content\/uploads\/2019\/02\/pym-valencia-avenida-del-puerto-120-volkswagen-autoval-lejos-vsa-comunicacion-768x544.jpg 768w\" sizes=\"(max-width: 884px) 100vw, 884px\" \/><\/a><\/p>\n<p style=\"text-align: justify;\">En tu concesionario VOLKSWAGEN en Valencia,<strong> AUTOVAL<\/strong>, encontrar\u00e1s un gran stock de veh\u00edculos de ocasi\u00f3n, revisados y garantizados, provenientes de uso interno y direcci\u00f3n. Tambi\u00e9n una amplia flota de veh\u00edculos de demostraci\u00f3n y sustituci\u00f3n. Y, para las empresas, cuentan con un departamento especializado en soluciones de financiaci\u00f3n, renting y leasing.<\/p>\n<p style=\"text-align: justify;\">Y si lo que te preocupan son las posibles reparaciones, tranquilo, AUTOVAL cuenta con un fant\u00e1stico taller mec\u00e1nico, que tambi\u00e9n incluye los servicios de chapa y pintura, con un profesionales certificados por la marca y siempre formados con los \u00faltimos avances t\u00e9cnicos del sector.<\/p>\n<p style=\"text-align: justify;\"><em>En AUTOVAL siempre buscan las mejor soluci\u00f3n adaptada a ti!!<\/em><\/p>\n","protected":false},"excerpt":{"rendered":"<p>AUTOVAL, tu concesionario VOLKSWAGEN oficial en Valencia, se encuentra a escasos 200 metros de la pym de VSA COMUNICACION ubicada en la Avenida del Puerto, 120 de Valencia. La proximidad entre ambos puntos hace de este emplazamiento \u00fanico y perfecto [&hellip;]<\/p>\n","protected":false},"author":3,"featured_media":7755,"comment_status":"open","ping_status":"open","sticky":false,"template":"","format":"standard","meta":{"inline_featured_image":false,"footnotes":""},"categories":[1593,1640],"tags":[1704,1954,1664,1705,1693,1694,1565,1585,1599,1586,1676,1934,1671,1645,1955,1956],"class_list":["post-11828","post","type-post","status-publish","format-standard","has-post-thumbnail","hentry","category-pyms-en","category-valencia-en","tag-alto-prestigio-publicitario-en","tag-autoval-en","tag-campana-publicitaria-en","tag-centro-ciudad-en","tag-gran-formato-en","tag-gran-notoriedad-en","tag-publicidad-ciudades-en","tag-publicidad-exterior-en","tag-publicidad-gran-formato-en","tag-publicidad-urbana-en","tag-pyms-2-en","tag-pyms-valencia-en","tag-trafico-rodado-en","tag-valencia-en","tag-volkswagen-en","tag-volkswagen-group-retail-spain-en"],"_links":{"self":[{"href":"https:\/\/www.vsacomunicacion.com\/en\/wp-json\/wp\/v2\/posts\/11828"}],"collection":[{"href":"https:\/\/www.vsacomunicacion.com\/en\/wp-json\/wp\/v2\/posts"}],"about":[{"href":"https:\/\/www.vsacomunicacion.com\/en\/wp-json\/wp\/v2\/types\/post"}],"author":[{"embeddable":true,"href":"https:\/\/www.vsacomunicacion.com\/en\/wp-json\/wp\/v2\/users\/3"}],"replies":[{"embeddable":true,"href":"https:\/\/www.vsacomunicacion.com\/en\/wp-json\/wp\/v2\/comments?post=11828"}],"version-history":[{"count":0,"href":"https:\/\/www.vsacomunicacion.com\/en\/wp-json\/wp\/v2\/posts\/11828\/revisions"}],"wp:featuredmedia":[{"embeddable":true,"href":"https:\/\/www.vsacomunicacion.com\/en\/wp-json\/wp\/v2\/media\/7755"}],"wp:attachment":[{"href":"https:\/\/www.vsacomunicacion.com\/en\/wp-json\/wp\/v2\/media?parent=11828"}],"wp:term":[{"taxonomy":"category","embeddable":true,"href":"https:\/\/www.vsacomunicacion.com\/en\/wp-json\/wp\/v2\/categories?post=11828"},{"taxonomy":"post_tag","embeddable":true,"href":"https:\/\/www.vsacomunicacion.com\/en\/wp-json\/wp\/v2\/tags?post=11828"}],"curies":[{"name":"wp","href":"https:\/\/api.w.org\/{rel}","templated":true}]}}