{"id":11830,"date":"2019-01-17T15:54:15","date_gmt":"2019-01-17T15:54:15","guid":{"rendered":"https:\/\/www.vsacomunicacion.com\/lona-publicitaria-de-mumm-patrocinador-de-la-mbfw-madrid\/"},"modified":"2019-01-17T15:54:15","modified_gmt":"2019-01-17T15:54:15","slug":"lona-publicitaria-de-mumm-patrocinador-de-la-mbfw-madrid","status":"publish","type":"post","link":"https:\/\/www.vsacomunicacion.com\/en\/lona-publicitaria-de-mumm-patrocinador-de-la-mbfw-madrid\/","title":{"rendered":"Lona Publicitaria de MUMM, patrocinador de la MBFW Madrid"},"content":{"rendered":"<p style=\"text-align: justify;\">Empieza la cuenta atr\u00e1s para la 69\u00aa edici\u00f3n de la<strong> Mercedes-Benz Fashion Week Madrid<\/strong> y la prestigiosa firma de champagne<strong> G.H.MUMM<\/strong>, patrocinador oficial de una de las\u00a0citas de moda m\u00e1s importantes y esperadas del panorama internacional, y ha querido brindar su homenaje particular a este fabuloso evento con una espectacular<strong> lona publicitaria<\/strong> en el emplazamiento de <strong>VSA COMUNICACION<\/strong>\u00a0de la calle Alcal\u00e1 de <strong>Madrid<\/strong>.<\/p>\n<p style=\"text-align: justify;\"><a href=\"https:\/\/www.vsacomunicacion.com\/wp-content\/uploads\/2019\/01\/lona-publicitaria-madrid-alcala-43-mumm-mercedes-benz-fashion-week-noche-vsa-comunicacion.jpg\" rel=\"attachment wp-att-4554\"><img fetchpriority=\"high\" decoding=\"async\" class=\"aligncenter size-full wp-image-4554\" src=\"https:\/\/www.vsacomunicacion.com\/wp-content\/uploads\/2019\/01\/lona-publicitaria-madrid-alcala-43-mumm-mercedes-benz-fashion-week-noche-vsa-comunicacion.jpg\" alt=\"lona-publicitaria-madrid-alcala-43-mumm-mercedes-benz-fashion-week-noche-vsa-comunicacion\" width=\"884\" height=\"626\" srcset=\"https:\/\/www.vsacomunicacion.com\/wp-content\/uploads\/2019\/01\/lona-publicitaria-madrid-alcala-43-mumm-mercedes-benz-fashion-week-noche-vsa-comunicacion.jpg 884w, https:\/\/www.vsacomunicacion.com\/wp-content\/uploads\/2019\/01\/lona-publicitaria-madrid-alcala-43-mumm-mercedes-benz-fashion-week-noche-vsa-comunicacion-300x212.jpg 300w, https:\/\/www.vsacomunicacion.com\/wp-content\/uploads\/2019\/01\/lona-publicitaria-madrid-alcala-43-mumm-mercedes-benz-fashion-week-noche-vsa-comunicacion-768x544.jpg 768w\" sizes=\"(max-width: 884px) 100vw, 884px\" \/><\/a><\/p>\n<p style=\"font-weight: 400; text-align: justify;\">Los visitantes m\u00e1s\u00a0atrevidos que quieran vivir una experiencia diferente y divertida tendr\u00e1n una cita obligada en el espacio <strong>G.H.MUMM<\/strong>, en el Cibelespacio, \u00e1rea que rodea las dos pasarelas del pabell\u00f3n 14.1, donde se desarrollan diariamente la mayor\u00eda de los desfiles. Podr\u00e1n hacerse una foto, etiquetar a @ghmumm_es y #DareWinCelebrate y mencionar a un amigo para entrar en un sorteo de dos entradas para disfrutar de la zona m\u00e1s VIP de la pasarela, el Kissing Room, junto a los dise\u00f1adores, modelos y celebrities.<\/p>\n<p style=\"font-weight: 400; text-align: justify;\">Todos los que tengan acceso a este espacio, podr\u00e1n festejar y brindar con la botella ic\u00f3nica de la casa, G.H.MUMM CORDON ROUGE BRUT, en la sorprendente ambientaci\u00f3n de m\u00e1s de 70 metros cuadrados que G.H.MUMM ha creado en esta \u00e1rea. Su decoraci\u00f3n incluir\u00e1 una trasera que simular\u00e1 la espuma del champagne en movimiento y adem\u00e1s una zona\u00a0<em>chill,<\/em>\u00a0para poder descansar por un rato de las maratonianas jornadas de desfiles mientras disfrutan de una copa de champagne y unas palomitas reci\u00e9n hechas.<a href=\"https:\/\/www.vsacomunicacion.com\/wp-content\/uploads\/2019\/01\/lona-publicitaria-madrid-alcala-43-mumm-mercedes-benz-fashion-week-dia-vsa-comunicacion.jpg\" rel=\"attachment wp-att-4562\"><br \/>\n<\/a><\/p>\n<p style=\"font-weight: 400; text-align: justify;\"><a href=\"https:\/\/www.vsacomunicacion.com\/wp-content\/uploads\/2019\/01\/lona-publicitaria-madrid-alcala-43-mumm-mercedes-benz-fashion-week-dia-2-vsa-comunicacion.jpg\" rel=\"attachment wp-att-4566\"><img decoding=\"async\" class=\"aligncenter size-full wp-image-4566\" src=\"https:\/\/www.vsacomunicacion.com\/wp-content\/uploads\/2019\/01\/lona-publicitaria-madrid-alcala-43-mumm-mercedes-benz-fashion-week-dia-2-vsa-comunicacion.jpg\" alt=\"lona-publicitaria-madrid-alcala-43-mumm-mercedes-benz-fashion-week-dia-2-vsa-comunicacion\" width=\"884\" height=\"626\" srcset=\"https:\/\/www.vsacomunicacion.com\/wp-content\/uploads\/2019\/01\/lona-publicitaria-madrid-alcala-43-mumm-mercedes-benz-fashion-week-dia-2-vsa-comunicacion.jpg 884w, https:\/\/www.vsacomunicacion.com\/wp-content\/uploads\/2019\/01\/lona-publicitaria-madrid-alcala-43-mumm-mercedes-benz-fashion-week-dia-2-vsa-comunicacion-300x212.jpg 300w, https:\/\/www.vsacomunicacion.com\/wp-content\/uploads\/2019\/01\/lona-publicitaria-madrid-alcala-43-mumm-mercedes-benz-fashion-week-dia-2-vsa-comunicacion-768x544.jpg 768w\" sizes=\"(max-width: 884px) 100vw, 884px\" \/><\/a><\/p>\n<p style=\"font-weight: 400; text-align: justify;\">Del 24 al 29 de enero Madrid se llenar\u00e1 de glamour, focos, dise\u00f1os y diversi\u00f3n. Y, en esta ocasi\u00f3n y por primera vez,<strong> G.H.MUMM<\/strong> descorchar\u00e1 sus burbujas durante la semana de la moda de la Mercedes-Benz Fashion Week Madrid,<\/p>\n<p style=\"text-align: justify;\">Con este patrocinio, G.H.MUMM se acerca al mundo de la moda y apuesta por el talento nacional, mostrando una vez m\u00e1s su apoyo incondicional al arte, a la vanguardia y\u00a0 a su compromiso constante por romper con los convencionalismos para hacer crecer el arte en todas sus facetas.<\/p>\n<p style=\"text-align: justify;\">Tal y como se publica en la misma web de la <a href=\"http:\/\/mbfwmadrid.ifema.es\/press-centre\/?identificador=INS_123175\" target=\"_blank\" rel=\"noopener\">MBFW<\/a> de Madrid.<\/p>\n","protected":false},"excerpt":{"rendered":"<p>Empieza la cuenta atr\u00e1s para la 69\u00aa edici\u00f3n de la Mercedes-Benz Fashion Week Madrid y la prestigiosa firma de champagne G.H.MUMM, patrocinador oficial de una de las\u00a0citas de moda m\u00e1s importantes y esperadas del panorama internacional, y ha querido brindar [&hellip;]<\/p>\n","protected":false},"author":3,"featured_media":7729,"comment_status":"open","ping_status":"open","sticky":false,"template":"","format":"standard","meta":{"inline_featured_image":false,"footnotes":""},"categories":[1488,1489],"tags":[1957,1958,1552,1704,1664,1959,1705,1706,1701,1708,1960,1694,1619,1609,1611,1499,1961,1962,1565,1585,1599,1586,1671],"class_list":["post-11830","post","type-post","status-publish","format-standard","has-post-thumbnail","hentry","category-lonas-publicitarias-en","category-madrid-en","tag-ghmumm_es-en","tag-darewincelebrate-en","tag-alcala-en","tag-alto-prestigio-publicitario-en","tag-campana-publicitaria-en","tag-campana-publicitaria-g-h-mumm-en","tag-centro-ciudad-en","tag-emplazamiento-premium-en","tag-espectacular-en","tag-formato-espectacular-en","tag-g-h-mumm-en","tag-gran-notoriedad-en","tag-gran-via-en","tag-lonas-publicitarias-2-en","tag-lonas-publicitarias-madrid-en","tag-madrid-en","tag-mbfw-en","tag-mercedes-benz-fashion-week-madrid-en","tag-publicidad-ciudades-en","tag-publicidad-exterior-en","tag-publicidad-gran-formato-en","tag-publicidad-urbana-en","tag-trafico-rodado-en"],"_links":{"self":[{"href":"https:\/\/www.vsacomunicacion.com\/en\/wp-json\/wp\/v2\/posts\/11830"}],"collection":[{"href":"https:\/\/www.vsacomunicacion.com\/en\/wp-json\/wp\/v2\/posts"}],"about":[{"href":"https:\/\/www.vsacomunicacion.com\/en\/wp-json\/wp\/v2\/types\/post"}],"author":[{"embeddable":true,"href":"https:\/\/www.vsacomunicacion.com\/en\/wp-json\/wp\/v2\/users\/3"}],"replies":[{"embeddable":true,"href":"https:\/\/www.vsacomunicacion.com\/en\/wp-json\/wp\/v2\/comments?post=11830"}],"version-history":[{"count":0,"href":"https:\/\/www.vsacomunicacion.com\/en\/wp-json\/wp\/v2\/posts\/11830\/revisions"}],"wp:featuredmedia":[{"embeddable":true,"href":"https:\/\/www.vsacomunicacion.com\/en\/wp-json\/wp\/v2\/media\/7729"}],"wp:attachment":[{"href":"https:\/\/www.vsacomunicacion.com\/en\/wp-json\/wp\/v2\/media?parent=11830"}],"wp:term":[{"taxonomy":"category","embeddable":true,"href":"https:\/\/www.vsacomunicacion.com\/en\/wp-json\/wp\/v2\/categories?post=11830"},{"taxonomy":"post_tag","embeddable":true,"href":"https:\/\/www.vsacomunicacion.com\/en\/wp-json\/wp\/v2\/tags?post=11830"}],"curies":[{"name":"wp","href":"https:\/\/api.w.org\/{rel}","templated":true}]}}