{"id":11839,"date":"2019-01-05T15:22:51","date_gmt":"2019-01-05T15:22:51","guid":{"rendered":"https:\/\/www.vsacomunicacion.com\/lona-publicitaria-del-banco-sabadell-en-madrid\/"},"modified":"2019-01-05T15:22:51","modified_gmt":"2019-01-05T15:22:51","slug":"lona-publicitaria-del-banco-sabadell-en-madrid","status":"publish","type":"post","link":"https:\/\/www.vsacomunicacion.com\/en\/lona-publicitaria-del-banco-sabadell-en-madrid\/","title":{"rendered":"Lona Publicitaria del BANCO SABADELL en Madrid"},"content":{"rendered":"<p style=\"text-align: justify;\">Magn\u00edfica<strong> lona publicitaria<\/strong> de <strong>BANCO SABADELL<\/strong> en el emplazamiento de<strong> VSA COMUNICACION<\/strong> en la Calle Mayor de <strong>Madrid<\/strong> para la presentaci\u00f3n de la campa\u00f1a de publicidad exterior en la que el n\u00famero 1 y el 1.620 del r\u00e1nking ATP, el tenista mallorqu\u00edn Rafa Nadal y el asturiano Roberto Men\u00e9ndez respectivamente, participan en el tercer debate sobre &#8220;futuros&#8221; (#SabadellFuturos) organizado por la entidad bancaria.<\/p>\n<p><a href=\"https:\/\/www.vsacomunicacion.com\/wp-content\/uploads\/2019\/01\/lona-publicitaria-madrid-mayor-44-banco-sabadell-noche-vsa-comunicacion.jpg\" rel=\"attachment wp-att-4443\"><img fetchpriority=\"high\" decoding=\"async\" class=\"aligncenter size-full wp-image-4443\" src=\"https:\/\/www.vsacomunicacion.com\/wp-content\/uploads\/2019\/01\/lona-publicitaria-madrid-mayor-44-banco-sabadell-noche-vsa-comunicacion.jpg\" alt=\"lona-publicitaria-madrid-mayor-44-banco-sabadell-noche-vsa-comunicacion\" width=\"884\" height=\"626\" srcset=\"https:\/\/www.vsacomunicacion.com\/wp-content\/uploads\/2019\/01\/lona-publicitaria-madrid-mayor-44-banco-sabadell-noche-vsa-comunicacion.jpg 884w, https:\/\/www.vsacomunicacion.com\/wp-content\/uploads\/2019\/01\/lona-publicitaria-madrid-mayor-44-banco-sabadell-noche-vsa-comunicacion-300x212.jpg 300w, https:\/\/www.vsacomunicacion.com\/wp-content\/uploads\/2019\/01\/lona-publicitaria-madrid-mayor-44-banco-sabadell-noche-vsa-comunicacion-768x544.jpg 768w\" sizes=\"(max-width: 884px) 100vw, 884px\" \/><\/a><\/p>\n<p style=\"text-align: justify;\">El pasado 20 de septiembre BANCO SABADELL consigu\u00f3 reunir en una misma mesa a los dos tenistas\u00a0participando\u00a0en directo en el tercer debate y opinaron, dando su propia opini\u00f3n y experiencia y, debatieron junto a otros participantes, sobre nuestro futuro: \u00bfPodemos controlar nuestro futuro? \u00bfEst\u00e1 escrito en los genes? \u00bfO es cuesti\u00f3n de suerte? Estas son algunas de las preguntas que se formularon.<\/p>\n<p>Pod\u00e9is disfrutar de este estupendo debate accediendo al <a href=\"https:\/\/futuros.bancosabadell.com\/\" target=\"_blank\" rel=\"noopener\">link<\/a><\/p>\n<p><a href=\"https:\/\/www.vsacomunicacion.com\/wp-content\/uploads\/2019\/01\/lona-publicitaria-madrid-mayor-44-banco-sabadell-dia-vsa-comunicacion.jpg\" rel=\"attachment wp-att-4441\"><img decoding=\"async\" class=\"aligncenter size-full wp-image-4441\" src=\"https:\/\/www.vsacomunicacion.com\/wp-content\/uploads\/2019\/01\/lona-publicitaria-madrid-mayor-44-banco-sabadell-dia-vsa-comunicacion.jpg\" alt=\"lona-publicitaria-madrid-mayor-44-banco-sabadell-dia-vsa-comunicacion\" width=\"884\" height=\"626\" srcset=\"https:\/\/www.vsacomunicacion.com\/wp-content\/uploads\/2019\/01\/lona-publicitaria-madrid-mayor-44-banco-sabadell-dia-vsa-comunicacion.jpg 884w, https:\/\/www.vsacomunicacion.com\/wp-content\/uploads\/2019\/01\/lona-publicitaria-madrid-mayor-44-banco-sabadell-dia-vsa-comunicacion-300x212.jpg 300w, https:\/\/www.vsacomunicacion.com\/wp-content\/uploads\/2019\/01\/lona-publicitaria-madrid-mayor-44-banco-sabadell-dia-vsa-comunicacion-768x544.jpg 768w\" sizes=\"(max-width: 884px) 100vw, 884px\" \/><\/a><\/p>\n<p style=\"text-align: justify;\">De este debate extraemos pensamientos, como \u00e9stos de Rafa Nadal: &#8220;Es muy dif\u00edcil planificar el futuro, pero s\u00ed que es importante tener objetivos en tu vida que te ayudan en el d\u00eda a d\u00eda&#8221; y &#8220;Ser un triunfador en la vida no es ser un s\u00faper destacado en cualquier cosa, sino tener la capacidad de superarse a uno mismo, de ser feliz, y se puede conseguir dicha felicidad con salud, marc\u00e1ndose un objetivo y conseguirlo, objetivos que no tienen porqu\u00e9 ser s\u00faper ambiciosos&#8221;.<\/p>\n<p style=\"text-align: justify;\">Otra frase que nos gustar\u00eda destacar es la de Jon Sistiga, periodista espa\u00f1ol invitado al debate, &#8220;La buena o mala suerte no te llega\u00a0al sof\u00e1 de tu casa&#8221;.<\/p>\n<p style=\"text-align: justify;\"><em>Hay muchos futuros posibles. \u00bfCrees que podr\u00edas decidir el tuyo? #SabadellFuturos<\/em><\/p>\n","protected":false},"excerpt":{"rendered":"<p>Magn\u00edfica lona publicitaria de BANCO SABADELL en el emplazamiento de VSA COMUNICACION en la Calle Mayor de Madrid para la presentaci\u00f3n de la campa\u00f1a de publicidad exterior en la que el n\u00famero 1 y el 1.620 del r\u00e1nking ATP, el [&hellip;]<\/p>\n","protected":false},"author":3,"featured_media":7697,"comment_status":"open","ping_status":"open","sticky":false,"template":"","format":"standard","meta":{"inline_featured_image":false,"footnotes":""},"categories":[1488,1489],"tags":[1965,1704,1966,1664,1705,1706,1701,1708,1693,1694,1609,1611,1499,1565,1585,1599,1586,1618,1967,1671],"class_list":["post-11839","post","type-post","status-publish","format-standard","has-post-thumbnail","hentry","category-lonas-publicitarias-en","category-madrid-en","tag-sabadellfuturos-en","tag-alto-prestigio-publicitario-en","tag-banco-sabadell-en","tag-campana-publicitaria-en","tag-centro-ciudad-en","tag-emplazamiento-premium-en","tag-espectacular-en","tag-formato-espectacular-en","tag-gran-formato-en","tag-gran-notoriedad-en","tag-lonas-publicitarias-2-en","tag-lonas-publicitarias-madrid-en","tag-madrid-en","tag-publicidad-ciudades-en","tag-publicidad-exterior-en","tag-publicidad-gran-formato-en","tag-publicidad-urbana-en","tag-rafa-nadal-en","tag-roberto-menendez-en","tag-trafico-rodado-en"],"_links":{"self":[{"href":"https:\/\/www.vsacomunicacion.com\/en\/wp-json\/wp\/v2\/posts\/11839"}],"collection":[{"href":"https:\/\/www.vsacomunicacion.com\/en\/wp-json\/wp\/v2\/posts"}],"about":[{"href":"https:\/\/www.vsacomunicacion.com\/en\/wp-json\/wp\/v2\/types\/post"}],"author":[{"embeddable":true,"href":"https:\/\/www.vsacomunicacion.com\/en\/wp-json\/wp\/v2\/users\/3"}],"replies":[{"embeddable":true,"href":"https:\/\/www.vsacomunicacion.com\/en\/wp-json\/wp\/v2\/comments?post=11839"}],"version-history":[{"count":0,"href":"https:\/\/www.vsacomunicacion.com\/en\/wp-json\/wp\/v2\/posts\/11839\/revisions"}],"wp:featuredmedia":[{"embeddable":true,"href":"https:\/\/www.vsacomunicacion.com\/en\/wp-json\/wp\/v2\/media\/7697"}],"wp:attachment":[{"href":"https:\/\/www.vsacomunicacion.com\/en\/wp-json\/wp\/v2\/media?parent=11839"}],"wp:term":[{"taxonomy":"category","embeddable":true,"href":"https:\/\/www.vsacomunicacion.com\/en\/wp-json\/wp\/v2\/categories?post=11839"},{"taxonomy":"post_tag","embeddable":true,"href":"https:\/\/www.vsacomunicacion.com\/en\/wp-json\/wp\/v2\/tags?post=11839"}],"curies":[{"name":"wp","href":"https:\/\/api.w.org\/{rel}","templated":true}]}}