{"id":11841,"date":"2019-01-02T15:21:14","date_gmt":"2019-01-02T15:21:14","guid":{"rendered":"https:\/\/www.vsacomunicacion.com\/pym-de-automoviles-palma-en-valencia\/"},"modified":"2019-01-02T15:21:14","modified_gmt":"2019-01-02T15:21:14","slug":"pym-de-automoviles-palma-en-valencia","status":"publish","type":"post","link":"https:\/\/www.vsacomunicacion.com\/en\/pym-de-automoviles-palma-en-valencia\/","title":{"rendered":"Pym de AUTOMOVILES PALMA en Valencia"},"content":{"rendered":"<p style=\"text-align: justify;\"><strong>VSA COMUNICACION<\/strong> dispone de un Circuito de<strong> PYM&#8217;s<\/strong> a Nivel Nacional, compuesto por varios emplazamientos en las principales ciudades del pa\u00eds. Dentro del circuito de la ciudad de<strong> Valencia<\/strong> se encuentra el emplazamiento ubicado en la Avenida Baleares, direcci\u00f3n al centro de la ciudad, una de las v\u00edas m\u00e1s importantes\u00a0y transitadas, cercano al Club de Tenis y\u00a0a varios hoteles y Centros Comerciales.<\/p>\n<p style=\"text-align: justify;\">Este soporte publicitario se encuentra a escasos 500 metros del concesionario <strong>FORD PALMA<\/strong>, emplazado en la calle R\u00edo Escalona, de aqu\u00ed que sea un emplazamiento id\u00f3neo para anunciar la proximidad del taller y conseguir una\u00a0inmejorable campa\u00f1a de publicidad exterior.<\/p>\n<p><a href=\"https:\/\/www.vsacomunicacion.com\/wp-content\/uploads\/2019\/02\/pym-valencia-avenida-baleares-67-automoviles-palma-ford-vsa-comunicacion.jpg\" rel=\"attachment wp-att-4642\"><img fetchpriority=\"high\" decoding=\"async\" class=\"aligncenter size-full wp-image-4642\" src=\"https:\/\/www.vsacomunicacion.com\/wp-content\/uploads\/2019\/02\/pym-valencia-avenida-baleares-67-automoviles-palma-ford-vsa-comunicacion.jpg\" alt=\"pym-valencia-avenida-baleares-67-automoviles-palma-ford-vsa-comunicacion\" width=\"884\" height=\"626\" srcset=\"https:\/\/www.vsacomunicacion.com\/wp-content\/uploads\/2019\/02\/pym-valencia-avenida-baleares-67-automoviles-palma-ford-vsa-comunicacion.jpg 884w, https:\/\/www.vsacomunicacion.com\/wp-content\/uploads\/2019\/02\/pym-valencia-avenida-baleares-67-automoviles-palma-ford-vsa-comunicacion-300x212.jpg 300w, https:\/\/www.vsacomunicacion.com\/wp-content\/uploads\/2019\/02\/pym-valencia-avenida-baleares-67-automoviles-palma-ford-vsa-comunicacion-768x544.jpg 768w\" sizes=\"(max-width: 884px) 100vw, 884px\" \/><\/a><\/p>\n<p style=\"text-align: justify;\">En Valencia, AUTOMOVILES PALMA pone a su servicio un Servicio Oficial Premium FORD con m\u00e1s de 1.500m\u00b2 y el m\u00e1s completo servicio t\u00e9cnico y humano para su coche con su concesionario <strong>FORD PALMA<\/strong>.<\/p>\n<p style=\"text-align: justify;\">En\u00a0sus exposiciones de veh\u00edculos nuevos FORD, encontrar\u00e1 una gama de coches modernos y seguros que se adaptan a todas las necesidades. En la exposici\u00f3n de veh\u00edculos industriales encontrar\u00e1 el compa\u00f1ero de trabajo ideal. Y en la exposici\u00f3n de veh\u00edculos seminuevos y Km.0 encontrar\u00e1 las mejores oportunidades para cualquier bolsillo.<\/p>\n<p style=\"text-align: justify;\">Y para mantener su coche al d\u00eda nada mejor que\u00a0sus talleres.<\/p>\n<p style=\"text-align: justify;\">Pida una cita previa en FORD PALMA por tel\u00e9fono o a trav\u00e9s de su p\u00e1gina <a href=\"https:\/\/automovilespalma.es\/instalacion\/instalacion-valencia-c-rio-escalona-19\/\" target=\"_blank\" rel=\"noopener\">web<\/a> y sus magn\u00edficos profesionales le atender\u00e1n encantados.<\/p>\n","protected":false},"excerpt":{"rendered":"<p>VSA COMUNICACION dispone de un Circuito de PYM&#8217;s a Nivel Nacional, compuesto por varios emplazamientos en las principales ciudades del pa\u00eds. Dentro del circuito de la ciudad de Valencia se encuentra el emplazamiento ubicado en la Avenida Baleares, direcci\u00f3n al [&hellip;]<\/p>\n","protected":false},"author":3,"featured_media":7751,"comment_status":"open","ping_status":"open","sticky":false,"template":"","format":"standard","meta":{"inline_featured_image":false,"footnotes":""},"categories":[1593,1640],"tags":[1704,1968,1664,1705,1969,1970,1693,1694,1565,1585,1599,1586,1676,1934,1671,1645],"class_list":["post-11841","post","type-post","status-publish","format-standard","has-post-thumbnail","hentry","category-pyms-en","category-valencia-en","tag-alto-prestigio-publicitario-en","tag-automoviles-palma-en","tag-campana-publicitaria-en","tag-centro-ciudad-en","tag-ford-en","tag-ford-palma-en","tag-gran-formato-en","tag-gran-notoriedad-en","tag-publicidad-ciudades-en","tag-publicidad-exterior-en","tag-publicidad-gran-formato-en","tag-publicidad-urbana-en","tag-pyms-2-en","tag-pyms-valencia-en","tag-trafico-rodado-en","tag-valencia-en"],"_links":{"self":[{"href":"https:\/\/www.vsacomunicacion.com\/en\/wp-json\/wp\/v2\/posts\/11841"}],"collection":[{"href":"https:\/\/www.vsacomunicacion.com\/en\/wp-json\/wp\/v2\/posts"}],"about":[{"href":"https:\/\/www.vsacomunicacion.com\/en\/wp-json\/wp\/v2\/types\/post"}],"author":[{"embeddable":true,"href":"https:\/\/www.vsacomunicacion.com\/en\/wp-json\/wp\/v2\/users\/3"}],"replies":[{"embeddable":true,"href":"https:\/\/www.vsacomunicacion.com\/en\/wp-json\/wp\/v2\/comments?post=11841"}],"version-history":[{"count":0,"href":"https:\/\/www.vsacomunicacion.com\/en\/wp-json\/wp\/v2\/posts\/11841\/revisions"}],"wp:featuredmedia":[{"embeddable":true,"href":"https:\/\/www.vsacomunicacion.com\/en\/wp-json\/wp\/v2\/media\/7751"}],"wp:attachment":[{"href":"https:\/\/www.vsacomunicacion.com\/en\/wp-json\/wp\/v2\/media?parent=11841"}],"wp:term":[{"taxonomy":"category","embeddable":true,"href":"https:\/\/www.vsacomunicacion.com\/en\/wp-json\/wp\/v2\/categories?post=11841"},{"taxonomy":"post_tag","embeddable":true,"href":"https:\/\/www.vsacomunicacion.com\/en\/wp-json\/wp\/v2\/tags?post=11841"}],"curies":[{"name":"wp","href":"https:\/\/api.w.org\/{rel}","templated":true}]}}