{"id":11842,"date":"2019-01-01T08:41:30","date_gmt":"2019-01-01T08:41:30","guid":{"rendered":"https:\/\/www.vsacomunicacion.com\/lona-publicitaria-de-amazon-en-barcelona\/"},"modified":"2019-01-01T08:41:30","modified_gmt":"2019-01-01T08:41:30","slug":"lona-publicitaria-de-amazon-en-barcelona","status":"publish","type":"post","link":"https:\/\/www.vsacomunicacion.com\/en\/lona-publicitaria-de-amazon-en-barcelona\/","title":{"rendered":"Lona Publicitaria de AMAZON en Barcelona"},"content":{"rendered":"<p style=\"text-align: justify;\">Espectacular <strong>lona publicitaria<\/strong> de <strong>AMAZON PRIME VIDEO<\/strong> en el nuevo y c\u00e9ntrico emplazamiento de <strong>VSA COMUNICACI\u00d3N <\/strong>ubicado en la Gran V\u00eda frente el Hotel Palace de Barcelona, a tan solo dos manzanas de la Plaza Catalu\u00f1a y el prestigioso Paseo de Gracia.<\/p>\n<p style=\"text-align: justify;\">Este emplazamiento se caracteriza por sus grandes dimensiones, visibilidad y alto\u00a0tr\u00e1fico peatonal y rodado.<\/p>\n<p><a href=\"https:\/\/www.vsacomunicacion.com\/wp-content\/uploads\/2019\/01\/lona-publicitaria-barcelona-gran-via-corts-catalanes-635-amazon-dia-vsa-comunicacion.jpg\" rel=\"attachment wp-att-4432\"><img fetchpriority=\"high\" decoding=\"async\" class=\"aligncenter size-full wp-image-4432\" src=\"https:\/\/www.vsacomunicacion.com\/wp-content\/uploads\/2019\/01\/lona-publicitaria-barcelona-gran-via-corts-catalanes-635-amazon-dia-vsa-comunicacion.jpg\" alt=\"lona-publicitaria-barcelona-gran-via-corts-catalanes-635-amazon-dia-vsa-comunicacion\" width=\"884\" height=\"626\" srcset=\"https:\/\/www.vsacomunicacion.com\/wp-content\/uploads\/2019\/01\/lona-publicitaria-barcelona-gran-via-corts-catalanes-635-amazon-dia-vsa-comunicacion.jpg 884w, https:\/\/www.vsacomunicacion.com\/wp-content\/uploads\/2019\/01\/lona-publicitaria-barcelona-gran-via-corts-catalanes-635-amazon-dia-vsa-comunicacion-300x212.jpg 300w, https:\/\/www.vsacomunicacion.com\/wp-content\/uploads\/2019\/01\/lona-publicitaria-barcelona-gran-via-corts-catalanes-635-amazon-dia-vsa-comunicacion-768x544.jpg 768w\" sizes=\"(max-width: 884px) 100vw, 884px\" \/><\/a><\/p>\n<p style=\"text-align: justify;\"><strong>AMAZON<\/strong> nos presenta en su incre\u00edble campa\u00f1a de <strong>publicidad exterior<\/strong>\u00a0el lanzamiento de\u00a0<strong>AMAZON PRIME VIDEO<\/strong>, un servicio que\u00a0ofrece a sus suscriptores\u00a0la posibilidad\u00a0de ver pel\u00edculas y series, adem\u00e1s de series Prime Originals como <em>The Grand Tour, Sneaky Pete y The man in the High Castel<\/em>.<\/p>\n<p style=\"text-align: justify;\">Tambi\u00e9n\u00a0se podr\u00e1\u00a0disfrutar de contenido sin conexi\u00f3n con\u00a0la aplicaci\u00f3n PRIME VIDEO\u00a0cuando los descargues en los dispositivos que los usuarios dispongan,\u00a0hasta en tres dispositivos al mismo tiempo.<\/p>\n<p><a href=\"https:\/\/www.vsacomunicacion.com\/wp-content\/uploads\/2019\/01\/lona-publicitaria-barcelona-gran-via-corts-catalanes-635-amazon-noche-vsa-comunicacion.jpg\" rel=\"attachment wp-att-4433\"><img decoding=\"async\" class=\"aligncenter size-full wp-image-4433\" src=\"https:\/\/www.vsacomunicacion.com\/wp-content\/uploads\/2019\/01\/lona-publicitaria-barcelona-gran-via-corts-catalanes-635-amazon-noche-vsa-comunicacion.jpg\" alt=\"lona-publicitaria-barcelona-gran-via-corts-catalanes-635-amazon-noche-vsa-comunicacion\" width=\"884\" height=\"626\" srcset=\"https:\/\/www.vsacomunicacion.com\/wp-content\/uploads\/2019\/01\/lona-publicitaria-barcelona-gran-via-corts-catalanes-635-amazon-noche-vsa-comunicacion.jpg 884w, https:\/\/www.vsacomunicacion.com\/wp-content\/uploads\/2019\/01\/lona-publicitaria-barcelona-gran-via-corts-catalanes-635-amazon-noche-vsa-comunicacion-300x212.jpg 300w, https:\/\/www.vsacomunicacion.com\/wp-content\/uploads\/2019\/01\/lona-publicitaria-barcelona-gran-via-corts-catalanes-635-amazon-noche-vsa-comunicacion-768x544.jpg 768w\" sizes=\"(max-width: 884px) 100vw, 884px\" \/><\/a><\/p>\n<p style=\"text-align: justify;\">Si eres miembro de\u00a0AMAZON PRIME, no lo pienses m\u00e1s!!! Desc\u00e1rgate la aplicaci\u00f3n PRIME VIDEO y empieza a disfrutar de las mejores pel\u00edculas y series del momento sin coste alguno.<\/p>\n<p style=\"text-align: justify;\">Y si no lo eres, es muy f\u00e1cil,\u00a0simplemente\u00a0debes dar tu conformidad e\u00a0inicia el periodo de prueba gratis durante 30 d\u00edas. Y, si quieres, podr\u00e1s continuar disfrutando de todos sus servicios por tan solo 4,99\u20ac al mes una vez finalice el periodo de prueba.<\/p>\n<p style=\"text-align: justify;\">No pierdas ni un minuto, entra ya en\u00a0la\u00a0<a href=\"https:\/\/www.amazon.com\/ap\/signin?accountStatusPolicy=P1&amp;clientContext=257-5394960-7124804&amp;language=es_ES&amp;openid.assoc_handle=amzn_prime_video_desktop_us&amp;openid.claimed_id=http%3A%2F%2Fspecs.openid.net%2Fauth%2F2.0%2Fidentifier_select&amp;openid.identity=http%3A%2F%2Fspecs.openid.net%2Fauth%2F2.0%2Fidentifier_select&amp;openid.mode=checkid_setup&amp;openid.ns=http%3A%2F%2Fspecs.openid.net%2Fauth%2F2.0&amp;openid.ns.pape=http%3A%2F%2Fspecs.openid.net%2Fextensions%2Fpape%2F1.0&amp;openid.pape.max_auth_age=0&amp;openid.return_to=https%3A%2F%2Fwww.primevideo.com%2Fauth%2Freturn%2Fref%3Dav_auth_ap%3F_encoding%3DUTF8%26location%3D%252Fsignup%252Fref%253Ddv_web_auth_no_re_sig%253F_encoding%253DUTF8%2526fromUnrecMLP%253D1\" target=\"_blank\" rel=\"noopener\">web<\/a>\u00a0de AMAZON PRIME y descubre<strong>\u00a0AMAZON PRIME VIDEO!!<\/strong><\/p>\n","protected":false},"excerpt":{"rendered":"<p>Espectacular lona publicitaria de AMAZON PRIME VIDEO en el nuevo y c\u00e9ntrico emplazamiento de VSA COMUNICACI\u00d3N ubicado en la Gran V\u00eda frente el Hotel Palace de Barcelona, a tan solo dos manzanas de la Plaza Catalu\u00f1a y el prestigioso Paseo [&hellip;]<\/p>\n","protected":false},"author":3,"featured_media":7694,"comment_status":"open","ping_status":"open","sticky":false,"template":"","format":"standard","meta":{"inline_featured_image":false,"footnotes":""},"categories":[1506,1488],"tags":[1704,1668,1516,1664,1705,1706,1708,1693,1694,1669,1680,1579,1609,1581,1565,1585,1599,1586,1671],"class_list":["post-11842","post","type-post","status-publish","format-standard","has-post-thumbnail","hentry","category-barcelona-en","category-lonas-publicitarias-en","tag-alto-prestigio-publicitario-en","tag-amazon-prime-video-en","tag-barcelona-en","tag-campana-publicitaria-en","tag-centro-ciudad-en","tag-emplazamiento-premium-en","tag-formato-espectacular-en","tag-gran-formato-en","tag-gran-notoriedad-en","tag-gran-via-de-les-corts-catalanes-en","tag-lona-espectacular-en","tag-lona-gran-formato-en","tag-lonas-publicitarias-2-en","tag-lonas-publicitarias-barcelona-en","tag-publicidad-ciudades-en","tag-publicidad-exterior-en","tag-publicidad-gran-formato-en","tag-publicidad-urbana-en","tag-trafico-rodado-en"],"_links":{"self":[{"href":"https:\/\/www.vsacomunicacion.com\/en\/wp-json\/wp\/v2\/posts\/11842"}],"collection":[{"href":"https:\/\/www.vsacomunicacion.com\/en\/wp-json\/wp\/v2\/posts"}],"about":[{"href":"https:\/\/www.vsacomunicacion.com\/en\/wp-json\/wp\/v2\/types\/post"}],"author":[{"embeddable":true,"href":"https:\/\/www.vsacomunicacion.com\/en\/wp-json\/wp\/v2\/users\/3"}],"replies":[{"embeddable":true,"href":"https:\/\/www.vsacomunicacion.com\/en\/wp-json\/wp\/v2\/comments?post=11842"}],"version-history":[{"count":0,"href":"https:\/\/www.vsacomunicacion.com\/en\/wp-json\/wp\/v2\/posts\/11842\/revisions"}],"wp:featuredmedia":[{"embeddable":true,"href":"https:\/\/www.vsacomunicacion.com\/en\/wp-json\/wp\/v2\/media\/7694"}],"wp:attachment":[{"href":"https:\/\/www.vsacomunicacion.com\/en\/wp-json\/wp\/v2\/media?parent=11842"}],"wp:term":[{"taxonomy":"category","embeddable":true,"href":"https:\/\/www.vsacomunicacion.com\/en\/wp-json\/wp\/v2\/categories?post=11842"},{"taxonomy":"post_tag","embeddable":true,"href":"https:\/\/www.vsacomunicacion.com\/en\/wp-json\/wp\/v2\/tags?post=11842"}],"curies":[{"name":"wp","href":"https:\/\/api.w.org\/{rel}","templated":true}]}}