{"id":11849,"date":"2018-12-20T09:49:32","date_gmt":"2018-12-20T09:49:32","guid":{"rendered":"https:\/\/www.vsacomunicacion.com\/lona-publicitaria-de-douglas-en-madrid\/"},"modified":"2018-12-20T09:49:32","modified_gmt":"2018-12-20T09:49:32","slug":"lona-publicitaria-de-douglas-en-madrid","status":"publish","type":"post","link":"https:\/\/www.vsacomunicacion.com\/en\/lona-publicitaria-de-douglas-en-madrid\/","title":{"rendered":"Lona Publicitaria de DOUGLAS en Madrid"},"content":{"rendered":"<p style=\"text-align: justify;\"><strong>VSA COMUNICACI\u00d3N<\/strong> os presenta, una vez m\u00e1s, uno de los emplazamientos m\u00e1s exclusivos e impactantes que podemos encontrar actualmente en la ciudad de Madrid: la <strong>Plaza\u00a0Col\u00f3n.<\/strong><\/p>\n<p style=\"text-align: justify;\">Tenemos el enorme placer de colaborar, durante este mes de diciembre, con la marca de <strong>Perfumer\u00edas DOUGLAS<\/strong>, para presentarnos su campa\u00f1a de publicidad exterior \u201c<strong><em>BELIEVE IN ANGELS THIS CHRISTMAS<\/em><\/strong>\u201d de la mano de la artista, reconocida internacionalmente,\u00a0<em>Cara Delevingne<\/em>. Gracias a la espectacularidad de esta<strong> lona publicitaria<\/strong> han conseguido captar la atenci\u00f3n del p\u00fablico que les rodea.<\/p>\n<p style=\"text-align: justify;\"><a href=\"https:\/\/www.vsacomunicacion.com\/wp-content\/uploads\/2018\/12\/lona-publicitaria-madrid-colon-1-douglas-noche-2-vsa-comunicacion.jpg\" rel=\"attachment wp-att-4425\"><img fetchpriority=\"high\" decoding=\"async\" class=\"aligncenter size-full wp-image-4425\" src=\"https:\/\/www.vsacomunicacion.com\/wp-content\/uploads\/2018\/12\/lona-publicitaria-madrid-colon-1-douglas-noche-2-vsa-comunicacion.jpg\" alt=\"lona-publicitaria-madrid-colon-1-douglas-noche-2-vsa-comunicacion\" width=\"884\" height=\"626\" srcset=\"https:\/\/www.vsacomunicacion.com\/wp-content\/uploads\/2018\/12\/lona-publicitaria-madrid-colon-1-douglas-noche-2-vsa-comunicacion.jpg 884w, https:\/\/www.vsacomunicacion.com\/wp-content\/uploads\/2018\/12\/lona-publicitaria-madrid-colon-1-douglas-noche-2-vsa-comunicacion-300x212.jpg 300w, https:\/\/www.vsacomunicacion.com\/wp-content\/uploads\/2018\/12\/lona-publicitaria-madrid-colon-1-douglas-noche-2-vsa-comunicacion-768x544.jpg 768w\" sizes=\"(max-width: 884px) 100vw, 884px\" \/><\/a><\/p>\n<p style=\"text-align: justify;\">DOUGLAS es una firma que lleva m\u00e1s de diez a\u00f1os presente en Espa\u00f1a, conocida por ser el aliado en todo lo relacionado a belleza, ofreciendo trucos y tendencias a sus clientes.<\/p>\n<p style=\"text-align: justify;\">En todos los centros <strong>DOUGLAS<\/strong> podr\u00e1s conseguir\u00a0los perfumes, cosm\u00e9ticos, art\u00edculos de cuidado y tratamientos de belleza de las mejores marcas que se encuentran actualmente en el mercado. Adem\u00e1s, sus clientes pueden beneficiarse de los sorteos que realizan habitualmente,\u00a0as\u00ed como de las tarjetas de felicitaci\u00f3n\u00a0para realizar un regalo y, si est\u00e1s suscrito a su newsletter, podr\u00e1s aprovechar las ventajas exclusivas que ofrecen,\u00a0recibiendo informaci\u00f3n peri\u00f3dica sobre las tendencias de belleza y novedades.<\/p>\n<p>Disfruta\u00a0de todas sus novedades y promociones en su pagina web: <a href=\"https:\/\/douglas.es\/\" target=\"_blank\" rel=\"noopener\">https:\/\/douglas.es\/<\/a><\/p>\n<p><a href=\"https:\/\/www.vsacomunicacion.com\/wp-content\/uploads\/2019\/01\/lona-publicitaria-madrid-colon-1-douglas-noche-vsa-comunicacion.jpg\" rel=\"attachment wp-att-4416\"><img decoding=\"async\" class=\"aligncenter size-full wp-image-4416\" src=\"https:\/\/www.vsacomunicacion.com\/wp-content\/uploads\/2019\/01\/lona-publicitaria-madrid-colon-1-douglas-noche-vsa-comunicacion.jpg\" alt=\"lona-publicitaria-madrid-colon-1-douglas-noche-vsa-comunicacion\" width=\"884\" height=\"626\" srcset=\"https:\/\/www.vsacomunicacion.com\/wp-content\/uploads\/2019\/01\/lona-publicitaria-madrid-colon-1-douglas-noche-vsa-comunicacion.jpg 884w, https:\/\/www.vsacomunicacion.com\/wp-content\/uploads\/2019\/01\/lona-publicitaria-madrid-colon-1-douglas-noche-vsa-comunicacion-300x212.jpg 300w, https:\/\/www.vsacomunicacion.com\/wp-content\/uploads\/2019\/01\/lona-publicitaria-madrid-colon-1-douglas-noche-vsa-comunicacion-768x544.jpg 768w\" sizes=\"(max-width: 884px) 100vw, 884px\" \/><\/a><\/p>\n<p style=\"text-align: justify;\">DOUGLAS, cadena de perfumer\u00edas l\u00edder en Espa\u00f1a, nos presenta esta Navidad\u00a0<strong>KEEP YOUR DREAMS ALIVE #BELIEVEINANGELS,<\/strong> en la que renueva\u00a0su imagen y\u00a0nos presenta\u00a0de \u201c<strong>THE NEW DOUGLAS<\/strong>\u201d, una campa\u00f1a realizada por Peter Lindbergh, el fot\u00f3grafo de las estrellas.\u00a0 Esta vez, han decidido romper con lo establecido y crear una nueva imagen alej\u00e1ndose de los artificios que rodean al sector.<\/p>\n<p style=\"text-align: justify;\">Por eso, la firma a decidido apostar por la famosa <strong><em>Cara Delevingne<\/em><\/strong>, ya sea por su actitud que presenta ante los sectores que trabaja, la manera en que ha roto algunos de los estereotipos que vemos hoy en d\u00eda o su forma de desenvolverse.<\/p>\n<p style=\"text-align: justify;\"><a href=\"https:\/\/www.vsacomunicacion.com\/wp-content\/uploads\/2019\/01\/lona-publicitaria-madrid-colon-1-douglas-dia-vsa-comunicacion.jpg\" rel=\"attachment wp-att-4415\"><img decoding=\"async\" class=\"aligncenter size-full wp-image-4415\" src=\"https:\/\/www.vsacomunicacion.com\/wp-content\/uploads\/2019\/01\/lona-publicitaria-madrid-colon-1-douglas-dia-vsa-comunicacion.jpg\" alt=\"lona-publicitaria-madrid-colon-1-douglas-dia-vsa-comunicacion\" width=\"884\" height=\"626\" srcset=\"https:\/\/www.vsacomunicacion.com\/wp-content\/uploads\/2019\/01\/lona-publicitaria-madrid-colon-1-douglas-dia-vsa-comunicacion.jpg 884w, https:\/\/www.vsacomunicacion.com\/wp-content\/uploads\/2019\/01\/lona-publicitaria-madrid-colon-1-douglas-dia-vsa-comunicacion-300x212.jpg 300w, https:\/\/www.vsacomunicacion.com\/wp-content\/uploads\/2019\/01\/lona-publicitaria-madrid-colon-1-douglas-dia-vsa-comunicacion-768x544.jpg 768w\" sizes=\"(max-width: 884px) 100vw, 884px\" \/><\/a><\/p>\n<p style=\"text-align: justify;\"><em>\u201cQueremos que nuestros clientes sean fieles a si mismos y nuestra campa\u00f1a expresa esta actitud de belleza\u201d<\/em> explica Tina M\u00fcller, CEO de Douglas.<\/p>\n","protected":false},"excerpt":{"rendered":"<p>VSA COMUNICACI\u00d3N os presenta, una vez m\u00e1s, uno de los emplazamientos m\u00e1s exclusivos e impactantes que podemos encontrar actualmente en la ciudad de Madrid: la Plaza\u00a0Col\u00f3n. Tenemos el enorme placer de colaborar, durante este mes de diciembre, con la marca [&hellip;]<\/p>\n","protected":false},"author":3,"featured_media":7691,"comment_status":"open","ping_status":"open","sticky":false,"template":"","format":"standard","meta":{"inline_featured_image":false,"footnotes":""},"categories":[1488,1489],"tags":[1979,1704,1980,1664,1771,1705,1981,1706,1701,1708,1693,1694,1982,1680,1579,1656,1609,1611,1499,1852,1565,1585,1599,1586,1671],"class_list":["post-11849","post","type-post","status-publish","format-standard","has-post-thumbnail","hentry","category-lonas-publicitarias-en","category-madrid-en","tag-believeinangels-en","tag-alto-prestigio-publicitario-en","tag-believe-in-angels-this-christmas-en","tag-campana-publicitaria-en","tag-cara-delevingne-en","tag-centro-ciudad-en","tag-douglas-en","tag-emplazamiento-premium-en","tag-espectacular-en","tag-formato-espectacular-en","tag-gran-formato-en","tag-gran-notoriedad-en","tag-keep-your-dreams-alive-en","tag-lona-espectacular-en","tag-lona-gran-formato-en","tag-lonas-gran-formato-en","tag-lonas-publicitarias-2-en","tag-lonas-publicitarias-madrid-en","tag-madrid-en","tag-plaza-colon-en","tag-publicidad-ciudades-en","tag-publicidad-exterior-en","tag-publicidad-gran-formato-en","tag-publicidad-urbana-en","tag-trafico-rodado-en"],"_links":{"self":[{"href":"https:\/\/www.vsacomunicacion.com\/en\/wp-json\/wp\/v2\/posts\/11849"}],"collection":[{"href":"https:\/\/www.vsacomunicacion.com\/en\/wp-json\/wp\/v2\/posts"}],"about":[{"href":"https:\/\/www.vsacomunicacion.com\/en\/wp-json\/wp\/v2\/types\/post"}],"author":[{"embeddable":true,"href":"https:\/\/www.vsacomunicacion.com\/en\/wp-json\/wp\/v2\/users\/3"}],"replies":[{"embeddable":true,"href":"https:\/\/www.vsacomunicacion.com\/en\/wp-json\/wp\/v2\/comments?post=11849"}],"version-history":[{"count":0,"href":"https:\/\/www.vsacomunicacion.com\/en\/wp-json\/wp\/v2\/posts\/11849\/revisions"}],"wp:featuredmedia":[{"embeddable":true,"href":"https:\/\/www.vsacomunicacion.com\/en\/wp-json\/wp\/v2\/media\/7691"}],"wp:attachment":[{"href":"https:\/\/www.vsacomunicacion.com\/en\/wp-json\/wp\/v2\/media?parent=11849"}],"wp:term":[{"taxonomy":"category","embeddable":true,"href":"https:\/\/www.vsacomunicacion.com\/en\/wp-json\/wp\/v2\/categories?post=11849"},{"taxonomy":"post_tag","embeddable":true,"href":"https:\/\/www.vsacomunicacion.com\/en\/wp-json\/wp\/v2\/tags?post=11849"}],"curies":[{"name":"wp","href":"https:\/\/api.w.org\/{rel}","templated":true}]}}