{"id":11854,"date":"2018-12-15T03:13:46","date_gmt":"2018-12-15T03:13:46","guid":{"rendered":"https:\/\/www.vsacomunicacion.com\/lona-publicitaria-de-ray-ban-en-barcelona-2\/"},"modified":"2018-12-15T03:13:46","modified_gmt":"2018-12-15T03:13:46","slug":"lona-publicitaria-de-ray-ban-en-barcelona-2","status":"publish","type":"post","link":"https:\/\/www.vsacomunicacion.com\/en\/lona-publicitaria-de-ray-ban-en-barcelona-2\/","title":{"rendered":"Lona Publicitaria de RAY-BAN en Barcelona"},"content":{"rendered":"<p style=\"text-align: justify;\"><strong>VSA COMUNICACI\u00d3N<\/strong> se despide de este fabuloso emplazamiento de alt\u00edsimo prestigio ubicado en el centro de la ciudad de <strong>Barcelona<\/strong>, concretamente en la Gran V\u00eda junto el\u00a0Paseo de Gracia. Esta <strong>lona publicitaria<\/strong> se encuentra en la zona comercial por excelencia de la ciudad, rodeada de m\u00faltiples\u00a0 y prestigiosas tiendas, implicando\u00a0que este emplazamiento de <strong>VSA COMUNICACI\u00d3N<\/strong> haya sido uno de los m\u00e1s solicitados por nuestros clientes. Y ahora, sin m\u00e1s dilaciones, os presentamos al anunciante expuesto durante este mes de diciembre: <strong>RAY-BAN.<\/strong><\/p>\n<p style=\"text-align: justify;\"><a href=\"https:\/\/www.vsacomunicacion.com\/wp-content\/uploads\/2019\/01\/lona-publicitaria-barcelona-gran-via-corts-catalanes-605-ray-ban-2-dia-vsa-comunicacion.jpg\" rel=\"attachment wp-att-4428\"><img fetchpriority=\"high\" decoding=\"async\" class=\"aligncenter size-full wp-image-4428\" src=\"https:\/\/www.vsacomunicacion.com\/wp-content\/uploads\/2019\/01\/lona-publicitaria-barcelona-gran-via-corts-catalanes-605-ray-ban-2-dia-vsa-comunicacion.jpg\" alt=\"lona-publicitaria-barcelona-gran-via-corts-catalanes-605-ray-ban-2-dia-vsa-comunicacion\" width=\"884\" height=\"626\" srcset=\"https:\/\/www.vsacomunicacion.com\/wp-content\/uploads\/2019\/01\/lona-publicitaria-barcelona-gran-via-corts-catalanes-605-ray-ban-2-dia-vsa-comunicacion.jpg 884w, https:\/\/www.vsacomunicacion.com\/wp-content\/uploads\/2019\/01\/lona-publicitaria-barcelona-gran-via-corts-catalanes-605-ray-ban-2-dia-vsa-comunicacion-300x212.jpg 300w, https:\/\/www.vsacomunicacion.com\/wp-content\/uploads\/2019\/01\/lona-publicitaria-barcelona-gran-via-corts-catalanes-605-ray-ban-2-dia-vsa-comunicacion-768x544.jpg 768w\" sizes=\"(max-width: 884px) 100vw, 884px\" \/><\/a><\/p>\n<p style=\"text-align: justify;\">Para\u00a0la presentaci\u00f3n del modelo de gafas de sol <strong>ORIGINAL WAYFARER CLASSIC<\/strong>, La\u00a0marca americana <strong>RAY-BAN<\/strong>, de amplio reconocimiento internacional, ha apostado, una vez m\u00e1s, en VSA COMUNICACION y este emplazamiento Premium, confiando en los beneficios que aporta la <strong>publicidad exterior<\/strong> y, sobre todo, en los servicios que ofrecemos a nuestros clientes. RAY-BAN es una firma que piensa en grande y descubre c\u00f3mo hacemos realidad sus proyectos.<\/p>\n<p style=\"text-align: justify;\"><a href=\"https:\/\/www.vsacomunicacion.com\/wp-content\/uploads\/2019\/01\/lona-publicitaria-barcelona-gran-via-corts-catalanes-605-ray-ban-2-noche-vsa-comunicacion.jpg\" rel=\"attachment wp-att-4429\"><img decoding=\"async\" class=\"aligncenter size-full wp-image-4429\" src=\"https:\/\/www.vsacomunicacion.com\/wp-content\/uploads\/2019\/01\/lona-publicitaria-barcelona-gran-via-corts-catalanes-605-ray-ban-2-noche-vsa-comunicacion.jpg\" alt=\"lona-publicitaria-barcelona-gran-via-corts-catalanes-605-ray-ban-2-noche-vsa-comunicacion\" width=\"884\" height=\"626\" srcset=\"https:\/\/www.vsacomunicacion.com\/wp-content\/uploads\/2019\/01\/lona-publicitaria-barcelona-gran-via-corts-catalanes-605-ray-ban-2-noche-vsa-comunicacion.jpg 884w, https:\/\/www.vsacomunicacion.com\/wp-content\/uploads\/2019\/01\/lona-publicitaria-barcelona-gran-via-corts-catalanes-605-ray-ban-2-noche-vsa-comunicacion-300x212.jpg 300w, https:\/\/www.vsacomunicacion.com\/wp-content\/uploads\/2019\/01\/lona-publicitaria-barcelona-gran-via-corts-catalanes-605-ray-ban-2-noche-vsa-comunicacion-768x544.jpg 768w\" sizes=\"(max-width: 884px) 100vw, 884px\" \/><\/a><\/p>\n<p style=\"text-align: justify;\">Estas navidades <strong>RAY-BAN<\/strong> presenta las <strong>gafas de sol ORIGINAL WAYFARER CLASSIC<\/strong>.\u00a0Es el modelo m\u00e1s reconocible en la historia de las gafas de sol. Desde su dise\u00f1o inicial de 1952, las Wayfarer Classic fueron populariz\u00e1ndose entre celebridades, m\u00fasicos, artistas y personas con un sentido de la moda impecable.<\/p>\n<p style=\"text-align: justify;\">Este mes de diciembre ha decidido arriesgar con su creatividad consiguiendo despertar la atenci\u00f3n del p\u00fablico. Han apostado por una creatividad divertida y diferente, consiguiendo crear un estilo emblem\u00e1tico de gafas de sol.<\/p>\n<p style=\"text-align: justify;\">El <strong>modelo Wayfarer Classic <\/strong>siempre constituye una aut\u00e9ntica declaraci\u00f3n de intenciones.<\/p>\n","protected":false},"excerpt":{"rendered":"<p>VSA COMUNICACI\u00d3N se despide de este fabuloso emplazamiento de alt\u00edsimo prestigio ubicado en el centro de la ciudad de Barcelona, concretamente en la Gran V\u00eda junto el\u00a0Paseo de Gracia. Esta lona publicitaria se encuentra en la zona comercial por excelencia [&hellip;]<\/p>\n","protected":false},"author":3,"featured_media":7692,"comment_status":"open","ping_status":"open","sticky":false,"template":"","format":"standard","meta":{"inline_featured_image":false,"footnotes":""},"categories":[1506,1488],"tags":[1704,1516,1664,1985,1705,1706,1701,1708,1693,1694,1669,1579,1609,1581,1986,1666,1565,1585,1599,1586,1987,1671],"class_list":["post-11854","post","type-post","status-publish","format-standard","has-post-thumbnail","hentry","category-barcelona-en","category-lonas-publicitarias-en","tag-alto-prestigio-publicitario-en","tag-barcelona-en","tag-campana-publicitaria-en","tag-campana-publicitaria-ray-ban-en","tag-centro-ciudad-en","tag-emplazamiento-premium-en","tag-espectacular-en","tag-formato-espectacular-en","tag-gran-formato-en","tag-gran-notoriedad-en","tag-gran-via-de-les-corts-catalanes-en","tag-lona-gran-formato-en","tag-lonas-publicitarias-2-en","tag-lonas-publicitarias-barcelona-en","tag-original-wayfarer-classic-en","tag-paseo-de-gracia-en","tag-publicidad-ciudades-en","tag-publicidad-exterior-en","tag-publicidad-gran-formato-en","tag-publicidad-urbana-en","tag-ray-ban-en","tag-trafico-rodado-en"],"_links":{"self":[{"href":"https:\/\/www.vsacomunicacion.com\/en\/wp-json\/wp\/v2\/posts\/11854"}],"collection":[{"href":"https:\/\/www.vsacomunicacion.com\/en\/wp-json\/wp\/v2\/posts"}],"about":[{"href":"https:\/\/www.vsacomunicacion.com\/en\/wp-json\/wp\/v2\/types\/post"}],"author":[{"embeddable":true,"href":"https:\/\/www.vsacomunicacion.com\/en\/wp-json\/wp\/v2\/users\/3"}],"replies":[{"embeddable":true,"href":"https:\/\/www.vsacomunicacion.com\/en\/wp-json\/wp\/v2\/comments?post=11854"}],"version-history":[{"count":0,"href":"https:\/\/www.vsacomunicacion.com\/en\/wp-json\/wp\/v2\/posts\/11854\/revisions"}],"wp:featuredmedia":[{"embeddable":true,"href":"https:\/\/www.vsacomunicacion.com\/en\/wp-json\/wp\/v2\/media\/7692"}],"wp:attachment":[{"href":"https:\/\/www.vsacomunicacion.com\/en\/wp-json\/wp\/v2\/media?parent=11854"}],"wp:term":[{"taxonomy":"category","embeddable":true,"href":"https:\/\/www.vsacomunicacion.com\/en\/wp-json\/wp\/v2\/categories?post=11854"},{"taxonomy":"post_tag","embeddable":true,"href":"https:\/\/www.vsacomunicacion.com\/en\/wp-json\/wp\/v2\/tags?post=11854"}],"curies":[{"name":"wp","href":"https:\/\/api.w.org\/{rel}","templated":true}]}}