{"id":11867,"date":"2018-12-01T14:42:55","date_gmt":"2018-12-01T14:42:55","guid":{"rendered":"https:\/\/www.vsacomunicacion.com\/lona-publicitaria-de-la-aldea-de-navidad-de-andorra-la-vella\/"},"modified":"2018-12-01T14:42:55","modified_gmt":"2018-12-01T14:42:55","slug":"lona-publicitaria-de-la-aldea-de-navidad-de-andorra-la-vella","status":"publish","type":"post","link":"https:\/\/www.vsacomunicacion.com\/en\/lona-publicitaria-de-la-aldea-de-navidad-de-andorra-la-vella\/","title":{"rendered":"Lona Publicitaria de la Aldea de Navidad de Andorra la Vella"},"content":{"rendered":"<p style=\"text-align: justify;\">Fant\u00e1stica lona publicitaria de <strong>Andorra la Vella<\/strong> en el c\u00e9ntrico emplazamiento de <strong>VSA COMUNICACION<\/strong>\u00a0situado en la Puerta del Angel, zona comercial por excelencia junto a la Plaza Catalu\u00f1a de <strong>Barcelona<\/strong>,\u00a0para la presentaci\u00f3n de la tercera edici\u00f3n de la <strong>Aldea de Navidad<em> (El Poblet de Nadal)<\/em><\/strong>, en la que podremos ver la transformaci\u00f3n de Andorra la Vella en la capital de las ilusiones.<\/p>\n<p style=\"text-align: justify;\"><a href=\"https:\/\/www.vsacomunicacion.com\/wp-content\/uploads\/2019\/01\/lona-publicitaria-barcelona-puerta-del-angel-2-poblet-de-nadal-noche-2-vsa-comunicacion.jpg\" rel=\"attachment wp-att-4404\"><img fetchpriority=\"high\" decoding=\"async\" class=\"aligncenter size-full wp-image-4404\" src=\"https:\/\/www.vsacomunicacion.com\/wp-content\/uploads\/2019\/01\/lona-publicitaria-barcelona-puerta-del-angel-2-poblet-de-nadal-noche-2-vsa-comunicacion.jpg\" alt=\"lona-publicitaria-barcelona-puerta-del-angel-2-poblet-de-nadal-noche-2-vsa-comunicacion\" width=\"884\" height=\"626\" srcset=\"https:\/\/www.vsacomunicacion.com\/wp-content\/uploads\/2019\/01\/lona-publicitaria-barcelona-puerta-del-angel-2-poblet-de-nadal-noche-2-vsa-comunicacion.jpg 884w, https:\/\/www.vsacomunicacion.com\/wp-content\/uploads\/2019\/01\/lona-publicitaria-barcelona-puerta-del-angel-2-poblet-de-nadal-noche-2-vsa-comunicacion-300x212.jpg 300w, https:\/\/www.vsacomunicacion.com\/wp-content\/uploads\/2019\/01\/lona-publicitaria-barcelona-puerta-del-angel-2-poblet-de-nadal-noche-2-vsa-comunicacion-768x544.jpg 768w\" sizes=\"(max-width: 884px) 100vw, 884px\" \/><\/a><\/p>\n<div id=\"resum\" class=\"texto-ficha info-detall\">\n<div class=\"ezxmltext-field\">\n<p style=\"text-align: justify;\">A partir de hoy,\u00a01 de diciembre,\u00a0<strong>Andorra la Vella<\/strong> nos abre\u00a0las puertas de una experiencia navide\u00f1a excepcional, con leyendas y sue\u00f1os hechos realidad que se estructuran alrededor de un programa de actividades y acciones callejeras que\u00a0nos acompa\u00f1ar\u00e1n durante\u00a0nuestra estancia en la capital del Principado.<\/p>\n<p style=\"text-align: justify;\">Nos\u00a0proponen realizar un recorrido de ensue\u00f1o a trav\u00e9s de Andorra la Vella para que podamos disfrutar de la Navidad. Toda la Avenida Meritxell acoger\u00e1 una veintena de actividades, con juegos, representaciones y espect\u00e1culos para que\u00a0nuestra Navidad en Andorra se convierta en una experiencia fant\u00e1stica e inolvidable.<\/p>\n<p style=\"text-align: justify;\">Podremos disfrutar del t\u00fanel m\u00e1gico de luz y sonido instalado en la plaza de la Rotonda,\u00a0del\u00a0espectacular y sorprendente laberinto de luz de la plaza de Guillem\u00f3, que\u00a0nos permitir\u00e1 realizar un viaje lleno de una belleza extraordinaria y unos colores llamativos que hasta ahora solo era posible en nuestra imaginaci\u00f3n.\u00a0 Y, en la plaza del Poble (<em>del Pueblo<\/em>), los m\u00e1s peque\u00f1os podr\u00e1n participar en varios talleres mientras los adultos disfrutan de m\u00fasica chill out en directo.<\/p>\n<p style=\"text-align: justify;\"><a href=\"https:\/\/www.vsacomunicacion.com\/wp-content\/uploads\/2019\/01\/lona-publicitaria-barcelona-puerta-del-angel-2-poblet-de-nadal-dia-vsa-comunicacion.jpg\" rel=\"attachment wp-att-4405\"><img decoding=\"async\" class=\"aligncenter size-full wp-image-4405\" src=\"https:\/\/www.vsacomunicacion.com\/wp-content\/uploads\/2019\/01\/lona-publicitaria-barcelona-puerta-del-angel-2-poblet-de-nadal-dia-vsa-comunicacion.jpg\" alt=\"lona-publicitaria-barcelona-puerta-del-angel-2-poblet-de-nadal-dia-vsa-comunicacion\" width=\"884\" height=\"626\" srcset=\"https:\/\/www.vsacomunicacion.com\/wp-content\/uploads\/2019\/01\/lona-publicitaria-barcelona-puerta-del-angel-2-poblet-de-nadal-dia-vsa-comunicacion.jpg 884w, https:\/\/www.vsacomunicacion.com\/wp-content\/uploads\/2019\/01\/lona-publicitaria-barcelona-puerta-del-angel-2-poblet-de-nadal-dia-vsa-comunicacion-300x212.jpg 300w, https:\/\/www.vsacomunicacion.com\/wp-content\/uploads\/2019\/01\/lona-publicitaria-barcelona-puerta-del-angel-2-poblet-de-nadal-dia-vsa-comunicacion-768x544.jpg 768w\" sizes=\"(max-width: 884px) 100vw, 884px\" \/><\/a><\/p>\n<p style=\"text-align: justify;\">De todo para toda la familia: espect\u00e1culos callejeros, juegos de gran formato, actividades para los ni\u00f1os, espacios para la creatividad y el ocio de grandes y peque\u00f1os, m\u00fasica&#8230; Una gran acogida que\u00a0nos har\u00e1 so\u00f1ar desde las plazas situadas en el coraz\u00f3n del centro hist\u00f3rico de <strong>Andorra la Vella<\/strong>, atravesando la avenida Meritxell, que es la gran arteria comercial de la Parroquia, hasta llegar a la plaza de la Rotonda.<\/p>\n<p style=\"text-align: justify;\">Debemos visitar la Oficina M\u00e1gica de Correos para que los m\u00e1s peque\u00f1os hagan entrega de las cartas a los \u00abmenairons\u00bb, que las har\u00e1n llegar directamente a Papa Noel y los Reyes Magos.<\/p>\n<p style=\"text-align: justify;\">Todo ello se combinar\u00e1 con una oferta comercial espec\u00edfica en el entra\u00f1able Mercado de Navidad, en la plaza del &#8220;Poble&#8221;, donde podremos ver y sentir la plenitud de las fiestas rodeados de paradas tradicionales y de una oferta selecta de productos artesanales de gran calidad.<\/p>\n<p style=\"text-align: justify;\">No debemos esforzarnos en querer distinguir la realidad de la ficci\u00f3n:<em>\u00a0Vivamos la Navidad m\u00e1s aut\u00e9ntica de la mano de<strong> la Aldea de Navidad<\/strong> en Andorra la Vella, la capital de las ilusiones.<\/em><\/p>\n<\/div>\n<\/div>\n","protected":false},"excerpt":{"rendered":"<p>Fant\u00e1stica lona publicitaria de Andorra la Vella en el c\u00e9ntrico emplazamiento de VSA COMUNICACION\u00a0situado en la Puerta del Angel, zona comercial por excelencia junto a la Plaza Catalu\u00f1a de Barcelona,\u00a0para la presentaci\u00f3n de la tercera edici\u00f3n de la Aldea de [&hellip;]<\/p>\n","protected":false},"author":3,"featured_media":7685,"comment_status":"open","ping_status":"open","sticky":false,"template":"","format":"standard","meta":{"inline_featured_image":false,"footnotes":""},"categories":[1506,1488],"tags":[1991,1704,1763,1764,1516,1664,1705,1765,1706,1708,1693,1694,1680,1609,1581,1565,1585,1599,1586,1671],"class_list":["post-11867","post","type-post","status-publish","format-standard","has-post-thumbnail","hentry","category-barcelona-en","category-lonas-publicitarias-en","tag-aldea-de-navidad-en","tag-alto-prestigio-publicitario-en","tag-andorra-en","tag-andorra-la-vella-en","tag-barcelona-en","tag-campana-publicitaria-en","tag-centro-ciudad-en","tag-el-poblet-de-nadal-en","tag-emplazamiento-premium-en","tag-formato-espectacular-en","tag-gran-formato-en","tag-gran-notoriedad-en","tag-lona-espectacular-en","tag-lonas-publicitarias-2-en","tag-lonas-publicitarias-barcelona-en","tag-publicidad-ciudades-en","tag-publicidad-exterior-en","tag-publicidad-gran-formato-en","tag-publicidad-urbana-en","tag-trafico-rodado-en"],"_links":{"self":[{"href":"https:\/\/www.vsacomunicacion.com\/en\/wp-json\/wp\/v2\/posts\/11867"}],"collection":[{"href":"https:\/\/www.vsacomunicacion.com\/en\/wp-json\/wp\/v2\/posts"}],"about":[{"href":"https:\/\/www.vsacomunicacion.com\/en\/wp-json\/wp\/v2\/types\/post"}],"author":[{"embeddable":true,"href":"https:\/\/www.vsacomunicacion.com\/en\/wp-json\/wp\/v2\/users\/3"}],"replies":[{"embeddable":true,"href":"https:\/\/www.vsacomunicacion.com\/en\/wp-json\/wp\/v2\/comments?post=11867"}],"version-history":[{"count":0,"href":"https:\/\/www.vsacomunicacion.com\/en\/wp-json\/wp\/v2\/posts\/11867\/revisions"}],"wp:featuredmedia":[{"embeddable":true,"href":"https:\/\/www.vsacomunicacion.com\/en\/wp-json\/wp\/v2\/media\/7685"}],"wp:attachment":[{"href":"https:\/\/www.vsacomunicacion.com\/en\/wp-json\/wp\/v2\/media?parent=11867"}],"wp:term":[{"taxonomy":"category","embeddable":true,"href":"https:\/\/www.vsacomunicacion.com\/en\/wp-json\/wp\/v2\/categories?post=11867"},{"taxonomy":"post_tag","embeddable":true,"href":"https:\/\/www.vsacomunicacion.com\/en\/wp-json\/wp\/v2\/tags?post=11867"}],"curies":[{"name":"wp","href":"https:\/\/api.w.org\/{rel}","templated":true}]}}