{"id":11876,"date":"2018-11-23T06:07:40","date_gmt":"2018-11-23T06:07:40","guid":{"rendered":"https:\/\/www.vsacomunicacion.com\/lona-publicitaria-del-nuevo-peugeot-508-en-barcelona\/"},"modified":"2018-11-23T06:07:40","modified_gmt":"2018-11-23T06:07:40","slug":"lona-publicitaria-del-nuevo-peugeot-508-en-barcelona","status":"publish","type":"post","link":"https:\/\/www.vsacomunicacion.com\/en\/lona-publicitaria-del-nuevo-peugeot-508-en-barcelona\/","title":{"rendered":"Lona Publicitaria del nuevo PEUGEOT 508 en Barcelona"},"content":{"rendered":"<p style=\"text-align: justify;\">Espectacular <strong>lona publicitaria<\/strong> de <strong>PEUGEOT<\/strong> en el emplazamiento de <strong>VSA COMUNICACION<\/strong> junto al Paseo de Gracia de <strong>Barcelona<\/strong> en su campa\u00f1a de publicidad exterior para el lanzamiento de la\u00a0nueva berlina<strong> PEUGEOT 508<\/strong> de gama superior\u00a0con la que renovar\u00e1s el placer de conducir e intensificar\u00e1s tu libertad de movimiento, como ya os avanzamos hace unos d\u00edas con otra<a href=\"https:\/\/www.vsacomunicacion.com\/lona-publicitaria-del-nuevo-peugeot-508-en-la-diagonal\/\"> impresionante lona<\/a>.<\/p>\n<p><a href=\"https:\/\/www.vsacomunicacion.com\/wp-content\/uploads\/2018\/11\/lona-publicitaria-barcelona-gran-via-corts-catalanes-605-peugeot-noche-vsa-comunicacion.jpg\" rel=\"attachment wp-att-4374\"><img fetchpriority=\"high\" decoding=\"async\" class=\"aligncenter size-full wp-image-4374\" src=\"https:\/\/www.vsacomunicacion.com\/wp-content\/uploads\/2018\/11\/lona-publicitaria-barcelona-gran-via-corts-catalanes-605-peugeot-noche-vsa-comunicacion.jpg\" alt=\"lona-publicitaria-barcelona-gran-via-corts-catalanes-605-peugeot-noche-vsa-comunicacion\" width=\"884\" height=\"626\" srcset=\"https:\/\/www.vsacomunicacion.com\/wp-content\/uploads\/2018\/11\/lona-publicitaria-barcelona-gran-via-corts-catalanes-605-peugeot-noche-vsa-comunicacion.jpg 884w, https:\/\/www.vsacomunicacion.com\/wp-content\/uploads\/2018\/11\/lona-publicitaria-barcelona-gran-via-corts-catalanes-605-peugeot-noche-vsa-comunicacion-300x212.jpg 300w, https:\/\/www.vsacomunicacion.com\/wp-content\/uploads\/2018\/11\/lona-publicitaria-barcelona-gran-via-corts-catalanes-605-peugeot-noche-vsa-comunicacion-768x544.jpg 768w\" sizes=\"(max-width: 884px) 100vw, 884px\" \/><\/a><\/p>\n<p style=\"text-align: justify;\">Gracias a una c\u00e1mara de infrarrojos situada en la parte delantera del veh\u00edculo, la tecnolog\u00eda Night Vision\u00a0permite detectar mejor, de noche, la presencia de peatones o animales en nuestro camino. Adem\u00e1s, la nueva berlina <strong>PEUGEOT 508<\/strong>, con lo \u00faltimo en seguridad y ayudas a la conducci\u00f3n, lleva tu experiencia m\u00e1s all\u00e1 de la alta tecnolog\u00eda, experimenta la realidad aumentada.<\/p>\n<p style=\"text-align: justify;\">Su conducci\u00f3n precisa, su comodidad de la direcci\u00f3n y\u00a0su estabilidad\u00a0son \u00fanicos\u00a0sobre la carretera, vi\u00e9ndose reforzado por\u00a0su suspensi\u00f3n ajustable.\u00a0La nueva berlina PEUGEOT 508 de gama superior renueva el placer de conducir e intensifica tu libertad de movimiento.<\/p>\n<p><a href=\"https:\/\/www.vsacomunicacion.com\/wp-content\/uploads\/2018\/11\/lona-publicitaria-barcelona-gran-via-corts-catalanes-605-peugeot-dia-vsa-comunicacion.jpg\" rel=\"attachment wp-att-4375\"><img decoding=\"async\" class=\"aligncenter size-full wp-image-4375\" src=\"https:\/\/www.vsacomunicacion.com\/wp-content\/uploads\/2018\/11\/lona-publicitaria-barcelona-gran-via-corts-catalanes-605-peugeot-dia-vsa-comunicacion.jpg\" alt=\"lona-publicitaria-barcelona-gran-via-corts-catalanes-605-peugeot-dia-vsa-comunicacion\" width=\"884\" height=\"626\" srcset=\"https:\/\/www.vsacomunicacion.com\/wp-content\/uploads\/2018\/11\/lona-publicitaria-barcelona-gran-via-corts-catalanes-605-peugeot-dia-vsa-comunicacion.jpg 884w, https:\/\/www.vsacomunicacion.com\/wp-content\/uploads\/2018\/11\/lona-publicitaria-barcelona-gran-via-corts-catalanes-605-peugeot-dia-vsa-comunicacion-300x212.jpg 300w, https:\/\/www.vsacomunicacion.com\/wp-content\/uploads\/2018\/11\/lona-publicitaria-barcelona-gran-via-corts-catalanes-605-peugeot-dia-vsa-comunicacion-768x544.jpg 768w\" sizes=\"(max-width: 884px) 100vw, 884px\" \/><\/a><\/p>\n<p style=\"text-align: justify;\">Para tu nuevo <strong>PEUGEOT 508<\/strong> podr\u00e1s elegir entre los acabados Allure, GT Line y GT.<\/p>\n<p style=\"text-align: justify;\">Adem\u00e1s, existen servicios asociados y ofertas reservadas a aut\u00f3nomos, profesionales liberales, empresarios, gestores de flota o usuarios de veh\u00edculos de empresa.<\/p>\n<p style=\"text-align: justify;\"><em>Descubrid el nuevo PEUGEOT 508!!<\/em><\/p>\n","protected":false},"excerpt":{"rendered":"<p>Espectacular lona publicitaria de PEUGEOT en el emplazamiento de VSA COMUNICACION junto al Paseo de Gracia de Barcelona en su campa\u00f1a de publicidad exterior para el lanzamiento de la\u00a0nueva berlina PEUGEOT 508 de gama superior\u00a0con la que renovar\u00e1s el placer [&hellip;]<\/p>\n","protected":false},"author":3,"featured_media":7677,"comment_status":"open","ping_status":"open","sticky":false,"template":"","format":"standard","meta":{"inline_featured_image":false,"footnotes":""},"categories":[1506,1488],"tags":[1704,1516,1664,1996,1705,1706,1701,1708,1693,1694,1609,1581,1734,1997,1565,1585,1599,1586,1671],"class_list":["post-11876","post","type-post","status-publish","format-standard","has-post-thumbnail","hentry","category-barcelona-en","category-lonas-publicitarias-en","tag-alto-prestigio-publicitario-en","tag-barcelona-en","tag-campana-publicitaria-en","tag-campana-publicitaria-peugeot-508-en","tag-centro-ciudad-en","tag-emplazamiento-premium-en","tag-espectacular-en","tag-formato-espectacular-en","tag-gran-formato-en","tag-gran-notoriedad-en","tag-lonas-publicitarias-2-en","tag-lonas-publicitarias-barcelona-en","tag-peugeot-en","tag-peugeot-508-en","tag-publicidad-ciudades-en","tag-publicidad-exterior-en","tag-publicidad-gran-formato-en","tag-publicidad-urbana-en","tag-trafico-rodado-en"],"_links":{"self":[{"href":"https:\/\/www.vsacomunicacion.com\/en\/wp-json\/wp\/v2\/posts\/11876"}],"collection":[{"href":"https:\/\/www.vsacomunicacion.com\/en\/wp-json\/wp\/v2\/posts"}],"about":[{"href":"https:\/\/www.vsacomunicacion.com\/en\/wp-json\/wp\/v2\/types\/post"}],"author":[{"embeddable":true,"href":"https:\/\/www.vsacomunicacion.com\/en\/wp-json\/wp\/v2\/users\/3"}],"replies":[{"embeddable":true,"href":"https:\/\/www.vsacomunicacion.com\/en\/wp-json\/wp\/v2\/comments?post=11876"}],"version-history":[{"count":0,"href":"https:\/\/www.vsacomunicacion.com\/en\/wp-json\/wp\/v2\/posts\/11876\/revisions"}],"wp:featuredmedia":[{"embeddable":true,"href":"https:\/\/www.vsacomunicacion.com\/en\/wp-json\/wp\/v2\/media\/7677"}],"wp:attachment":[{"href":"https:\/\/www.vsacomunicacion.com\/en\/wp-json\/wp\/v2\/media?parent=11876"}],"wp:term":[{"taxonomy":"category","embeddable":true,"href":"https:\/\/www.vsacomunicacion.com\/en\/wp-json\/wp\/v2\/categories?post=11876"},{"taxonomy":"post_tag","embeddable":true,"href":"https:\/\/www.vsacomunicacion.com\/en\/wp-json\/wp\/v2\/tags?post=11876"}],"curies":[{"name":"wp","href":"https:\/\/api.w.org\/{rel}","templated":true}]}}